{"id":2960,"date":"2022-02-27T11:37:00","date_gmt":"2022-02-27T10:37:00","guid":{"rendered":"http:\/\/biblioteka-milicz.pl\/?p=2960"},"modified":"2022-03-20T11:40:25","modified_gmt":"2022-03-20T10:40:25","slug":"gmina-milicz-solidarna-z-ukraina","status":"publish","type":"post","link":"https:\/\/biblioteka-milicz.pl\/index.php\/2022\/02\/27\/gmina-milicz-solidarna-z-ukraina\/","title":{"rendered":"Gmina Milicz solidarna z Ukrain\u0105"},"content":{"rendered":"\n<p>W zwi\u0105zku z dramatyczn\u0105 sytuacj\u0105 na Ukrainie, Gmina Milicz w powiecie milickim wraz z POWIAT MILICKI wprowadza szereg dzia\u0142a\u0144 zwi\u0105zanych z organizacj\u0105 pomocy dla Ukrainy<br><\/p>\n\n\n\n<ul class=\"wp-block-list\"><li>Zbi\u00f3rki \u017cywno\u015bci : w naszych gminnych plac\u00f3wkach o\u015bwiatowych ju\u017c od dzi\u015b ruszy\u0142y zbi\u00f3rki \u017cywno\u015bci. G\u0142\u00f3wnym koordynatorem zbi\u00f3rek w szko\u0142ach na terenie gminy jest Szko\u0142a Podstawowa nr 1 im. Miko\u0142aja Kopernika w Miliczu<\/li><li>Od najbli\u017cszego poniedzia\u0142ku uruchamiamy tak\u017ce punkt Informacyjny &#8211; Punkt zbi\u00f3rki \u017cywno\u015bci w Chatka Puchatka \u015awietlica \u015arodowiskowa O\u015brodek Pomocy Spo\u0142ecznej w Miliczu w g.8.00-18.00.<\/li><li><\/li><li>Do punktu mo\u017cna przynosi\u0107 \u017cywno\u015b\u0107 d\u0142ugoterminow\u0105, kaw\u0119, herbat\u0119, s\u0142odycze, makarony, ry\u017ce itp. oraz \u015brodki czysto\u015bci, materia\u0142y opatrunkowe.<br>&#x2757;&#xfe0f;W punkcie mo\u017cna r\u00f3wnie\u017c przekaza\u0107 informacje o mo\u017cliwo\u015bci wsparcia lub potrzebie przyj\u0119cia pomocy. Takie informacje zbierane b\u0119d\u0105 r\u00f3wnie\u017c podczas dy\u017curu telefonicznego w g.8.00-21.00 pod numerem &#x1f4de;530 598 207<br>&#x2757;&#xfe0f;UWAGA! W ZWI\u0104ZKU Z URUCHOMIENIEM INFORMACYJNEGO DY\u017bURU TELEFONICZNEGO PROSIMY O ZG\u0141ASZANIE SI\u0118 WOLONTARIUSZY POSLUGUJ\u0104CYCH SI\u0118 J\u0118ZYKIEM UKRAI\u0143SKIM I POLSKIM DO POMOCY PRZY EWENTUALNYM T\u0141UMACZENIU ROZM\u00d3WC\u00d3W&#x2757;&#xfe0f;<br>&#x27a1;&#xfe0f;Zbi\u00f3rki \u017cywno\u015bci w milickich sklepach i marketach rusz\u0105 od najbli\u017cszego wtorku ( 01.03). O szczeg\u00f3\u0142ach b\u0119dziemy informowa\u0107 w poniedzia\u0142ek (28.02).<br>&#x27a1;&#xfe0f;Od poniedzia\u0142ku uruchamiamy Punkty Pomocy Psychologicznej:<br>&#x1f4cd;Powiatowe Centrum Pomocy Rodzinie w Miliczu \u2013 O\u015brodek Interwencji Kryzysowej:<br>pomoc psychologiczna, terapeutyczna, prawna oraz wsparcie dla os\u00f3b potrzebuj\u0105cych pomocy w zwi\u0105zku konfliktem zbrojnym na Ukrainie<br>&#x1f4de;713841384 lub 573268339.<br>&#x1f4cd;Pracownia Psychologiczna JAKA Adriana Y\u00fcksel &#x1f4de;607 760 208<\/li><\/ul>\n","protected":false},"excerpt":{"rendered":"<p>W zwi\u0105zku z dramatyczn\u0105 sytuacj\u0105 na Ukrainie, Gmina Milicz w powiecie milickim wraz z POWIAT MILICKI wprowadza szereg dzia\u0142a\u0144 zwi\u0105zanych z organizacj\u0105 pomocy dla Ukrainy Zbi\u00f3rki \u017cywno\u015bci : w naszych gminnych plac\u00f3wkach o\u015bwiatowych ju\u017c&#46;&#46;&#46;<\/p>\n","protected":false},"author":1,"featured_media":2961,"comment_status":"closed","ping_status":"open","sticky":false,"template":"","format":"standard","meta":{"_uag_custom_page_level_css":"","footnotes":""},"categories":[3],"tags":[],"class_list":["post-2960","post","type-post","status-publish","format-standard","has-post-thumbnail","hentry","category-aktualnosci"],"uagb_featured_image_src":{"full":["https:\/\/biblioteka-milicz.pl\/wp-content\/uploads\/2022\/03\/274290193_264094199231035_8068779662172426990_n.jpg",2048,1448,false],"thumbnail":["https:\/\/biblioteka-milicz.pl\/wp-content\/uploads\/2022\/03\/274290193_264094199231035_8068779662172426990_n-150x150.jpg",150,150,true],"medium":["https:\/\/biblioteka-milicz.pl\/wp-content\/uploads\/2022\/03\/274290193_264094199231035_8068779662172426990_n-300x212.jpg",300,212,true],"medium_large":["https:\/\/biblioteka-milicz.pl\/wp-content\/uploads\/2022\/03\/274290193_264094199231035_8068779662172426990_n-768x543.jpg",768,543,true],"large":["https:\/\/biblioteka-milicz.pl\/wp-content\/uploads\/2022\/03\/274290193_264094199231035_8068779662172426990_n-1024x724.jpg",1024,724,true],"1536x1536":["https:\/\/biblioteka-milicz.pl\/wp-content\/uploads\/2022\/03\/274290193_264094199231035_8068779662172426990_n-1536x1086.jpg",1536,1086,true],"2048x2048":["https:\/\/biblioteka-milicz.pl\/wp-content\/uploads\/2022\/03\/274290193_264094199231035_8068779662172426990_n.jpg",2048,1448,false],"thumb-small":["https:\/\/biblioteka-milicz.pl\/wp-content\/uploads\/2022\/03\/274290193_264094199231035_8068779662172426990_n-80x80.jpg",80,80,true],"thumb-standard":["https:\/\/biblioteka-milicz.pl\/wp-content\/uploads\/2022\/03\/274290193_264094199231035_8068779662172426990_n-320x320.jpg",320,320,true],"thumb-medium":["https:\/\/biblioteka-milicz.pl\/wp-content\/uploads\/2022\/03\/274290193_264094199231035_8068779662172426990_n-520x245.jpg",520,245,true],"thumb-large":["https:\/\/biblioteka-milicz.pl\/wp-content\/uploads\/2022\/03\/274290193_264094199231035_8068779662172426990_n-720x340.jpg",720,340,true],"thumb-xlarge":["https:\/\/biblioteka-milicz.pl\/wp-content\/uploads\/2022\/03\/274290193_264094199231035_8068779662172426990_n-980x450.jpg",980,450,true],"thumb-xxlarge":["https:\/\/biblioteka-milicz.pl\/wp-content\/uploads\/2022\/03\/274290193_264094199231035_8068779662172426990_n-1320x500.jpg",1320,500,true]},"uagb_author_info":{"display_name":"admin","author_link":"https:\/\/biblioteka-milicz.pl\/index.php\/author\/admin\/"},"uagb_comment_info":0,"uagb_excerpt":"W zwi\u0105zku z dramatyczn\u0105 sytuacj\u0105 na Ukrainie, Gmina Milicz w powiecie milickim wraz z POWIAT MILICKI wprowadza szereg dzia\u0142a\u0144 zwi\u0105zanych z organizacj\u0105 pomocy dla Ukrainy Zbi\u00f3rki \u017cywno\u015bci : w naszych gminnych plac\u00f3wkach o\u015bwiatowych ju\u017c&#46;&#46;&#46;","_links":{"self":[{"href":"https:\/\/biblioteka-milicz.pl\/index.php\/wp-json\/wp\/v2\/posts\/2960","targetHints":{"allow":["GET"]}}],"collection":[{"href":"https:\/\/biblioteka-milicz.pl\/index.php\/wp-json\/wp\/v2\/posts"}],"about":[{"href":"https:\/\/biblioteka-milicz.pl\/index.php\/wp-json\/wp\/v2\/types\/post"}],"author":[{"embeddable":true,"href":"https:\/\/biblioteka-milicz.pl\/index.php\/wp-json\/wp\/v2\/users\/1"}],"replies":[{"embeddable":true,"href":"https:\/\/biblioteka-milicz.pl\/index.php\/wp-json\/wp\/v2\/comments?post=2960"}],"version-history":[{"count":1,"href":"https:\/\/biblioteka-milicz.pl\/index.php\/wp-json\/wp\/v2\/posts\/2960\/revisions"}],"predecessor-version":[{"id":2962,"href":"https:\/\/biblioteka-milicz.pl\/index.php\/wp-json\/wp\/v2\/posts\/2960\/revisions\/2962"}],"wp:featuredmedia":[{"embeddable":true,"href":"https:\/\/biblioteka-milicz.pl\/index.php\/wp-json\/wp\/v2\/media\/2961"}],"wp:attachment":[{"href":"https:\/\/biblioteka-milicz.pl\/index.php\/wp-json\/wp\/v2\/media?parent=2960"}],"wp:term":[{"taxonomy":"category","embeddable":true,"href":"https:\/\/biblioteka-milicz.pl\/index.php\/wp-json\/wp\/v2\/categories?post=2960"},{"taxonomy":"post_tag","embeddable":true,"href":"https:\/\/biblioteka-milicz.pl\/index.php\/wp-json\/wp\/v2\/tags?post=2960"}],"curies":[{"name":"wp","href":"https:\/\/api.w.org\/{rel}","templated":true}]}}