{"id":2886,"date":"2022-03-16T11:04:00","date_gmt":"2022-03-16T10:04:00","guid":{"rendered":"http:\/\/biblioteka-milicz.pl\/?p=2886"},"modified":"2022-03-20T11:08:12","modified_gmt":"2022-03-20T10:08:12","slug":"goscie-w-bibliotece","status":"publish","type":"post","link":"https:\/\/biblioteka-milicz.pl\/index.php\/2022\/03\/16\/goscie-w-bibliotece\/","title":{"rendered":"Go\u015bcie w bibliotece"},"content":{"rendered":"\n<p>Dzisiaj, nasz Oddzia\u0142 Dzieci\u0119cy odwiedzi\u0142y uczennice Oddzia\u0142u VI O\u015brodka Rehabilitacyjno &#8211; Wychowawczego przy Milickie Stowarzyszenie Przyjaci\u00f3\u0142 Dzieci i Os\u00f3b Niepe\u0142nosprawnych w Miliczu wraz z opiekunami. A, \u017ce nied\u0142ugo \u015awiatowy Dzie\u0144 Poezji to nasze spotkanie rozpocz\u0119li\u015bmy od przeczytania kilku wierszy znanych poet\u00f3w: Juliana Tuwima, Jana Brzechwy czy Danuty Gellnerowej. Druga po\u0142owa spotkania to oczywi\u015bcie ogl\u0105danie ciekawych ksi\u0105\u017cek. Madzi bardzo podoba\u0142 si\u0119 album o koniach, a Wiktoria zainteresowa\u0142a si\u0119 ksi\u0105\u017ck\u0105 kucharsk\u0105. Ciekawych ksi\u0105\u017cek u nas bez liku, wi\u0119c nast\u0119pna wizyta ju\u017c um\u00f3wiona.<\/p>\n\n\n\n<figure class=\"wp-block-gallery has-nested-images columns-default is-cropped wp-block-gallery-1 is-layout-flex wp-block-gallery-is-layout-flex\">\n<figure class=\"wp-block-image size-large\"><img loading=\"lazy\" decoding=\"async\" width=\"1536\" height=\"2048\" data-id=\"2891\" src=\"http:\/\/biblioteka-milicz.pl\/wp-content\/uploads\/2022\/03\/275834518_1634498166899634_5704650969695254226_n.jpg\" alt=\"\" class=\"wp-image-2891\" srcset=\"https:\/\/biblioteka-milicz.pl\/wp-content\/uploads\/2022\/03\/275834518_1634498166899634_5704650969695254226_n.jpg 1536w, https:\/\/biblioteka-milicz.pl\/wp-content\/uploads\/2022\/03\/275834518_1634498166899634_5704650969695254226_n-225x300.jpg 225w, https:\/\/biblioteka-milicz.pl\/wp-content\/uploads\/2022\/03\/275834518_1634498166899634_5704650969695254226_n-768x1024.jpg 768w, https:\/\/biblioteka-milicz.pl\/wp-content\/uploads\/2022\/03\/275834518_1634498166899634_5704650969695254226_n-1152x1536.jpg 1152w\" sizes=\"auto, (max-width: 1536px) 100vw, 1536px\" \/><\/figure>\n\n\n\n<figure class=\"wp-block-image size-large\"><img loading=\"lazy\" decoding=\"async\" width=\"1536\" height=\"2048\" data-id=\"2888\" src=\"http:\/\/biblioteka-milicz.pl\/wp-content\/uploads\/2022\/03\/275951537_1634497970232987_4374309525813957632_n.jpg\" alt=\"\" class=\"wp-image-2888\" srcset=\"https:\/\/biblioteka-milicz.pl\/wp-content\/uploads\/2022\/03\/275951537_1634497970232987_4374309525813957632_n.jpg 1536w, https:\/\/biblioteka-milicz.pl\/wp-content\/uploads\/2022\/03\/275951537_1634497970232987_4374309525813957632_n-225x300.jpg 225w, https:\/\/biblioteka-milicz.pl\/wp-content\/uploads\/2022\/03\/275951537_1634497970232987_4374309525813957632_n-768x1024.jpg 768w, https:\/\/biblioteka-milicz.pl\/wp-content\/uploads\/2022\/03\/275951537_1634497970232987_4374309525813957632_n-1152x1536.jpg 1152w\" sizes=\"auto, (max-width: 1536px) 100vw, 1536px\" \/><\/figure>\n\n\n\n<figure class=\"wp-block-image size-large\"><img loading=\"lazy\" decoding=\"async\" width=\"2048\" height=\"1536\" data-id=\"2887\" src=\"http:\/\/biblioteka-milicz.pl\/wp-content\/uploads\/2022\/03\/275949283_1634497326899718_8054840543863182205_n.jpg\" alt=\"\" class=\"wp-image-2887\" srcset=\"https:\/\/biblioteka-milicz.pl\/wp-content\/uploads\/2022\/03\/275949283_1634497326899718_8054840543863182205_n.jpg 2048w, https:\/\/biblioteka-milicz.pl\/wp-content\/uploads\/2022\/03\/275949283_1634497326899718_8054840543863182205_n-300x225.jpg 300w, https:\/\/biblioteka-milicz.pl\/wp-content\/uploads\/2022\/03\/275949283_1634497326899718_8054840543863182205_n-1024x768.jpg 1024w, https:\/\/biblioteka-milicz.pl\/wp-content\/uploads\/2022\/03\/275949283_1634497326899718_8054840543863182205_n-768x576.jpg 768w, https:\/\/biblioteka-milicz.pl\/wp-content\/uploads\/2022\/03\/275949283_1634497326899718_8054840543863182205_n-1536x1152.jpg 1536w\" sizes=\"auto, (max-width: 2048px) 100vw, 2048px\" \/><\/figure>\n\n\n\n<figure class=\"wp-block-image size-large\"><img loading=\"lazy\" decoding=\"async\" width=\"1536\" height=\"2048\" data-id=\"2889\" src=\"http:\/\/biblioteka-milicz.pl\/wp-content\/uploads\/2022\/03\/276008165_1634497640233020_8385686353181523288_n.jpg\" alt=\"\" class=\"wp-image-2889\" srcset=\"https:\/\/biblioteka-milicz.pl\/wp-content\/uploads\/2022\/03\/276008165_1634497640233020_8385686353181523288_n.jpg 1536w, https:\/\/biblioteka-milicz.pl\/wp-content\/uploads\/2022\/03\/276008165_1634497640233020_8385686353181523288_n-225x300.jpg 225w, https:\/\/biblioteka-milicz.pl\/wp-content\/uploads\/2022\/03\/276008165_1634497640233020_8385686353181523288_n-768x1024.jpg 768w, https:\/\/biblioteka-milicz.pl\/wp-content\/uploads\/2022\/03\/276008165_1634497640233020_8385686353181523288_n-1152x1536.jpg 1152w\" sizes=\"auto, (max-width: 1536px) 100vw, 1536px\" \/><\/figure>\n\n\n\n<figure class=\"wp-block-image size-large\"><img loading=\"lazy\" decoding=\"async\" width=\"1536\" height=\"2048\" data-id=\"2890\" src=\"http:\/\/biblioteka-milicz.pl\/wp-content\/uploads\/2022\/03\/276119275_1634498110232973_7266317668153127366_n.jpg\" alt=\"\" class=\"wp-image-2890\" srcset=\"https:\/\/biblioteka-milicz.pl\/wp-content\/uploads\/2022\/03\/276119275_1634498110232973_7266317668153127366_n.jpg 1536w, https:\/\/biblioteka-milicz.pl\/wp-content\/uploads\/2022\/03\/276119275_1634498110232973_7266317668153127366_n-225x300.jpg 225w, https:\/\/biblioteka-milicz.pl\/wp-content\/uploads\/2022\/03\/276119275_1634498110232973_7266317668153127366_n-768x1024.jpg 768w, https:\/\/biblioteka-milicz.pl\/wp-content\/uploads\/2022\/03\/276119275_1634498110232973_7266317668153127366_n-1152x1536.jpg 1152w\" sizes=\"auto, (max-width: 1536px) 100vw, 1536px\" \/><\/figure>\n<\/figure>\n","protected":false},"excerpt":{"rendered":"<p>Dzisiaj, nasz Oddzia\u0142 Dzieci\u0119cy odwiedzi\u0142y uczennice Oddzia\u0142u VI O\u015brodka Rehabilitacyjno &#8211; Wychowawczego przy Milickie Stowarzyszenie Przyjaci\u00f3\u0142 Dzieci i Os\u00f3b Niepe\u0142nosprawnych w Miliczu wraz z opiekunami. A, \u017ce nied\u0142ugo \u015awiatowy Dzie\u0144 Poezji to nasze spotkanie&#46;&#46;&#46;<\/p>\n","protected":false},"author":1,"featured_media":2889,"comment_status":"closed","ping_status":"open","sticky":false,"template":"","format":"standard","meta":{"_uag_custom_page_level_css":"","footnotes":""},"categories":[3],"tags":[],"class_list":["post-2886","post","type-post","status-publish","format-standard","has-post-thumbnail","hentry","category-aktualnosci"],"uagb_featured_image_src":{"full":["https:\/\/biblioteka-milicz.pl\/wp-content\/uploads\/2022\/03\/276008165_1634497640233020_8385686353181523288_n.jpg",1536,2048,false],"thumbnail":["https:\/\/biblioteka-milicz.pl\/wp-content\/uploads\/2022\/03\/276008165_1634497640233020_8385686353181523288_n-150x150.jpg",150,150,true],"medium":["https:\/\/biblioteka-milicz.pl\/wp-content\/uploads\/2022\/03\/276008165_1634497640233020_8385686353181523288_n-225x300.jpg",225,300,true],"medium_large":["https:\/\/biblioteka-milicz.pl\/wp-content\/uploads\/2022\/03\/276008165_1634497640233020_8385686353181523288_n-768x1024.jpg",768,1024,true],"large":["https:\/\/biblioteka-milicz.pl\/wp-content\/uploads\/2022\/03\/276008165_1634497640233020_8385686353181523288_n-768x1024.jpg",768,1024,true],"1536x1536":["https:\/\/biblioteka-milicz.pl\/wp-content\/uploads\/2022\/03\/276008165_1634497640233020_8385686353181523288_n-1152x1536.jpg",1152,1536,true],"2048x2048":["https:\/\/biblioteka-milicz.pl\/wp-content\/uploads\/2022\/03\/276008165_1634497640233020_8385686353181523288_n.jpg",1536,2048,false],"thumb-small":["https:\/\/biblioteka-milicz.pl\/wp-content\/uploads\/2022\/03\/276008165_1634497640233020_8385686353181523288_n-80x80.jpg",80,80,true],"thumb-standard":["https:\/\/biblioteka-milicz.pl\/wp-content\/uploads\/2022\/03\/276008165_1634497640233020_8385686353181523288_n-320x320.jpg",320,320,true],"thumb-medium":["https:\/\/biblioteka-milicz.pl\/wp-content\/uploads\/2022\/03\/276008165_1634497640233020_8385686353181523288_n-520x245.jpg",520,245,true],"thumb-large":["https:\/\/biblioteka-milicz.pl\/wp-content\/uploads\/2022\/03\/276008165_1634497640233020_8385686353181523288_n-720x340.jpg",720,340,true],"thumb-xlarge":["https:\/\/biblioteka-milicz.pl\/wp-content\/uploads\/2022\/03\/276008165_1634497640233020_8385686353181523288_n-980x450.jpg",980,450,true],"thumb-xxlarge":["https:\/\/biblioteka-milicz.pl\/wp-content\/uploads\/2022\/03\/276008165_1634497640233020_8385686353181523288_n-1320x500.jpg",1320,500,true]},"uagb_author_info":{"display_name":"admin","author_link":"https:\/\/biblioteka-milicz.pl\/index.php\/author\/admin\/"},"uagb_comment_info":0,"uagb_excerpt":"Dzisiaj, nasz Oddzia\u0142 Dzieci\u0119cy odwiedzi\u0142y uczennice Oddzia\u0142u VI O\u015brodka Rehabilitacyjno &#8211; Wychowawczego przy Milickie Stowarzyszenie Przyjaci\u00f3\u0142 Dzieci i Os\u00f3b Niepe\u0142nosprawnych w Miliczu wraz z opiekunami. A, \u017ce nied\u0142ugo \u015awiatowy Dzie\u0144 Poezji to nasze spotkanie&#46;&#46;&#46;","_links":{"self":[{"href":"https:\/\/biblioteka-milicz.pl\/index.php\/wp-json\/wp\/v2\/posts\/2886","targetHints":{"allow":["GET"]}}],"collection":[{"href":"https:\/\/biblioteka-milicz.pl\/index.php\/wp-json\/wp\/v2\/posts"}],"about":[{"href":"https:\/\/biblioteka-milicz.pl\/index.php\/wp-json\/wp\/v2\/types\/post"}],"author":[{"embeddable":true,"href":"https:\/\/biblioteka-milicz.pl\/index.php\/wp-json\/wp\/v2\/users\/1"}],"replies":[{"embeddable":true,"href":"https:\/\/biblioteka-milicz.pl\/index.php\/wp-json\/wp\/v2\/comments?post=2886"}],"version-history":[{"count":2,"href":"https:\/\/biblioteka-milicz.pl\/index.php\/wp-json\/wp\/v2\/posts\/2886\/revisions"}],"predecessor-version":[{"id":2894,"href":"https:\/\/biblioteka-milicz.pl\/index.php\/wp-json\/wp\/v2\/posts\/2886\/revisions\/2894"}],"wp:featuredmedia":[{"embeddable":true,"href":"https:\/\/biblioteka-milicz.pl\/index.php\/wp-json\/wp\/v2\/media\/2889"}],"wp:attachment":[{"href":"https:\/\/biblioteka-milicz.pl\/index.php\/wp-json\/wp\/v2\/media?parent=2886"}],"wp:term":[{"taxonomy":"category","embeddable":true,"href":"https:\/\/biblioteka-milicz.pl\/index.php\/wp-json\/wp\/v2\/categories?post=2886"},{"taxonomy":"post_tag","embeddable":true,"href":"https:\/\/biblioteka-milicz.pl\/index.php\/wp-json\/wp\/v2\/tags?post=2886"}],"curies":[{"name":"wp","href":"https:\/\/api.w.org\/{rel}","templated":true}]}}