{"id":287,"date":"2020-01-31T11:02:00","date_gmt":"2020-01-31T10:02:00","guid":{"rendered":"http:\/\/biblioteka-milicz.pl\/?p=287"},"modified":"2022-03-12T15:23:06","modified_gmt":"2022-03-12T14:23:06","slug":"ojej-zapomnialam","status":"publish","type":"post","link":"https:\/\/biblioteka-milicz.pl\/index.php\/2020\/01\/31\/ojej-zapomnialam\/","title":{"rendered":"Ojej zapomnia\u0142am"},"content":{"rendered":"\n<p>W ostatnim tygodniu stycznia, nasz\u0105 fili\u0119 biblioteczn\u0105 w Su\u0142owie odwiedzi\u0142y a\u017c cztery grupy dzieci z najm\u0142odszych oddzia\u0142\u00f3w szko\u0142y podstawowej. Wsp\u00f3lnie czytali\u015bmy r\u00f3\u017cne opowiadania z mora\u0142em, ale chyba najbardziej podoba\u0142 si\u0119 utw\u00f3r pod tytu\u0142em &#8222;Ojej zapomnia\u0142am&#8221;. Narratorem jest tu pies Czaru\u015b, a g\u0142\u00f3wn\u0105 bohaterk\u0105, jego m\u0142odziutka, 6 letnia pani. Madzia kocha swojego szczeniaczka, ale traktuje go jak zabawk\u0119 i\u2026 ci\u0105gle zapomina o tym, \u017ce trzeba si\u0119 o swojego pupila troszczy\u0107. Druga cz\u0119\u015b\u0107 spotka\u0144 bibliotecznych, to zaj\u0119cia plastyczne, na kt\u00f3rych tematem przewodnim by\u0142y zbli\u017caj\u0105ce si\u0119 Walentynki. Powsta\u0142o wiele kolorowych, walentynkowych gad\u017cet\u00f3w, kt\u00f3re stan\u0105 si\u0119 prezentem dla tych, kt\u00f3rych najbardziej lubimy. Na koniec, dzieci z dum\u0105 prezentowa\u0142y swoje prace planuj\u0105c wykonanie kolejnych ju\u017c w domu.<\/p>\n\n\n\n<figure class=\"wp-block-gallery has-nested-images columns-default is-cropped wp-block-gallery-1 is-layout-flex wp-block-gallery-is-layout-flex\">\n<figure class=\"wp-block-image size-large\"><img loading=\"lazy\" decoding=\"async\" width=\"960\" height=\"540\" data-id=\"1014\" src=\"http:\/\/biblioteka-milicz.pl\/wp-content\/uploads\/2022\/03\/83136847_1064949883854468_2662576966980337664_n.jpg\" alt=\"\" class=\"wp-image-1014\" srcset=\"https:\/\/biblioteka-milicz.pl\/wp-content\/uploads\/2022\/03\/83136847_1064949883854468_2662576966980337664_n.jpg 960w, https:\/\/biblioteka-milicz.pl\/wp-content\/uploads\/2022\/03\/83136847_1064949883854468_2662576966980337664_n-300x169.jpg 300w, https:\/\/biblioteka-milicz.pl\/wp-content\/uploads\/2022\/03\/83136847_1064949883854468_2662576966980337664_n-768x432.jpg 768w\" sizes=\"auto, (max-width: 960px) 100vw, 960px\" \/><\/figure>\n\n\n\n<figure class=\"wp-block-image size-large\"><img loading=\"lazy\" decoding=\"async\" width=\"540\" height=\"960\" data-id=\"1015\" src=\"http:\/\/biblioteka-milicz.pl\/wp-content\/uploads\/2022\/03\/83225082_1064949830521140_4525992843822497792_n.jpg\" alt=\"\" class=\"wp-image-1015\" srcset=\"https:\/\/biblioteka-milicz.pl\/wp-content\/uploads\/2022\/03\/83225082_1064949830521140_4525992843822497792_n.jpg 540w, https:\/\/biblioteka-milicz.pl\/wp-content\/uploads\/2022\/03\/83225082_1064949830521140_4525992843822497792_n-169x300.jpg 169w\" sizes=\"auto, (max-width: 540px) 100vw, 540px\" \/><\/figure>\n\n\n\n<figure class=\"wp-block-image size-large\"><img loading=\"lazy\" decoding=\"async\" width=\"540\" height=\"960\" data-id=\"1017\" src=\"http:\/\/biblioteka-milicz.pl\/wp-content\/uploads\/2022\/03\/83731789_1064949937187796_5831353926154190848_n.jpg\" alt=\"\" class=\"wp-image-1017\" srcset=\"https:\/\/biblioteka-milicz.pl\/wp-content\/uploads\/2022\/03\/83731789_1064949937187796_5831353926154190848_n.jpg 540w, https:\/\/biblioteka-milicz.pl\/wp-content\/uploads\/2022\/03\/83731789_1064949937187796_5831353926154190848_n-169x300.jpg 169w\" sizes=\"auto, (max-width: 540px) 100vw, 540px\" \/><\/figure>\n\n\n\n<figure class=\"wp-block-image size-large\"><img loading=\"lazy\" decoding=\"async\" width=\"540\" height=\"960\" data-id=\"1016\" src=\"http:\/\/biblioteka-milicz.pl\/wp-content\/uploads\/2022\/03\/83745186_1064949837187806_6374372117470773248_n.jpg\" alt=\"\" class=\"wp-image-1016\" srcset=\"https:\/\/biblioteka-milicz.pl\/wp-content\/uploads\/2022\/03\/83745186_1064949837187806_6374372117470773248_n.jpg 540w, https:\/\/biblioteka-milicz.pl\/wp-content\/uploads\/2022\/03\/83745186_1064949837187806_6374372117470773248_n-169x300.jpg 169w\" sizes=\"auto, (max-width: 540px) 100vw, 540px\" \/><\/figure>\n\n\n\n<figure class=\"wp-block-image size-large\"><img loading=\"lazy\" decoding=\"async\" width=\"960\" height=\"540\" data-id=\"1018\" src=\"http:\/\/biblioteka-milicz.pl\/wp-content\/uploads\/2022\/03\/83839449_1064949947187795_8394293123655663616_n.jpg\" alt=\"\" class=\"wp-image-1018\" srcset=\"https:\/\/biblioteka-milicz.pl\/wp-content\/uploads\/2022\/03\/83839449_1064949947187795_8394293123655663616_n.jpg 960w, https:\/\/biblioteka-milicz.pl\/wp-content\/uploads\/2022\/03\/83839449_1064949947187795_8394293123655663616_n-300x169.jpg 300w, https:\/\/biblioteka-milicz.pl\/wp-content\/uploads\/2022\/03\/83839449_1064949947187795_8394293123655663616_n-768x432.jpg 768w\" sizes=\"auto, (max-width: 960px) 100vw, 960px\" \/><\/figure>\n\n\n\n<figure class=\"wp-block-image size-large\"><img loading=\"lazy\" decoding=\"async\" width=\"960\" height=\"540\" data-id=\"1019\" src=\"http:\/\/biblioteka-milicz.pl\/wp-content\/uploads\/2022\/03\/83995906_1064949797187810_5544771258371014656_n-1.jpg\" alt=\"\" class=\"wp-image-1019\" srcset=\"https:\/\/biblioteka-milicz.pl\/wp-content\/uploads\/2022\/03\/83995906_1064949797187810_5544771258371014656_n-1.jpg 960w, https:\/\/biblioteka-milicz.pl\/wp-content\/uploads\/2022\/03\/83995906_1064949797187810_5544771258371014656_n-1-300x169.jpg 300w, https:\/\/biblioteka-milicz.pl\/wp-content\/uploads\/2022\/03\/83995906_1064949797187810_5544771258371014656_n-1-768x432.jpg 768w\" sizes=\"auto, (max-width: 960px) 100vw, 960px\" \/><\/figure>\n\n\n\n<figure class=\"wp-block-image size-large\"><img loading=\"lazy\" decoding=\"async\" width=\"540\" height=\"960\" data-id=\"1020\" src=\"http:\/\/biblioteka-milicz.pl\/wp-content\/uploads\/2022\/03\/84475457_1064949873854469_2484105029833719808_n.jpg\" alt=\"\" class=\"wp-image-1020\" srcset=\"https:\/\/biblioteka-milicz.pl\/wp-content\/uploads\/2022\/03\/84475457_1064949873854469_2484105029833719808_n.jpg 540w, https:\/\/biblioteka-milicz.pl\/wp-content\/uploads\/2022\/03\/84475457_1064949873854469_2484105029833719808_n-169x300.jpg 169w\" sizes=\"auto, (max-width: 540px) 100vw, 540px\" \/><\/figure>\n<\/figure>\n","protected":false},"excerpt":{"rendered":"<p>W ostatnim tygodniu stycznia, nasz\u0105 fili\u0119 biblioteczn\u0105 w Su\u0142owie odwiedzi\u0142y a\u017c cztery grupy dzieci z najm\u0142odszych oddzia\u0142\u00f3w szko\u0142y podstawowej. Wsp\u00f3lnie czytali\u015bmy r\u00f3\u017cne opowiadania z mora\u0142em, ale chyba najbardziej podoba\u0142 si\u0119 utw\u00f3r pod tytu\u0142em &#8222;Ojej&#46;&#46;&#46;<\/p>\n","protected":false},"author":1,"featured_media":288,"comment_status":"closed","ping_status":"open","sticky":false,"template":"","format":"standard","meta":{"_uag_custom_page_level_css":"","footnotes":""},"categories":[3],"tags":[],"class_list":["post-287","post","type-post","status-publish","format-standard","has-post-thumbnail","hentry","category-aktualnosci"],"uagb_featured_image_src":{"full":["https:\/\/biblioteka-milicz.pl\/wp-content\/uploads\/2022\/03\/83995906_1064949797187810_5544771258371014656_n.jpg",960,540,false],"thumbnail":["https:\/\/biblioteka-milicz.pl\/wp-content\/uploads\/2022\/03\/83995906_1064949797187810_5544771258371014656_n-150x150.jpg",150,150,true],"medium":["https:\/\/biblioteka-milicz.pl\/wp-content\/uploads\/2022\/03\/83995906_1064949797187810_5544771258371014656_n-300x169.jpg",300,169,true],"medium_large":["https:\/\/biblioteka-milicz.pl\/wp-content\/uploads\/2022\/03\/83995906_1064949797187810_5544771258371014656_n-768x432.jpg",768,432,true],"large":["https:\/\/biblioteka-milicz.pl\/wp-content\/uploads\/2022\/03\/83995906_1064949797187810_5544771258371014656_n.jpg",960,540,false],"1536x1536":["https:\/\/biblioteka-milicz.pl\/wp-content\/uploads\/2022\/03\/83995906_1064949797187810_5544771258371014656_n.jpg",960,540,false],"2048x2048":["https:\/\/biblioteka-milicz.pl\/wp-content\/uploads\/2022\/03\/83995906_1064949797187810_5544771258371014656_n.jpg",960,540,false],"thumb-small":["https:\/\/biblioteka-milicz.pl\/wp-content\/uploads\/2022\/03\/83995906_1064949797187810_5544771258371014656_n-80x80.jpg",80,80,true],"thumb-standard":["https:\/\/biblioteka-milicz.pl\/wp-content\/uploads\/2022\/03\/83995906_1064949797187810_5544771258371014656_n-320x320.jpg",320,320,true],"thumb-medium":["https:\/\/biblioteka-milicz.pl\/wp-content\/uploads\/2022\/03\/83995906_1064949797187810_5544771258371014656_n-520x245.jpg",520,245,true],"thumb-large":["https:\/\/biblioteka-milicz.pl\/wp-content\/uploads\/2022\/03\/83995906_1064949797187810_5544771258371014656_n-720x340.jpg",720,340,true],"thumb-xlarge":["https:\/\/biblioteka-milicz.pl\/wp-content\/uploads\/2022\/03\/83995906_1064949797187810_5544771258371014656_n-960x450.jpg",960,450,true],"thumb-xxlarge":["https:\/\/biblioteka-milicz.pl\/wp-content\/uploads\/2022\/03\/83995906_1064949797187810_5544771258371014656_n-960x500.jpg",960,500,true]},"uagb_author_info":{"display_name":"admin","author_link":"https:\/\/biblioteka-milicz.pl\/index.php\/author\/admin\/"},"uagb_comment_info":0,"uagb_excerpt":"W ostatnim tygodniu stycznia, nasz\u0105 fili\u0119 biblioteczn\u0105 w Su\u0142owie odwiedzi\u0142y a\u017c cztery grupy dzieci z najm\u0142odszych oddzia\u0142\u00f3w szko\u0142y podstawowej. Wsp\u00f3lnie czytali\u015bmy r\u00f3\u017cne opowiadania z mora\u0142em, ale chyba najbardziej podoba\u0142 si\u0119 utw\u00f3r pod tytu\u0142em &#8222;Ojej&#46;&#46;&#46;","_links":{"self":[{"href":"https:\/\/biblioteka-milicz.pl\/index.php\/wp-json\/wp\/v2\/posts\/287","targetHints":{"allow":["GET"]}}],"collection":[{"href":"https:\/\/biblioteka-milicz.pl\/index.php\/wp-json\/wp\/v2\/posts"}],"about":[{"href":"https:\/\/biblioteka-milicz.pl\/index.php\/wp-json\/wp\/v2\/types\/post"}],"author":[{"embeddable":true,"href":"https:\/\/biblioteka-milicz.pl\/index.php\/wp-json\/wp\/v2\/users\/1"}],"replies":[{"embeddable":true,"href":"https:\/\/biblioteka-milicz.pl\/index.php\/wp-json\/wp\/v2\/comments?post=287"}],"version-history":[{"count":2,"href":"https:\/\/biblioteka-milicz.pl\/index.php\/wp-json\/wp\/v2\/posts\/287\/revisions"}],"predecessor-version":[{"id":1021,"href":"https:\/\/biblioteka-milicz.pl\/index.php\/wp-json\/wp\/v2\/posts\/287\/revisions\/1021"}],"wp:featuredmedia":[{"embeddable":true,"href":"https:\/\/biblioteka-milicz.pl\/index.php\/wp-json\/wp\/v2\/media\/288"}],"wp:attachment":[{"href":"https:\/\/biblioteka-milicz.pl\/index.php\/wp-json\/wp\/v2\/media?parent=287"}],"wp:term":[{"taxonomy":"category","embeddable":true,"href":"https:\/\/biblioteka-milicz.pl\/index.php\/wp-json\/wp\/v2\/categories?post=287"},{"taxonomy":"post_tag","embeddable":true,"href":"https:\/\/biblioteka-milicz.pl\/index.php\/wp-json\/wp\/v2\/tags?post=287"}],"curies":[{"name":"wp","href":"https:\/\/api.w.org\/{rel}","templated":true}]}}