{"id":205,"date":"2020-03-03T12:10:00","date_gmt":"2020-03-03T11:10:00","guid":{"rendered":"http:\/\/biblioteka-milicz.pl\/?p=205"},"modified":"2022-02-23T12:12:38","modified_gmt":"2022-02-23T11:12:38","slug":"miedzynarodowy-dzien-pisarza","status":"publish","type":"post","link":"https:\/\/biblioteka-milicz.pl\/index.php\/2020\/03\/03\/miedzynarodowy-dzien-pisarza\/","title":{"rendered":"Mi\u0119dzynarodowy Dzie\u0144 Pisarza"},"content":{"rendered":"\n<div class=\"wp-block-media-text is-stacked-on-mobile\" style=\"grid-template-columns:35% auto\"><figure class=\"wp-block-media-text__media\"><a href=\"http:\/\/biblioteka-milicz.pl\/wp-content\/uploads\/2022\/02\/88031050_1089777451371711_7033947771216330752_n.jpg\"><img loading=\"lazy\" decoding=\"async\" width=\"960\" height=\"720\" src=\"http:\/\/biblioteka-milicz.pl\/wp-content\/uploads\/2022\/02\/88031050_1089777451371711_7033947771216330752_n.jpg\" alt=\"\" class=\"wp-image-206 size-full\" srcset=\"https:\/\/biblioteka-milicz.pl\/wp-content\/uploads\/2022\/02\/88031050_1089777451371711_7033947771216330752_n.jpg 960w, https:\/\/biblioteka-milicz.pl\/wp-content\/uploads\/2022\/02\/88031050_1089777451371711_7033947771216330752_n-300x225.jpg 300w, https:\/\/biblioteka-milicz.pl\/wp-content\/uploads\/2022\/02\/88031050_1089777451371711_7033947771216330752_n-768x576.jpg 768w\" sizes=\"auto, (max-width: 960px) 100vw, 960px\" \/><\/a><\/figure><div class=\"wp-block-media-text__content\">\n<p>Trzeciego marca obchodzony jest Mi\u0119dzynarodowy Dzie\u0144 Pisarza, dlatego podczas poniedzia\u0142kowej lekcji bibliotecznej Przedszkolaki ze Szko\u0142y Podstawowej w Czatkowicach szuka\u0142y odpowiedzi na pytania kim jest i czym zajmuje si\u0119 pisarz oraz jak powstaje ksi\u0105\u017cka. Maluchy wys\u0142ucha\u0142y dzie\u0142 najslynnieszych polskich poet\u00f3w: Juliana Tuwima -&#8222;Lokomotywa&#8221;, Jana Brzechwy &#8211; &#8222;Na straganie&#8221;, Wandy Chotomskiej &#8211; &#8222;Motyl&#8221; oraz Marii Konopnickiej -&#8222;W lesie&#8221;, a pod koniec zaj\u0119\u0107 wykona\u0142y kolorowe zak\u0142adki do ksi\u0105\u017cek.<\/p>\n<\/div><\/div>\n","protected":false},"excerpt":{"rendered":"<p>Trzeciego marca obchodzony jest Mi\u0119dzynarodowy Dzie\u0144 Pisarza, dlatego podczas poniedzia\u0142kowej lekcji bibliotecznej Przedszkolaki ze Szko\u0142y Podstawowej w Czatkowicach szuka\u0142y odpowiedzi na pytania kim jest i czym zajmuje si\u0119 pisarz oraz jak powstaje ksi\u0105\u017cka. Maluchy&#46;&#46;&#46;<\/p>\n","protected":false},"author":1,"featured_media":206,"comment_status":"closed","ping_status":"open","sticky":false,"template":"","format":"standard","meta":{"_uag_custom_page_level_css":"","footnotes":""},"categories":[3],"tags":[],"class_list":["post-205","post","type-post","status-publish","format-standard","has-post-thumbnail","hentry","category-aktualnosci"],"uagb_featured_image_src":{"full":["https:\/\/biblioteka-milicz.pl\/wp-content\/uploads\/2022\/02\/88031050_1089777451371711_7033947771216330752_n.jpg",960,720,false],"thumbnail":["https:\/\/biblioteka-milicz.pl\/wp-content\/uploads\/2022\/02\/88031050_1089777451371711_7033947771216330752_n-150x150.jpg",150,150,true],"medium":["https:\/\/biblioteka-milicz.pl\/wp-content\/uploads\/2022\/02\/88031050_1089777451371711_7033947771216330752_n-300x225.jpg",300,225,true],"medium_large":["https:\/\/biblioteka-milicz.pl\/wp-content\/uploads\/2022\/02\/88031050_1089777451371711_7033947771216330752_n-768x576.jpg",768,576,true],"large":["https:\/\/biblioteka-milicz.pl\/wp-content\/uploads\/2022\/02\/88031050_1089777451371711_7033947771216330752_n.jpg",960,720,false],"1536x1536":["https:\/\/biblioteka-milicz.pl\/wp-content\/uploads\/2022\/02\/88031050_1089777451371711_7033947771216330752_n.jpg",960,720,false],"2048x2048":["https:\/\/biblioteka-milicz.pl\/wp-content\/uploads\/2022\/02\/88031050_1089777451371711_7033947771216330752_n.jpg",960,720,false],"thumb-small":["https:\/\/biblioteka-milicz.pl\/wp-content\/uploads\/2022\/02\/88031050_1089777451371711_7033947771216330752_n-80x80.jpg",80,80,true],"thumb-standard":["https:\/\/biblioteka-milicz.pl\/wp-content\/uploads\/2022\/02\/88031050_1089777451371711_7033947771216330752_n-320x320.jpg",320,320,true],"thumb-medium":["https:\/\/biblioteka-milicz.pl\/wp-content\/uploads\/2022\/02\/88031050_1089777451371711_7033947771216330752_n-520x245.jpg",520,245,true],"thumb-large":["https:\/\/biblioteka-milicz.pl\/wp-content\/uploads\/2022\/02\/88031050_1089777451371711_7033947771216330752_n-720x340.jpg",720,340,true],"thumb-xlarge":["https:\/\/biblioteka-milicz.pl\/wp-content\/uploads\/2022\/02\/88031050_1089777451371711_7033947771216330752_n-960x450.jpg",960,450,true],"thumb-xxlarge":["https:\/\/biblioteka-milicz.pl\/wp-content\/uploads\/2022\/02\/88031050_1089777451371711_7033947771216330752_n-960x500.jpg",960,500,true]},"uagb_author_info":{"display_name":"admin","author_link":"https:\/\/biblioteka-milicz.pl\/index.php\/author\/admin\/"},"uagb_comment_info":0,"uagb_excerpt":"Trzeciego marca obchodzony jest Mi\u0119dzynarodowy Dzie\u0144 Pisarza, dlatego podczas poniedzia\u0142kowej lekcji bibliotecznej Przedszkolaki ze Szko\u0142y Podstawowej w Czatkowicach szuka\u0142y odpowiedzi na pytania kim jest i czym zajmuje si\u0119 pisarz oraz jak powstaje ksi\u0105\u017cka. Maluchy&#46;&#46;&#46;","_links":{"self":[{"href":"https:\/\/biblioteka-milicz.pl\/index.php\/wp-json\/wp\/v2\/posts\/205","targetHints":{"allow":["GET"]}}],"collection":[{"href":"https:\/\/biblioteka-milicz.pl\/index.php\/wp-json\/wp\/v2\/posts"}],"about":[{"href":"https:\/\/biblioteka-milicz.pl\/index.php\/wp-json\/wp\/v2\/types\/post"}],"author":[{"embeddable":true,"href":"https:\/\/biblioteka-milicz.pl\/index.php\/wp-json\/wp\/v2\/users\/1"}],"replies":[{"embeddable":true,"href":"https:\/\/biblioteka-milicz.pl\/index.php\/wp-json\/wp\/v2\/comments?post=205"}],"version-history":[{"count":3,"href":"https:\/\/biblioteka-milicz.pl\/index.php\/wp-json\/wp\/v2\/posts\/205\/revisions"}],"predecessor-version":[{"id":209,"href":"https:\/\/biblioteka-milicz.pl\/index.php\/wp-json\/wp\/v2\/posts\/205\/revisions\/209"}],"wp:featuredmedia":[{"embeddable":true,"href":"https:\/\/biblioteka-milicz.pl\/index.php\/wp-json\/wp\/v2\/media\/206"}],"wp:attachment":[{"href":"https:\/\/biblioteka-milicz.pl\/index.php\/wp-json\/wp\/v2\/media?parent=205"}],"wp:term":[{"taxonomy":"category","embeddable":true,"href":"https:\/\/biblioteka-milicz.pl\/index.php\/wp-json\/wp\/v2\/categories?post=205"},{"taxonomy":"post_tag","embeddable":true,"href":"https:\/\/biblioteka-milicz.pl\/index.php\/wp-json\/wp\/v2\/tags?post=205"}],"curies":[{"name":"wp","href":"https:\/\/api.w.org\/{rel}","templated":true}]}}