{"id":8130,"date":"2026-03-13T14:57:00","date_gmt":"2026-03-13T13:57:00","guid":{"rendered":"https:\/\/biblioteka-milicz.pl\/?p=8130"},"modified":"2026-03-16T10:38:35","modified_gmt":"2026-03-16T09:38:35","slug":"cuda-wianki-w-sulowskiej-filii-bibliotecznej","status":"publish","type":"post","link":"http:\/\/biblioteka-milicz.pl\/index.php\/2026\/03\/13\/cuda-wianki-w-sulowskiej-filii-bibliotecznej\/","title":{"rendered":"\u00a0\u201eCuda wianki\u201d w su\u0142owskiej filii bibliotecznej"},"content":{"rendered":"\n<p>Zapraszamy do naszej filii bibliotecznej w Su\u0142owie na wyj\u0105tkowe warsztaty przed\u015bwi\u0105teczne <strong>\u201eCuda wianki\u201d<\/strong>, kt\u00f3re odb\u0119d\u0105 si\u0119 <strong>19 marca 2026 roku o godzinie 14:00<\/strong>.<\/p>\n\n\n\n<p>Spotkanie b\u0119dzie okazj\u0105 do wsp\u00f3lnego przygotowania wiosennych i \u015bwi\u0105tecznych dekoracji. W mi\u0142ej atmosferze, przy kawie i ciasteczku, uczestnicy b\u0119d\u0105 mogli wykona\u0107 w\u0142asnor\u0119cznie pi\u0119kne wianki.<\/p>\n\n\n\n<p>Warsztaty skierowane s\u0105 do wszystkich os\u00f3b lubi\u0105cych r\u0119kodzie\u0142o i kreatywne sp\u0119dzanie czasu. B\u0119dzie to doskona\u0142a okazja do rozm\u00f3w, wymiany pomys\u0142\u00f3w oraz wsp\u00f3lnego tworzenia.<\/p>\n\n\n\n<p>Liczba miejsc jest ograniczona, dlatego zach\u0119camy do wcze\u015bniejszych zapis\u00f3w.<\/p>\n\n\n\n<figure class=\"wp-block-image size-large\"><img loading=\"lazy\" decoding=\"async\" width=\"725\" height=\"1024\" src=\"https:\/\/biblioteka-milicz.pl\/wp-content\/uploads\/2026\/03\/Cuda-725x1024.jpg\" alt=\"\" class=\"wp-image-8131\" srcset=\"http:\/\/biblioteka-milicz.pl\/wp-content\/uploads\/2026\/03\/Cuda-725x1024.jpg 725w, http:\/\/biblioteka-milicz.pl\/wp-content\/uploads\/2026\/03\/Cuda-212x300.jpg 212w, http:\/\/biblioteka-milicz.pl\/wp-content\/uploads\/2026\/03\/Cuda-768x1085.jpg 768w, http:\/\/biblioteka-milicz.pl\/wp-content\/uploads\/2026\/03\/Cuda-1087x1536.jpg 1087w, http:\/\/biblioteka-milicz.pl\/wp-content\/uploads\/2026\/03\/Cuda.jpg 1449w\" sizes=\"auto, (max-width: 725px) 100vw, 725px\" \/><\/figure>\n","protected":false},"excerpt":{"rendered":"<p>Zapraszamy do naszej filii bibliotecznej w Su\u0142owie na wyj\u0105tkowe warsztaty przed\u015bwi\u0105teczne \u201eCuda wianki\u201d, kt\u00f3re odb\u0119d\u0105 si\u0119 19 marca 2026 roku o godzinie 14:00. Spotkanie b\u0119dzie okazj\u0105 do wsp\u00f3lnego przygotowania wiosennych i \u015bwi\u0105tecznych dekoracji. W&#46;&#46;&#46;<\/p>\n","protected":false},"author":2,"featured_media":8131,"comment_status":"closed","ping_status":"closed","sticky":false,"template":"","format":"standard","meta":{"_uag_custom_page_level_css":"","footnotes":""},"categories":[3],"tags":[],"class_list":["post-8130","post","type-post","status-publish","format-standard","has-post-thumbnail","hentry","category-aktualnosci"],"uagb_featured_image_src":{"full":["http:\/\/biblioteka-milicz.pl\/wp-content\/uploads\/2026\/03\/Cuda.jpg",1449,2048,false],"thumbnail":["http:\/\/biblioteka-milicz.pl\/wp-content\/uploads\/2026\/03\/Cuda-150x150.jpg",150,150,true],"medium":["http:\/\/biblioteka-milicz.pl\/wp-content\/uploads\/2026\/03\/Cuda-212x300.jpg",212,300,true],"medium_large":["http:\/\/biblioteka-milicz.pl\/wp-content\/uploads\/2026\/03\/Cuda-768x1085.jpg",768,1085,true],"large":["http:\/\/biblioteka-milicz.pl\/wp-content\/uploads\/2026\/03\/Cuda-725x1024.jpg",725,1024,true],"1536x1536":["http:\/\/biblioteka-milicz.pl\/wp-content\/uploads\/2026\/03\/Cuda-1087x1536.jpg",1087,1536,true],"2048x2048":["http:\/\/biblioteka-milicz.pl\/wp-content\/uploads\/2026\/03\/Cuda.jpg",1449,2048,false],"thumb-small":["http:\/\/biblioteka-milicz.pl\/wp-content\/uploads\/2026\/03\/Cuda-80x80.jpg",80,80,true],"thumb-standard":["http:\/\/biblioteka-milicz.pl\/wp-content\/uploads\/2026\/03\/Cuda-320x320.jpg",320,320,true],"thumb-medium":["http:\/\/biblioteka-milicz.pl\/wp-content\/uploads\/2026\/03\/Cuda-520x245.jpg",520,245,true],"thumb-large":["http:\/\/biblioteka-milicz.pl\/wp-content\/uploads\/2026\/03\/Cuda-720x340.jpg",720,340,true],"thumb-xlarge":["http:\/\/biblioteka-milicz.pl\/wp-content\/uploads\/2026\/03\/Cuda-980x450.jpg",980,450,true],"thumb-xxlarge":["http:\/\/biblioteka-milicz.pl\/wp-content\/uploads\/2026\/03\/Cuda-1320x500.jpg",1320,500,true]},"uagb_author_info":{"display_name":"Marlena Grodzi\u0144ska","author_link":"http:\/\/biblioteka-milicz.pl\/index.php\/author\/marlena\/"},"uagb_comment_info":0,"uagb_excerpt":"Zapraszamy do naszej filii bibliotecznej w Su\u0142owie na wyj\u0105tkowe warsztaty przed\u015bwi\u0105teczne \u201eCuda wianki\u201d, kt\u00f3re odb\u0119d\u0105 si\u0119 19 marca 2026 roku o godzinie 14:00. Spotkanie b\u0119dzie okazj\u0105 do wsp\u00f3lnego przygotowania wiosennych i \u015bwi\u0105tecznych dekoracji. W&#46;&#46;&#46;","_links":{"self":[{"href":"http:\/\/biblioteka-milicz.pl\/index.php\/wp-json\/wp\/v2\/posts\/8130","targetHints":{"allow":["GET"]}}],"collection":[{"href":"http:\/\/biblioteka-milicz.pl\/index.php\/wp-json\/wp\/v2\/posts"}],"about":[{"href":"http:\/\/biblioteka-milicz.pl\/index.php\/wp-json\/wp\/v2\/types\/post"}],"author":[{"embeddable":true,"href":"http:\/\/biblioteka-milicz.pl\/index.php\/wp-json\/wp\/v2\/users\/2"}],"replies":[{"embeddable":true,"href":"http:\/\/biblioteka-milicz.pl\/index.php\/wp-json\/wp\/v2\/comments?post=8130"}],"version-history":[{"count":1,"href":"http:\/\/biblioteka-milicz.pl\/index.php\/wp-json\/wp\/v2\/posts\/8130\/revisions"}],"predecessor-version":[{"id":8132,"href":"http:\/\/biblioteka-milicz.pl\/index.php\/wp-json\/wp\/v2\/posts\/8130\/revisions\/8132"}],"wp:featuredmedia":[{"embeddable":true,"href":"http:\/\/biblioteka-milicz.pl\/index.php\/wp-json\/wp\/v2\/media\/8131"}],"wp:attachment":[{"href":"http:\/\/biblioteka-milicz.pl\/index.php\/wp-json\/wp\/v2\/media?parent=8130"}],"wp:term":[{"taxonomy":"category","embeddable":true,"href":"http:\/\/biblioteka-milicz.pl\/index.php\/wp-json\/wp\/v2\/categories?post=8130"},{"taxonomy":"post_tag","embeddable":true,"href":"http:\/\/biblioteka-milicz.pl\/index.php\/wp-json\/wp\/v2\/tags?post=8130"}],"curies":[{"name":"wp","href":"https:\/\/api.w.org\/{rel}","templated":true}]}}