{"id":8123,"date":"2026-03-10T15:44:00","date_gmt":"2026-03-10T14:44:00","guid":{"rendered":"https:\/\/biblioteka-milicz.pl\/?p=8123"},"modified":"2026-03-13T09:48:14","modified_gmt":"2026-03-13T08:48:14","slug":"wiosenne-lampiony-w-gadkowicach","status":"publish","type":"post","link":"http:\/\/biblioteka-milicz.pl\/index.php\/2026\/03\/10\/wiosenne-lampiony-w-gadkowicach\/","title":{"rendered":"Wiosenne lampiony w G\u0105dkowicach"},"content":{"rendered":"\n<p>W poniedzia\u0142ek, 9 marca, odby\u0142y si\u0119 pierwsze w tym miesi\u0105cu zaj\u0119cia w filii bibliotecznej w G\u0105dkowicach. Warsztaty zatytu\u0142owane \u201eWiosenne lampiony\u201d jak zawsze przyci\u0105gn\u0119\u0142y liczne grono m\u0142odych uczestnik\u00f3w.<\/p>\n\n\n\n<p>Ka\u017cde dziecko przysz\u0142o do biblioteki z butelk\u0105, kt\u00f3ra w trakcie zaj\u0119\u0107 zamieni\u0142a si\u0119 w kolorowy wiosenny lampion. Uczestnicy z du\u017cym zaanga\u017cowaniem zabrali si\u0119 do pracy \u2013 wycinali, kleili i zastanawiali si\u0119, jakie elementy jeszcze doda\u0107 do swoich prac. W efekcie powsta\u0142y wyj\u0105tkowe lampiony ozdobione motylkami, kwiatami, listkami, s\u0142o\u0144cami i innymi motywami kojarz\u0105cymi si\u0119 z budz\u0105c\u0105 si\u0119 do \u017cycia przyrod\u0105.<\/p>\n\n\n\n<p>Tak przygotowane lampiony z pewno\u015bci\u0105 umil\u0105 jeszcze ch\u0142odne, wiosenne wieczory. A my ju\u017c teraz zapraszamy na kolejne spotkanie, kt\u00f3re odb\u0119dzie si\u0119 w przysz\u0142ym tygodniu. <\/p>\n\n\n\n<figure class=\"wp-block-gallery has-nested-images columns-default is-cropped wp-block-gallery-1 is-layout-flex wp-block-gallery-is-layout-flex\">\n<figure class=\"wp-block-image size-large\"><img loading=\"lazy\" decoding=\"async\" width=\"768\" height=\"1024\" data-id=\"8124\" src=\"https:\/\/biblioteka-milicz.pl\/wp-content\/uploads\/2026\/03\/649718047_1342385234594125_2175528588017080939_n-768x1024.jpg\" alt=\"\" class=\"wp-image-8124\" srcset=\"http:\/\/biblioteka-milicz.pl\/wp-content\/uploads\/2026\/03\/649718047_1342385234594125_2175528588017080939_n-768x1024.jpg 768w, http:\/\/biblioteka-milicz.pl\/wp-content\/uploads\/2026\/03\/649718047_1342385234594125_2175528588017080939_n-225x300.jpg 225w, http:\/\/biblioteka-milicz.pl\/wp-content\/uploads\/2026\/03\/649718047_1342385234594125_2175528588017080939_n-1152x1536.jpg 1152w, http:\/\/biblioteka-milicz.pl\/wp-content\/uploads\/2026\/03\/649718047_1342385234594125_2175528588017080939_n.jpg 1536w\" sizes=\"auto, (max-width: 768px) 100vw, 768px\" \/><\/figure>\n\n\n\n<figure class=\"wp-block-image size-large\"><img loading=\"lazy\" decoding=\"async\" width=\"768\" height=\"1024\" data-id=\"8125\" src=\"https:\/\/biblioteka-milicz.pl\/wp-content\/uploads\/2026\/03\/649720125_1342384777927504_8674236034096890205_n-768x1024.jpg\" alt=\"\" class=\"wp-image-8125\" srcset=\"http:\/\/biblioteka-milicz.pl\/wp-content\/uploads\/2026\/03\/649720125_1342384777927504_8674236034096890205_n-768x1024.jpg 768w, http:\/\/biblioteka-milicz.pl\/wp-content\/uploads\/2026\/03\/649720125_1342384777927504_8674236034096890205_n-225x300.jpg 225w, http:\/\/biblioteka-milicz.pl\/wp-content\/uploads\/2026\/03\/649720125_1342384777927504_8674236034096890205_n-1152x1536.jpg 1152w, http:\/\/biblioteka-milicz.pl\/wp-content\/uploads\/2026\/03\/649720125_1342384777927504_8674236034096890205_n.jpg 1536w\" sizes=\"auto, (max-width: 768px) 100vw, 768px\" \/><\/figure>\n\n\n\n<figure class=\"wp-block-image size-large\"><img loading=\"lazy\" decoding=\"async\" width=\"768\" height=\"1024\" data-id=\"8126\" src=\"https:\/\/biblioteka-milicz.pl\/wp-content\/uploads\/2026\/03\/649746869_1342384784594170_6092273807531767312_n-768x1024.jpg\" alt=\"\" class=\"wp-image-8126\" srcset=\"http:\/\/biblioteka-milicz.pl\/wp-content\/uploads\/2026\/03\/649746869_1342384784594170_6092273807531767312_n-768x1024.jpg 768w, http:\/\/biblioteka-milicz.pl\/wp-content\/uploads\/2026\/03\/649746869_1342384784594170_6092273807531767312_n-225x300.jpg 225w, http:\/\/biblioteka-milicz.pl\/wp-content\/uploads\/2026\/03\/649746869_1342384784594170_6092273807531767312_n-1152x1536.jpg 1152w, http:\/\/biblioteka-milicz.pl\/wp-content\/uploads\/2026\/03\/649746869_1342384784594170_6092273807531767312_n.jpg 1536w\" sizes=\"auto, (max-width: 768px) 100vw, 768px\" \/><\/figure>\n\n\n\n<figure class=\"wp-block-image size-large\"><img loading=\"lazy\" decoding=\"async\" width=\"768\" height=\"1024\" data-id=\"8127\" src=\"https:\/\/biblioteka-milicz.pl\/wp-content\/uploads\/2026\/03\/651016679_1342385381260777_9112026945921121474_n-768x1024.jpg\" alt=\"\" class=\"wp-image-8127\" srcset=\"http:\/\/biblioteka-milicz.pl\/wp-content\/uploads\/2026\/03\/651016679_1342385381260777_9112026945921121474_n-768x1024.jpg 768w, http:\/\/biblioteka-milicz.pl\/wp-content\/uploads\/2026\/03\/651016679_1342385381260777_9112026945921121474_n-225x300.jpg 225w, http:\/\/biblioteka-milicz.pl\/wp-content\/uploads\/2026\/03\/651016679_1342385381260777_9112026945921121474_n-1152x1536.jpg 1152w, http:\/\/biblioteka-milicz.pl\/wp-content\/uploads\/2026\/03\/651016679_1342385381260777_9112026945921121474_n.jpg 1536w\" sizes=\"auto, (max-width: 768px) 100vw, 768px\" \/><\/figure>\n<\/figure>\n","protected":false},"excerpt":{"rendered":"<p>W poniedzia\u0142ek, 9 marca, odby\u0142y si\u0119 pierwsze w tym miesi\u0105cu zaj\u0119cia w filii bibliotecznej w G\u0105dkowicach. Warsztaty zatytu\u0142owane \u201eWiosenne lampiony\u201d jak zawsze przyci\u0105gn\u0119\u0142y liczne grono m\u0142odych uczestnik\u00f3w. Ka\u017cde dziecko przysz\u0142o do biblioteki z butelk\u0105,&#46;&#46;&#46;<\/p>\n","protected":false},"author":2,"featured_media":8128,"comment_status":"closed","ping_status":"closed","sticky":false,"template":"","format":"standard","meta":{"_uag_custom_page_level_css":"","footnotes":""},"categories":[3],"tags":[],"class_list":["post-8123","post","type-post","status-publish","format-standard","has-post-thumbnail","hentry","category-aktualnosci"],"uagb_featured_image_src":{"full":["http:\/\/biblioteka-milicz.pl\/wp-content\/uploads\/2026\/03\/lampiony.jpg",1536,1152,false],"thumbnail":["http:\/\/biblioteka-milicz.pl\/wp-content\/uploads\/2026\/03\/lampiony-150x150.jpg",150,150,true],"medium":["http:\/\/biblioteka-milicz.pl\/wp-content\/uploads\/2026\/03\/lampiony-300x225.jpg",300,225,true],"medium_large":["http:\/\/biblioteka-milicz.pl\/wp-content\/uploads\/2026\/03\/lampiony-768x576.jpg",768,576,true],"large":["http:\/\/biblioteka-milicz.pl\/wp-content\/uploads\/2026\/03\/lampiony-1024x768.jpg",1024,768,true],"1536x1536":["http:\/\/biblioteka-milicz.pl\/wp-content\/uploads\/2026\/03\/lampiony.jpg",1536,1152,false],"2048x2048":["http:\/\/biblioteka-milicz.pl\/wp-content\/uploads\/2026\/03\/lampiony.jpg",1536,1152,false],"thumb-small":["http:\/\/biblioteka-milicz.pl\/wp-content\/uploads\/2026\/03\/lampiony-80x80.jpg",80,80,true],"thumb-standard":["http:\/\/biblioteka-milicz.pl\/wp-content\/uploads\/2026\/03\/lampiony-320x320.jpg",320,320,true],"thumb-medium":["http:\/\/biblioteka-milicz.pl\/wp-content\/uploads\/2026\/03\/lampiony-520x245.jpg",520,245,true],"thumb-large":["http:\/\/biblioteka-milicz.pl\/wp-content\/uploads\/2026\/03\/lampiony-720x340.jpg",720,340,true],"thumb-xlarge":["http:\/\/biblioteka-milicz.pl\/wp-content\/uploads\/2026\/03\/lampiony-980x450.jpg",980,450,true],"thumb-xxlarge":["http:\/\/biblioteka-milicz.pl\/wp-content\/uploads\/2026\/03\/lampiony-1320x500.jpg",1320,500,true]},"uagb_author_info":{"display_name":"Marlena Grodzi\u0144ska","author_link":"http:\/\/biblioteka-milicz.pl\/index.php\/author\/marlena\/"},"uagb_comment_info":0,"uagb_excerpt":"W poniedzia\u0142ek, 9 marca, odby\u0142y si\u0119 pierwsze w tym miesi\u0105cu zaj\u0119cia w filii bibliotecznej w G\u0105dkowicach. Warsztaty zatytu\u0142owane \u201eWiosenne lampiony\u201d jak zawsze przyci\u0105gn\u0119\u0142y liczne grono m\u0142odych uczestnik\u00f3w. Ka\u017cde dziecko przysz\u0142o do biblioteki z butelk\u0105,&#46;&#46;&#46;","_links":{"self":[{"href":"http:\/\/biblioteka-milicz.pl\/index.php\/wp-json\/wp\/v2\/posts\/8123","targetHints":{"allow":["GET"]}}],"collection":[{"href":"http:\/\/biblioteka-milicz.pl\/index.php\/wp-json\/wp\/v2\/posts"}],"about":[{"href":"http:\/\/biblioteka-milicz.pl\/index.php\/wp-json\/wp\/v2\/types\/post"}],"author":[{"embeddable":true,"href":"http:\/\/biblioteka-milicz.pl\/index.php\/wp-json\/wp\/v2\/users\/2"}],"replies":[{"embeddable":true,"href":"http:\/\/biblioteka-milicz.pl\/index.php\/wp-json\/wp\/v2\/comments?post=8123"}],"version-history":[{"count":1,"href":"http:\/\/biblioteka-milicz.pl\/index.php\/wp-json\/wp\/v2\/posts\/8123\/revisions"}],"predecessor-version":[{"id":8129,"href":"http:\/\/biblioteka-milicz.pl\/index.php\/wp-json\/wp\/v2\/posts\/8123\/revisions\/8129"}],"wp:featuredmedia":[{"embeddable":true,"href":"http:\/\/biblioteka-milicz.pl\/index.php\/wp-json\/wp\/v2\/media\/8128"}],"wp:attachment":[{"href":"http:\/\/biblioteka-milicz.pl\/index.php\/wp-json\/wp\/v2\/media?parent=8123"}],"wp:term":[{"taxonomy":"category","embeddable":true,"href":"http:\/\/biblioteka-milicz.pl\/index.php\/wp-json\/wp\/v2\/categories?post=8123"},{"taxonomy":"post_tag","embeddable":true,"href":"http:\/\/biblioteka-milicz.pl\/index.php\/wp-json\/wp\/v2\/tags?post=8123"}],"curies":[{"name":"wp","href":"https:\/\/api.w.org\/{rel}","templated":true}]}}