{"id":8089,"date":"2026-03-04T15:13:00","date_gmt":"2026-03-04T14:13:00","guid":{"rendered":"https:\/\/biblioteka-milicz.pl\/?p=8089"},"modified":"2026-03-13T09:18:06","modified_gmt":"2026-03-13T08:18:06","slug":"w-swiecie-pisarzy-i-ksiazek","status":"publish","type":"post","link":"http:\/\/biblioteka-milicz.pl\/index.php\/2026\/03\/04\/w-swiecie-pisarzy-i-ksiazek\/","title":{"rendered":"W \u015bwiecie pisarzy i ksi\u0105\u017cek"},"content":{"rendered":"\n<p>Z okazji obchodzonego 3 marca Mi\u0119dzynarodowego Dnia Pisarza, 4 marca nasz Oddzia\u0142 Dzieci\u0119cy odwiedzili uczniowie klasy 2 c wraz z Pani\u0105 Mart\u0105 ze Szko\u0142y Podstawowej nr 1 im. Miko\u0142aja Kopernika w Miliczu.<\/p>\n\n\n\n<p>Podczas spotkania uczniowie z du\u017cym zaanga\u017cowaniem uczestniczyli w przygotowanych zaj\u0119ciach. Rozwi\u0105zali tematyczn\u0105 krzy\u017c\u00f3wk\u0119, zastanawiali si\u0119, czy pisarz i autor ksi\u0105\u017cki to zawsze ta sama osoba, a tak\u017ce zmierzyli si\u0119 z r\u00f3\u017cnymi zadaniami czytelniczymi. By\u0142a r\u00f3wnie\u017c okazja, aby obejrze\u0107 najnowsze ksi\u0105\u017cki, kt\u00f3re niedawno pojawi\u0142y si\u0119 w naszej bibliotece.<\/p>\n\n\n\n<p>Klasa okaza\u0142a si\u0119 niezwykle energiczna, pomys\u0142owa i bardzo ch\u0119tna do wsp\u00f3lnej zabawy z ksi\u0105\u017ck\u0105, dzi\u0119ki czemu spotkanie up\u0142yn\u0119\u0142o w radosnej i tw\u00f3rczej atmosferze.<\/p>\n\n\n\n<figure class=\"wp-block-gallery has-nested-images columns-default is-cropped wp-block-gallery-1 is-layout-flex wp-block-gallery-is-layout-flex\">\n<figure class=\"wp-block-image size-large\"><img loading=\"lazy\" decoding=\"async\" width=\"1024\" height=\"768\" data-id=\"8090\" src=\"https:\/\/biblioteka-milicz.pl\/wp-content\/uploads\/2026\/03\/645509418_1336918955140753_3373130099384576954_n-1024x768.jpg\" alt=\"\" class=\"wp-image-8090\" srcset=\"http:\/\/biblioteka-milicz.pl\/wp-content\/uploads\/2026\/03\/645509418_1336918955140753_3373130099384576954_n-1024x768.jpg 1024w, http:\/\/biblioteka-milicz.pl\/wp-content\/uploads\/2026\/03\/645509418_1336918955140753_3373130099384576954_n-300x225.jpg 300w, http:\/\/biblioteka-milicz.pl\/wp-content\/uploads\/2026\/03\/645509418_1336918955140753_3373130099384576954_n-768x576.jpg 768w, http:\/\/biblioteka-milicz.pl\/wp-content\/uploads\/2026\/03\/645509418_1336918955140753_3373130099384576954_n-1536x1152.jpg 1536w, http:\/\/biblioteka-milicz.pl\/wp-content\/uploads\/2026\/03\/645509418_1336918955140753_3373130099384576954_n.jpg 2048w\" sizes=\"auto, (max-width: 1024px) 100vw, 1024px\" \/><\/figure>\n\n\n\n<figure class=\"wp-block-image size-large\"><img loading=\"lazy\" decoding=\"async\" width=\"1024\" height=\"768\" data-id=\"8094\" src=\"https:\/\/biblioteka-milicz.pl\/wp-content\/uploads\/2026\/03\/645697584_1336918755140773_8491042251706196910_n-1024x768.jpg\" alt=\"\" class=\"wp-image-8094\" srcset=\"http:\/\/biblioteka-milicz.pl\/wp-content\/uploads\/2026\/03\/645697584_1336918755140773_8491042251706196910_n-1024x768.jpg 1024w, http:\/\/biblioteka-milicz.pl\/wp-content\/uploads\/2026\/03\/645697584_1336918755140773_8491042251706196910_n-300x225.jpg 300w, http:\/\/biblioteka-milicz.pl\/wp-content\/uploads\/2026\/03\/645697584_1336918755140773_8491042251706196910_n-768x576.jpg 768w, http:\/\/biblioteka-milicz.pl\/wp-content\/uploads\/2026\/03\/645697584_1336918755140773_8491042251706196910_n-1536x1152.jpg 1536w, http:\/\/biblioteka-milicz.pl\/wp-content\/uploads\/2026\/03\/645697584_1336918755140773_8491042251706196910_n.jpg 2048w\" sizes=\"auto, (max-width: 1024px) 100vw, 1024px\" \/><\/figure>\n\n\n\n<figure class=\"wp-block-image size-large\"><img loading=\"lazy\" decoding=\"async\" width=\"1024\" height=\"768\" data-id=\"8096\" src=\"https:\/\/biblioteka-milicz.pl\/wp-content\/uploads\/2026\/03\/645705191_1336918161807499_7963962489189587498_n-1024x768.jpg\" alt=\"\" class=\"wp-image-8096\" srcset=\"http:\/\/biblioteka-milicz.pl\/wp-content\/uploads\/2026\/03\/645705191_1336918161807499_7963962489189587498_n-1024x768.jpg 1024w, http:\/\/biblioteka-milicz.pl\/wp-content\/uploads\/2026\/03\/645705191_1336918161807499_7963962489189587498_n-300x225.jpg 300w, http:\/\/biblioteka-milicz.pl\/wp-content\/uploads\/2026\/03\/645705191_1336918161807499_7963962489189587498_n-768x576.jpg 768w, http:\/\/biblioteka-milicz.pl\/wp-content\/uploads\/2026\/03\/645705191_1336918161807499_7963962489189587498_n-1536x1152.jpg 1536w, http:\/\/biblioteka-milicz.pl\/wp-content\/uploads\/2026\/03\/645705191_1336918161807499_7963962489189587498_n.jpg 2048w\" sizes=\"auto, (max-width: 1024px) 100vw, 1024px\" \/><\/figure>\n\n\n\n<figure class=\"wp-block-image size-large\"><img loading=\"lazy\" decoding=\"async\" width=\"1024\" height=\"768\" data-id=\"8091\" src=\"https:\/\/biblioteka-milicz.pl\/wp-content\/uploads\/2026\/03\/646234998_1336918695140779_7461667157486807070_n-1024x768.jpg\" alt=\"\" class=\"wp-image-8091\" srcset=\"http:\/\/biblioteka-milicz.pl\/wp-content\/uploads\/2026\/03\/646234998_1336918695140779_7461667157486807070_n-1024x768.jpg 1024w, http:\/\/biblioteka-milicz.pl\/wp-content\/uploads\/2026\/03\/646234998_1336918695140779_7461667157486807070_n-300x225.jpg 300w, http:\/\/biblioteka-milicz.pl\/wp-content\/uploads\/2026\/03\/646234998_1336918695140779_7461667157486807070_n-768x576.jpg 768w, http:\/\/biblioteka-milicz.pl\/wp-content\/uploads\/2026\/03\/646234998_1336918695140779_7461667157486807070_n-1536x1152.jpg 1536w, http:\/\/biblioteka-milicz.pl\/wp-content\/uploads\/2026\/03\/646234998_1336918695140779_7461667157486807070_n.jpg 2048w\" sizes=\"auto, (max-width: 1024px) 100vw, 1024px\" \/><\/figure>\n\n\n\n<figure class=\"wp-block-image size-large\"><img loading=\"lazy\" decoding=\"async\" width=\"1024\" height=\"768\" data-id=\"8095\" src=\"https:\/\/biblioteka-milicz.pl\/wp-content\/uploads\/2026\/03\/646739527_1336919028474079_9121896926124539687_n-1024x768.jpg\" alt=\"\" class=\"wp-image-8095\" srcset=\"http:\/\/biblioteka-milicz.pl\/wp-content\/uploads\/2026\/03\/646739527_1336919028474079_9121896926124539687_n-1024x768.jpg 1024w, http:\/\/biblioteka-milicz.pl\/wp-content\/uploads\/2026\/03\/646739527_1336919028474079_9121896926124539687_n-300x225.jpg 300w, http:\/\/biblioteka-milicz.pl\/wp-content\/uploads\/2026\/03\/646739527_1336919028474079_9121896926124539687_n-768x576.jpg 768w, http:\/\/biblioteka-milicz.pl\/wp-content\/uploads\/2026\/03\/646739527_1336919028474079_9121896926124539687_n-1536x1152.jpg 1536w, http:\/\/biblioteka-milicz.pl\/wp-content\/uploads\/2026\/03\/646739527_1336919028474079_9121896926124539687_n.jpg 2048w\" sizes=\"auto, (max-width: 1024px) 100vw, 1024px\" \/><\/figure>\n\n\n\n<figure class=\"wp-block-image size-large\"><img loading=\"lazy\" decoding=\"async\" width=\"1024\" height=\"768\" data-id=\"8098\" src=\"https:\/\/biblioteka-milicz.pl\/wp-content\/uploads\/2026\/03\/646979929_1336919691807346_2727112612323455667_n-1024x768.jpg\" alt=\"\" class=\"wp-image-8098\" srcset=\"http:\/\/biblioteka-milicz.pl\/wp-content\/uploads\/2026\/03\/646979929_1336919691807346_2727112612323455667_n-1024x768.jpg 1024w, http:\/\/biblioteka-milicz.pl\/wp-content\/uploads\/2026\/03\/646979929_1336919691807346_2727112612323455667_n-300x225.jpg 300w, http:\/\/biblioteka-milicz.pl\/wp-content\/uploads\/2026\/03\/646979929_1336919691807346_2727112612323455667_n-768x576.jpg 768w, http:\/\/biblioteka-milicz.pl\/wp-content\/uploads\/2026\/03\/646979929_1336919691807346_2727112612323455667_n-1536x1152.jpg 1536w, http:\/\/biblioteka-milicz.pl\/wp-content\/uploads\/2026\/03\/646979929_1336919691807346_2727112612323455667_n.jpg 2048w\" sizes=\"auto, (max-width: 1024px) 100vw, 1024px\" \/><\/figure>\n\n\n\n<figure class=\"wp-block-image size-large\"><img loading=\"lazy\" decoding=\"async\" width=\"1024\" height=\"768\" data-id=\"8093\" src=\"https:\/\/biblioteka-milicz.pl\/wp-content\/uploads\/2026\/03\/647003065_1336918885140760_8546409277069823666_n-1024x768.jpg\" alt=\"\" class=\"wp-image-8093\" srcset=\"http:\/\/biblioteka-milicz.pl\/wp-content\/uploads\/2026\/03\/647003065_1336918885140760_8546409277069823666_n-1024x768.jpg 1024w, http:\/\/biblioteka-milicz.pl\/wp-content\/uploads\/2026\/03\/647003065_1336918885140760_8546409277069823666_n-300x225.jpg 300w, http:\/\/biblioteka-milicz.pl\/wp-content\/uploads\/2026\/03\/647003065_1336918885140760_8546409277069823666_n-768x576.jpg 768w, http:\/\/biblioteka-milicz.pl\/wp-content\/uploads\/2026\/03\/647003065_1336918885140760_8546409277069823666_n-1536x1152.jpg 1536w, http:\/\/biblioteka-milicz.pl\/wp-content\/uploads\/2026\/03\/647003065_1336918885140760_8546409277069823666_n.jpg 2048w\" sizes=\"auto, (max-width: 1024px) 100vw, 1024px\" \/><\/figure>\n\n\n\n<figure class=\"wp-block-image size-large\"><img loading=\"lazy\" decoding=\"async\" width=\"1024\" height=\"777\" data-id=\"8092\" src=\"https:\/\/biblioteka-milicz.pl\/wp-content\/uploads\/2026\/03\/647034385_1336917948474187_6786451310526095843_n-1024x777.jpg\" alt=\"\" class=\"wp-image-8092\" srcset=\"http:\/\/biblioteka-milicz.pl\/wp-content\/uploads\/2026\/03\/647034385_1336917948474187_6786451310526095843_n-1024x777.jpg 1024w, http:\/\/biblioteka-milicz.pl\/wp-content\/uploads\/2026\/03\/647034385_1336917948474187_6786451310526095843_n-300x227.jpg 300w, http:\/\/biblioteka-milicz.pl\/wp-content\/uploads\/2026\/03\/647034385_1336917948474187_6786451310526095843_n-768x582.jpg 768w, http:\/\/biblioteka-milicz.pl\/wp-content\/uploads\/2026\/03\/647034385_1336917948474187_6786451310526095843_n-1536x1165.jpg 1536w, http:\/\/biblioteka-milicz.pl\/wp-content\/uploads\/2026\/03\/647034385_1336917948474187_6786451310526095843_n.jpg 2048w\" sizes=\"auto, (max-width: 1024px) 100vw, 1024px\" \/><\/figure>\n\n\n\n<figure class=\"wp-block-image size-large\"><img loading=\"lazy\" decoding=\"async\" width=\"1024\" height=\"768\" data-id=\"8097\" src=\"https:\/\/biblioteka-milicz.pl\/wp-content\/uploads\/2026\/03\/647377909_1336919988473983_7533062941709103767_n-1024x768.jpg\" alt=\"\" class=\"wp-image-8097\" srcset=\"http:\/\/biblioteka-milicz.pl\/wp-content\/uploads\/2026\/03\/647377909_1336919988473983_7533062941709103767_n-1024x768.jpg 1024w, http:\/\/biblioteka-milicz.pl\/wp-content\/uploads\/2026\/03\/647377909_1336919988473983_7533062941709103767_n-300x225.jpg 300w, http:\/\/biblioteka-milicz.pl\/wp-content\/uploads\/2026\/03\/647377909_1336919988473983_7533062941709103767_n-768x576.jpg 768w, http:\/\/biblioteka-milicz.pl\/wp-content\/uploads\/2026\/03\/647377909_1336919988473983_7533062941709103767_n-1536x1152.jpg 1536w, http:\/\/biblioteka-milicz.pl\/wp-content\/uploads\/2026\/03\/647377909_1336919988473983_7533062941709103767_n.jpg 2048w\" sizes=\"auto, (max-width: 1024px) 100vw, 1024px\" \/><\/figure>\n<\/figure>\n","protected":false},"excerpt":{"rendered":"<p>Z okazji obchodzonego 3 marca Mi\u0119dzynarodowego Dnia Pisarza, 4 marca nasz Oddzia\u0142 Dzieci\u0119cy odwiedzili uczniowie klasy 2 c wraz z Pani\u0105 Mart\u0105 ze Szko\u0142y Podstawowej nr 1 im. Miko\u0142aja Kopernika w Miliczu. Podczas spotkania&#46;&#46;&#46;<\/p>\n","protected":false},"author":2,"featured_media":8099,"comment_status":"closed","ping_status":"closed","sticky":false,"template":"","format":"standard","meta":{"_uag_custom_page_level_css":"","footnotes":""},"categories":[3],"tags":[],"class_list":["post-8089","post","type-post","status-publish","format-standard","has-post-thumbnail","hentry","category-aktualnosci"],"uagb_featured_image_src":{"full":["http:\/\/biblioteka-milicz.pl\/wp-content\/uploads\/2026\/03\/dzien-pisarza-1.jpg",2048,1536,false],"thumbnail":["http:\/\/biblioteka-milicz.pl\/wp-content\/uploads\/2026\/03\/dzien-pisarza-1-150x150.jpg",150,150,true],"medium":["http:\/\/biblioteka-milicz.pl\/wp-content\/uploads\/2026\/03\/dzien-pisarza-1-300x225.jpg",300,225,true],"medium_large":["http:\/\/biblioteka-milicz.pl\/wp-content\/uploads\/2026\/03\/dzien-pisarza-1-768x576.jpg",768,576,true],"large":["http:\/\/biblioteka-milicz.pl\/wp-content\/uploads\/2026\/03\/dzien-pisarza-1-1024x768.jpg",1024,768,true],"1536x1536":["http:\/\/biblioteka-milicz.pl\/wp-content\/uploads\/2026\/03\/dzien-pisarza-1-1536x1152.jpg",1536,1152,true],"2048x2048":["http:\/\/biblioteka-milicz.pl\/wp-content\/uploads\/2026\/03\/dzien-pisarza-1.jpg",2048,1536,false],"thumb-small":["http:\/\/biblioteka-milicz.pl\/wp-content\/uploads\/2026\/03\/dzien-pisarza-1-80x80.jpg",80,80,true],"thumb-standard":["http:\/\/biblioteka-milicz.pl\/wp-content\/uploads\/2026\/03\/dzien-pisarza-1-320x320.jpg",320,320,true],"thumb-medium":["http:\/\/biblioteka-milicz.pl\/wp-content\/uploads\/2026\/03\/dzien-pisarza-1-520x245.jpg",520,245,true],"thumb-large":["http:\/\/biblioteka-milicz.pl\/wp-content\/uploads\/2026\/03\/dzien-pisarza-1-720x340.jpg",720,340,true],"thumb-xlarge":["http:\/\/biblioteka-milicz.pl\/wp-content\/uploads\/2026\/03\/dzien-pisarza-1-980x450.jpg",980,450,true],"thumb-xxlarge":["http:\/\/biblioteka-milicz.pl\/wp-content\/uploads\/2026\/03\/dzien-pisarza-1-1320x500.jpg",1320,500,true]},"uagb_author_info":{"display_name":"Marlena Grodzi\u0144ska","author_link":"http:\/\/biblioteka-milicz.pl\/index.php\/author\/marlena\/"},"uagb_comment_info":0,"uagb_excerpt":"Z okazji obchodzonego 3 marca Mi\u0119dzynarodowego Dnia Pisarza, 4 marca nasz Oddzia\u0142 Dzieci\u0119cy odwiedzili uczniowie klasy 2 c wraz z Pani\u0105 Mart\u0105 ze Szko\u0142y Podstawowej nr 1 im. Miko\u0142aja Kopernika w Miliczu. Podczas spotkania&#46;&#46;&#46;","_links":{"self":[{"href":"http:\/\/biblioteka-milicz.pl\/index.php\/wp-json\/wp\/v2\/posts\/8089","targetHints":{"allow":["GET"]}}],"collection":[{"href":"http:\/\/biblioteka-milicz.pl\/index.php\/wp-json\/wp\/v2\/posts"}],"about":[{"href":"http:\/\/biblioteka-milicz.pl\/index.php\/wp-json\/wp\/v2\/types\/post"}],"author":[{"embeddable":true,"href":"http:\/\/biblioteka-milicz.pl\/index.php\/wp-json\/wp\/v2\/users\/2"}],"replies":[{"embeddable":true,"href":"http:\/\/biblioteka-milicz.pl\/index.php\/wp-json\/wp\/v2\/comments?post=8089"}],"version-history":[{"count":1,"href":"http:\/\/biblioteka-milicz.pl\/index.php\/wp-json\/wp\/v2\/posts\/8089\/revisions"}],"predecessor-version":[{"id":8100,"href":"http:\/\/biblioteka-milicz.pl\/index.php\/wp-json\/wp\/v2\/posts\/8089\/revisions\/8100"}],"wp:featuredmedia":[{"embeddable":true,"href":"http:\/\/biblioteka-milicz.pl\/index.php\/wp-json\/wp\/v2\/media\/8099"}],"wp:attachment":[{"href":"http:\/\/biblioteka-milicz.pl\/index.php\/wp-json\/wp\/v2\/media?parent=8089"}],"wp:term":[{"taxonomy":"category","embeddable":true,"href":"http:\/\/biblioteka-milicz.pl\/index.php\/wp-json\/wp\/v2\/categories?post=8089"},{"taxonomy":"post_tag","embeddable":true,"href":"http:\/\/biblioteka-milicz.pl\/index.php\/wp-json\/wp\/v2\/tags?post=8089"}],"curies":[{"name":"wp","href":"https:\/\/api.w.org\/{rel}","templated":true}]}}