{"id":8043,"date":"2026-03-02T11:30:21","date_gmt":"2026-03-02T10:30:21","guid":{"rendered":"https:\/\/biblioteka-milicz.pl\/?p=8043"},"modified":"2026-03-12T11:32:15","modified_gmt":"2026-03-12T10:32:15","slug":"o-jezyku-polskim-i-dinozaurach","status":"publish","type":"post","link":"http:\/\/biblioteka-milicz.pl\/index.php\/2026\/03\/02\/o-jezyku-polskim-i-dinozaurach\/","title":{"rendered":"O j\u0119zyku polskim i\u2026 dinozaurach"},"content":{"rendered":"\n<p>27 lutego na pi\u0105tkowe ksi\u0105\u017ckobranie do su\u0142owskiej filii bibliotecznej przyszli uczniowie klasy 3. Nasze spotkanie zosta\u0142o wcze\u015bniej prze\u0142o\u017cone o tydzie\u0144 z powodu deszczowej pogody, dlatego tym razem mieli\u015bmy okazj\u0119 nadrobi\u0107 \u201ezaleg\u0142y\u201d temat, jakim by\u0142 obchodzony w lutym Dzie\u0144 J\u0119zyka Ojczystego.<\/p>\n\n\n\n<p>Rozmawiali\u015bmy o tym, jak wa\u017cny jest dla nas j\u0119zyk polski, kt\u00f3ry daje nam poczucie przynale\u017cno\u015bci do narodu, kultury oraz historycznego dziedzictwa. Wszyscy zgodzili\u015bmy si\u0119, \u017ce nasz j\u0119zyk wcale nie nale\u017cy do naj\u0142atwiejszych. Uczniowie pr\u00f3bowali swoich si\u0142 w czytaniu \u201etrzeszcz\u0105cych\u201d wierszyk\u00f3w i \u0142ama\u0144c\u00f3w j\u0119zykowych, co wywo\u0142a\u0142o sporo \u015bmiechu. Wsp\u00f3lnie doszli\u015bmy jednak do wniosku, \u017ce mamy wielkie szcz\u0119\u015bcie \u2013 umiej\u0119tno\u015b\u0107 pos\u0142ugiwania si\u0119 jednym z najtrudniejszych j\u0119zyk\u00f3w \u015bwiata otrzymali\u015bmy niejako \u201ew pakiecie\u201d, rodz\u0105c si\u0119 w Polsce. Cho\u0107 wielu uczestnik\u00f3w przyzna\u0142o, \u017ce gdyby ortografia by\u0142a cho\u0107 troch\u0119 \u0142atwiejsza, nauka j\u0119zyka polskiego by\u0142aby jeszcze przyjemniejsza.<\/p>\n\n\n\n<p>Druga cz\u0119\u015b\u0107 zaj\u0119\u0107 by\u0142a po\u015bwi\u0119cona zupe\u0142nie innemu, ale r\u00f3wnie ciekawemu tematowi. Okaza\u0142o si\u0119 bowiem, \u017ce swoje \u015bwi\u0119to maj\u0105 tak\u017ce dinozaury. Cho\u0107 dzieci wiedzia\u0142y ju\u017c o nich naprawd\u0119 sporo, zawsze mo\u017cna odkry\u0107 kolejne interesuj\u0105ce fakty. Dowiedzieli\u015bmy si\u0119 mi\u0119dzy innymi, \u017ce do dalekich krewnych i potomk\u00f3w dinozaur\u00f3w zalicza si\u0119 krokodyle, rekiny oraz\u2026 kury. Rozmawiali\u015bmy r\u00f3wnie\u017c o tym, jak ogromne potrafi\u0142y by\u0107 te prehistoryczne zwierz\u0119ta \u2013 najwi\u0119ksze z nich osi\u0105ga\u0142y nawet 58 metr\u00f3w d\u0142ugo\u015bci, a najmniejsze mia\u0142y zaledwie oko\u0142o 50 centymetr\u00f3w.<\/p>\n\n\n\n<p>Na zako\u0144czenie spotkania przyszed\u0142 czas na zaj\u0119cia plastyczne. Dzieci z du\u017c\u0105 przyjemno\u015bci\u0105 rysowa\u0142y i kolorowa\u0142y r\u00f3\u017cne postacie dinozaur\u00f3w, wykazuj\u0105c si\u0119 przy tym spor\u0105 wyobra\u017ani\u0105. Tradycyjnie nie mog\u0142o te\u017c zabrakn\u0105\u0107 chwili na buszowanie w\u015br\u00f3d ksi\u0105\u017cek, bo przecie\u017c najlepsze lektury to te, kt\u00f3re wybieramy samodzielnie.<\/p>\n\n\n\n<figure class=\"wp-block-gallery has-nested-images columns-default is-cropped wp-block-gallery-1 is-layout-flex wp-block-gallery-is-layout-flex\">\n<figure class=\"wp-block-image size-large\"><img loading=\"lazy\" decoding=\"async\" width=\"768\" height=\"1024\" data-id=\"8044\" src=\"https:\/\/biblioteka-milicz.pl\/wp-content\/uploads\/2026\/03\/643364215_1334000262099289_8091490569262118172_n-768x1024.jpg\" alt=\"\" class=\"wp-image-8044\" srcset=\"http:\/\/biblioteka-milicz.pl\/wp-content\/uploads\/2026\/03\/643364215_1334000262099289_8091490569262118172_n-768x1024.jpg 768w, http:\/\/biblioteka-milicz.pl\/wp-content\/uploads\/2026\/03\/643364215_1334000262099289_8091490569262118172_n-225x300.jpg 225w, http:\/\/biblioteka-milicz.pl\/wp-content\/uploads\/2026\/03\/643364215_1334000262099289_8091490569262118172_n-1152x1536.jpg 1152w, http:\/\/biblioteka-milicz.pl\/wp-content\/uploads\/2026\/03\/643364215_1334000262099289_8091490569262118172_n.jpg 1536w\" sizes=\"auto, (max-width: 768px) 100vw, 768px\" \/><\/figure>\n\n\n\n<figure class=\"wp-block-image size-large\"><img loading=\"lazy\" decoding=\"async\" width=\"768\" height=\"1024\" data-id=\"8045\" src=\"https:\/\/biblioteka-milicz.pl\/wp-content\/uploads\/2026\/03\/643418794_1334000388765943_4855432010535329545_n-768x1024.jpg\" alt=\"\" class=\"wp-image-8045\" srcset=\"http:\/\/biblioteka-milicz.pl\/wp-content\/uploads\/2026\/03\/643418794_1334000388765943_4855432010535329545_n-768x1024.jpg 768w, http:\/\/biblioteka-milicz.pl\/wp-content\/uploads\/2026\/03\/643418794_1334000388765943_4855432010535329545_n-225x300.jpg 225w, http:\/\/biblioteka-milicz.pl\/wp-content\/uploads\/2026\/03\/643418794_1334000388765943_4855432010535329545_n-1152x1536.jpg 1152w, http:\/\/biblioteka-milicz.pl\/wp-content\/uploads\/2026\/03\/643418794_1334000388765943_4855432010535329545_n.jpg 1536w\" sizes=\"auto, (max-width: 768px) 100vw, 768px\" \/><\/figure>\n\n\n\n<figure class=\"wp-block-image size-large\"><img loading=\"lazy\" decoding=\"async\" width=\"768\" height=\"1024\" data-id=\"8046\" src=\"https:\/\/biblioteka-milicz.pl\/wp-content\/uploads\/2026\/03\/644529095_1334000338765948_8827411714385339437_n-768x1024.jpg\" alt=\"\" class=\"wp-image-8046\" srcset=\"http:\/\/biblioteka-milicz.pl\/wp-content\/uploads\/2026\/03\/644529095_1334000338765948_8827411714385339437_n-768x1024.jpg 768w, http:\/\/biblioteka-milicz.pl\/wp-content\/uploads\/2026\/03\/644529095_1334000338765948_8827411714385339437_n-225x300.jpg 225w, http:\/\/biblioteka-milicz.pl\/wp-content\/uploads\/2026\/03\/644529095_1334000338765948_8827411714385339437_n-1152x1536.jpg 1152w, http:\/\/biblioteka-milicz.pl\/wp-content\/uploads\/2026\/03\/644529095_1334000338765948_8827411714385339437_n.jpg 1536w\" sizes=\"auto, (max-width: 768px) 100vw, 768px\" \/><\/figure>\n<\/figure>\n","protected":false},"excerpt":{"rendered":"<p>27 lutego na pi\u0105tkowe ksi\u0105\u017ckobranie do su\u0142owskiej filii bibliotecznej przyszli uczniowie klasy 3. Nasze spotkanie zosta\u0142o wcze\u015bniej prze\u0142o\u017cone o tydzie\u0144 z powodu deszczowej pogody, dlatego tym razem mieli\u015bmy okazj\u0119 nadrobi\u0107 \u201ezaleg\u0142y\u201d temat, jakim by\u0142&#46;&#46;&#46;<\/p>\n","protected":false},"author":2,"featured_media":8047,"comment_status":"closed","ping_status":"closed","sticky":false,"template":"","format":"standard","meta":{"_uag_custom_page_level_css":"","footnotes":""},"categories":[3],"tags":[],"class_list":["post-8043","post","type-post","status-publish","format-standard","has-post-thumbnail","hentry","category-aktualnosci"],"uagb_featured_image_src":{"full":["http:\/\/biblioteka-milicz.pl\/wp-content\/uploads\/2026\/03\/Dinozaury.jpg",1536,1152,false],"thumbnail":["http:\/\/biblioteka-milicz.pl\/wp-content\/uploads\/2026\/03\/Dinozaury-150x150.jpg",150,150,true],"medium":["http:\/\/biblioteka-milicz.pl\/wp-content\/uploads\/2026\/03\/Dinozaury-300x225.jpg",300,225,true],"medium_large":["http:\/\/biblioteka-milicz.pl\/wp-content\/uploads\/2026\/03\/Dinozaury-768x576.jpg",768,576,true],"large":["http:\/\/biblioteka-milicz.pl\/wp-content\/uploads\/2026\/03\/Dinozaury-1024x768.jpg",1024,768,true],"1536x1536":["http:\/\/biblioteka-milicz.pl\/wp-content\/uploads\/2026\/03\/Dinozaury.jpg",1536,1152,false],"2048x2048":["http:\/\/biblioteka-milicz.pl\/wp-content\/uploads\/2026\/03\/Dinozaury.jpg",1536,1152,false],"thumb-small":["http:\/\/biblioteka-milicz.pl\/wp-content\/uploads\/2026\/03\/Dinozaury-80x80.jpg",80,80,true],"thumb-standard":["http:\/\/biblioteka-milicz.pl\/wp-content\/uploads\/2026\/03\/Dinozaury-320x320.jpg",320,320,true],"thumb-medium":["http:\/\/biblioteka-milicz.pl\/wp-content\/uploads\/2026\/03\/Dinozaury-520x245.jpg",520,245,true],"thumb-large":["http:\/\/biblioteka-milicz.pl\/wp-content\/uploads\/2026\/03\/Dinozaury-720x340.jpg",720,340,true],"thumb-xlarge":["http:\/\/biblioteka-milicz.pl\/wp-content\/uploads\/2026\/03\/Dinozaury-980x450.jpg",980,450,true],"thumb-xxlarge":["http:\/\/biblioteka-milicz.pl\/wp-content\/uploads\/2026\/03\/Dinozaury-1320x500.jpg",1320,500,true]},"uagb_author_info":{"display_name":"Marlena Grodzi\u0144ska","author_link":"http:\/\/biblioteka-milicz.pl\/index.php\/author\/marlena\/"},"uagb_comment_info":0,"uagb_excerpt":"27 lutego na pi\u0105tkowe ksi\u0105\u017ckobranie do su\u0142owskiej filii bibliotecznej przyszli uczniowie klasy 3. Nasze spotkanie zosta\u0142o wcze\u015bniej prze\u0142o\u017cone o tydzie\u0144 z powodu deszczowej pogody, dlatego tym razem mieli\u015bmy okazj\u0119 nadrobi\u0107 \u201ezaleg\u0142y\u201d temat, jakim by\u0142&#46;&#46;&#46;","_links":{"self":[{"href":"http:\/\/biblioteka-milicz.pl\/index.php\/wp-json\/wp\/v2\/posts\/8043","targetHints":{"allow":["GET"]}}],"collection":[{"href":"http:\/\/biblioteka-milicz.pl\/index.php\/wp-json\/wp\/v2\/posts"}],"about":[{"href":"http:\/\/biblioteka-milicz.pl\/index.php\/wp-json\/wp\/v2\/types\/post"}],"author":[{"embeddable":true,"href":"http:\/\/biblioteka-milicz.pl\/index.php\/wp-json\/wp\/v2\/users\/2"}],"replies":[{"embeddable":true,"href":"http:\/\/biblioteka-milicz.pl\/index.php\/wp-json\/wp\/v2\/comments?post=8043"}],"version-history":[{"count":1,"href":"http:\/\/biblioteka-milicz.pl\/index.php\/wp-json\/wp\/v2\/posts\/8043\/revisions"}],"predecessor-version":[{"id":8048,"href":"http:\/\/biblioteka-milicz.pl\/index.php\/wp-json\/wp\/v2\/posts\/8043\/revisions\/8048"}],"wp:featuredmedia":[{"embeddable":true,"href":"http:\/\/biblioteka-milicz.pl\/index.php\/wp-json\/wp\/v2\/media\/8047"}],"wp:attachment":[{"href":"http:\/\/biblioteka-milicz.pl\/index.php\/wp-json\/wp\/v2\/media?parent=8043"}],"wp:term":[{"taxonomy":"category","embeddable":true,"href":"http:\/\/biblioteka-milicz.pl\/index.php\/wp-json\/wp\/v2\/categories?post=8043"},{"taxonomy":"post_tag","embeddable":true,"href":"http:\/\/biblioteka-milicz.pl\/index.php\/wp-json\/wp\/v2\/tags?post=8043"}],"curies":[{"name":"wp","href":"https:\/\/api.w.org\/{rel}","templated":true}]}}