{"id":8009,"date":"2026-02-26T15:49:00","date_gmt":"2026-02-26T14:49:00","guid":{"rendered":"https:\/\/biblioteka-milicz.pl\/?p=8009"},"modified":"2026-03-12T10:52:26","modified_gmt":"2026-03-12T09:52:26","slug":"spotkanie-z-jezykiem-polskim","status":"publish","type":"post","link":"http:\/\/biblioteka-milicz.pl\/index.php\/2026\/02\/26\/spotkanie-z-jezykiem-polskim\/","title":{"rendered":"Spotkanie z j\u0119zykiem polskim"},"content":{"rendered":"\n<p><strong>\u201eDbaj o j\u0119zyk i m\u00f3w poprawnie,<br>\u0142adnie, wyra\u017anie oraz dok\u0142adnie,<br>bo kto nie \u0107wiczy cz\u0119sto j\u0119zyka,<br>ten si\u0119 w m\u00f3wieniu potem potyka.\u201d<\/strong><br><em>Ma\u0142gorzata Strza\u0142kowska<\/em><\/p>\n\n\n\n<p>26 lutego nasz Oddzia\u0142 Dzieci\u0119cy odwiedzili uczniowie klasy 3 b ze Szko\u0142y Podstawowej nr 1 im. Miko\u0142aja Kopernika w Miliczu. Podczas wizyty wzi\u0119li udzia\u0142 w lekcji bibliotecznej po\u015bwi\u0119conej Mi\u0119dzynarodowemu Dniu J\u0119zyka Ojczystego, kt\u00f3ry obchodzony jest co roku w lutym.<\/p>\n\n\n\n<p>Trzecioklasi\u015bci bardzo ch\u0119tnie anga\u017cowali si\u0119 w przygotowane zaj\u0119cia. Uwa\u017cnie s\u0142uchali, aktywnie uczestniczyli w rozmowie i z du\u017cym zainteresowaniem dzielili si\u0119 swoimi spostrze\u017ceniami. Wsp\u00f3lnie zastanawiali\u015bmy si\u0119 nad trudno\u015bciami j\u0119zyka polskiego, podawali\u015bmy przyk\u0142ady wymagaj\u0105cej ortografii, a tak\u017ce pr\u00f3bowali\u015bmy swoich si\u0142 w czytaniu \u0142ama\u0144c\u00f3w j\u0119zykowych.<\/p>\n\n\n\n<p>Spotkanie przebiega\u0142o w mi\u0142ej i tw\u00f3rczej atmosferze. Na zako\u0144czenie znalaz\u0142a si\u0119 jeszcze chwila na przegl\u0105danie ciekawych ksi\u0105\u017cek, kt\u00f3re wzbudzi\u0142y w\u015br\u00f3d uczni\u00f3w du\u017ce zainteresowanie.<\/p>\n\n\n\n<figure class=\"wp-block-gallery has-nested-images columns-default is-cropped wp-block-gallery-1 is-layout-flex wp-block-gallery-is-layout-flex\">\n<figure class=\"wp-block-image size-large\"><img loading=\"lazy\" decoding=\"async\" width=\"768\" height=\"1024\" data-id=\"8010\" src=\"https:\/\/biblioteka-milicz.pl\/wp-content\/uploads\/2026\/03\/640293447_1331966342302681_9134407470205348279_n-768x1024.jpg\" alt=\"\" class=\"wp-image-8010\" srcset=\"http:\/\/biblioteka-milicz.pl\/wp-content\/uploads\/2026\/03\/640293447_1331966342302681_9134407470205348279_n-768x1024.jpg 768w, http:\/\/biblioteka-milicz.pl\/wp-content\/uploads\/2026\/03\/640293447_1331966342302681_9134407470205348279_n-225x300.jpg 225w, http:\/\/biblioteka-milicz.pl\/wp-content\/uploads\/2026\/03\/640293447_1331966342302681_9134407470205348279_n-1152x1536.jpg 1152w, http:\/\/biblioteka-milicz.pl\/wp-content\/uploads\/2026\/03\/640293447_1331966342302681_9134407470205348279_n.jpg 1536w\" sizes=\"auto, (max-width: 768px) 100vw, 768px\" \/><\/figure>\n\n\n\n<figure class=\"wp-block-image size-large\"><img loading=\"lazy\" decoding=\"async\" width=\"768\" height=\"1024\" data-id=\"8014\" src=\"https:\/\/biblioteka-milicz.pl\/wp-content\/uploads\/2026\/03\/643322330_1331966268969355_4981160755004488009_n-768x1024.jpg\" alt=\"\" class=\"wp-image-8014\" srcset=\"http:\/\/biblioteka-milicz.pl\/wp-content\/uploads\/2026\/03\/643322330_1331966268969355_4981160755004488009_n-768x1024.jpg 768w, http:\/\/biblioteka-milicz.pl\/wp-content\/uploads\/2026\/03\/643322330_1331966268969355_4981160755004488009_n-225x300.jpg 225w, http:\/\/biblioteka-milicz.pl\/wp-content\/uploads\/2026\/03\/643322330_1331966268969355_4981160755004488009_n-1152x1536.jpg 1152w, http:\/\/biblioteka-milicz.pl\/wp-content\/uploads\/2026\/03\/643322330_1331966268969355_4981160755004488009_n.jpg 1536w\" sizes=\"auto, (max-width: 768px) 100vw, 768px\" \/><\/figure>\n\n\n\n<figure class=\"wp-block-image size-large\"><img loading=\"lazy\" decoding=\"async\" width=\"768\" height=\"1024\" data-id=\"8011\" src=\"https:\/\/biblioteka-milicz.pl\/wp-content\/uploads\/2026\/03\/642766332_1331965745636074_6976883223341014147_n-768x1024.jpg\" alt=\"\" class=\"wp-image-8011\" srcset=\"http:\/\/biblioteka-milicz.pl\/wp-content\/uploads\/2026\/03\/642766332_1331965745636074_6976883223341014147_n-768x1024.jpg 768w, http:\/\/biblioteka-milicz.pl\/wp-content\/uploads\/2026\/03\/642766332_1331965745636074_6976883223341014147_n-225x300.jpg 225w, http:\/\/biblioteka-milicz.pl\/wp-content\/uploads\/2026\/03\/642766332_1331965745636074_6976883223341014147_n-1152x1536.jpg 1152w, http:\/\/biblioteka-milicz.pl\/wp-content\/uploads\/2026\/03\/642766332_1331965745636074_6976883223341014147_n.jpg 1536w\" sizes=\"auto, (max-width: 768px) 100vw, 768px\" \/><\/figure>\n\n\n\n<figure class=\"wp-block-image size-large\"><img loading=\"lazy\" decoding=\"async\" width=\"1024\" height=\"768\" data-id=\"8012\" src=\"https:\/\/biblioteka-milicz.pl\/wp-content\/uploads\/2026\/03\/641419537_1331966218969360_3066839449533166446_n-1024x768.jpg\" alt=\"\" class=\"wp-image-8012\" srcset=\"http:\/\/biblioteka-milicz.pl\/wp-content\/uploads\/2026\/03\/641419537_1331966218969360_3066839449533166446_n-1024x768.jpg 1024w, http:\/\/biblioteka-milicz.pl\/wp-content\/uploads\/2026\/03\/641419537_1331966218969360_3066839449533166446_n-300x225.jpg 300w, http:\/\/biblioteka-milicz.pl\/wp-content\/uploads\/2026\/03\/641419537_1331966218969360_3066839449533166446_n-768x576.jpg 768w, http:\/\/biblioteka-milicz.pl\/wp-content\/uploads\/2026\/03\/641419537_1331966218969360_3066839449533166446_n-1536x1152.jpg 1536w, http:\/\/biblioteka-milicz.pl\/wp-content\/uploads\/2026\/03\/641419537_1331966218969360_3066839449533166446_n.jpg 2048w\" sizes=\"auto, (max-width: 1024px) 100vw, 1024px\" \/><\/figure>\n\n\n\n<figure class=\"wp-block-image size-large\"><img loading=\"lazy\" decoding=\"async\" width=\"1024\" height=\"768\" data-id=\"8013\" src=\"https:\/\/biblioteka-milicz.pl\/wp-content\/uploads\/2026\/03\/643304626_1331965442302771_6145743290221125782_n-1024x768.jpg\" alt=\"\" class=\"wp-image-8013\" srcset=\"http:\/\/biblioteka-milicz.pl\/wp-content\/uploads\/2026\/03\/643304626_1331965442302771_6145743290221125782_n-1024x768.jpg 1024w, http:\/\/biblioteka-milicz.pl\/wp-content\/uploads\/2026\/03\/643304626_1331965442302771_6145743290221125782_n-300x225.jpg 300w, http:\/\/biblioteka-milicz.pl\/wp-content\/uploads\/2026\/03\/643304626_1331965442302771_6145743290221125782_n-768x576.jpg 768w, http:\/\/biblioteka-milicz.pl\/wp-content\/uploads\/2026\/03\/643304626_1331965442302771_6145743290221125782_n-1536x1152.jpg 1536w, http:\/\/biblioteka-milicz.pl\/wp-content\/uploads\/2026\/03\/643304626_1331965442302771_6145743290221125782_n.jpg 2048w\" sizes=\"auto, (max-width: 1024px) 100vw, 1024px\" \/><\/figure>\n<\/figure>\n","protected":false},"excerpt":{"rendered":"<p>\u201eDbaj o j\u0119zyk i m\u00f3w poprawnie,\u0142adnie, wyra\u017anie oraz dok\u0142adnie,bo kto nie \u0107wiczy cz\u0119sto j\u0119zyka,ten si\u0119 w m\u00f3wieniu potem potyka.\u201dMa\u0142gorzata Strza\u0142kowska 26 lutego nasz Oddzia\u0142 Dzieci\u0119cy odwiedzili uczniowie klasy 3 b ze Szko\u0142y Podstawowej nr&#46;&#46;&#46;<\/p>\n","protected":false},"author":2,"featured_media":8015,"comment_status":"closed","ping_status":"closed","sticky":false,"template":"","format":"standard","meta":{"_uag_custom_page_level_css":"","footnotes":""},"categories":[3],"tags":[],"class_list":["post-8009","post","type-post","status-publish","format-standard","has-post-thumbnail","hentry","category-aktualnosci"],"uagb_featured_image_src":{"full":["http:\/\/biblioteka-milicz.pl\/wp-content\/uploads\/2026\/03\/DJO3.jpg",1536,1152,false],"thumbnail":["http:\/\/biblioteka-milicz.pl\/wp-content\/uploads\/2026\/03\/DJO3-150x150.jpg",150,150,true],"medium":["http:\/\/biblioteka-milicz.pl\/wp-content\/uploads\/2026\/03\/DJO3-300x225.jpg",300,225,true],"medium_large":["http:\/\/biblioteka-milicz.pl\/wp-content\/uploads\/2026\/03\/DJO3-768x576.jpg",768,576,true],"large":["http:\/\/biblioteka-milicz.pl\/wp-content\/uploads\/2026\/03\/DJO3-1024x768.jpg",1024,768,true],"1536x1536":["http:\/\/biblioteka-milicz.pl\/wp-content\/uploads\/2026\/03\/DJO3.jpg",1536,1152,false],"2048x2048":["http:\/\/biblioteka-milicz.pl\/wp-content\/uploads\/2026\/03\/DJO3.jpg",1536,1152,false],"thumb-small":["http:\/\/biblioteka-milicz.pl\/wp-content\/uploads\/2026\/03\/DJO3-80x80.jpg",80,80,true],"thumb-standard":["http:\/\/biblioteka-milicz.pl\/wp-content\/uploads\/2026\/03\/DJO3-320x320.jpg",320,320,true],"thumb-medium":["http:\/\/biblioteka-milicz.pl\/wp-content\/uploads\/2026\/03\/DJO3-520x245.jpg",520,245,true],"thumb-large":["http:\/\/biblioteka-milicz.pl\/wp-content\/uploads\/2026\/03\/DJO3-720x340.jpg",720,340,true],"thumb-xlarge":["http:\/\/biblioteka-milicz.pl\/wp-content\/uploads\/2026\/03\/DJO3-980x450.jpg",980,450,true],"thumb-xxlarge":["http:\/\/biblioteka-milicz.pl\/wp-content\/uploads\/2026\/03\/DJO3-1320x500.jpg",1320,500,true]},"uagb_author_info":{"display_name":"Marlena Grodzi\u0144ska","author_link":"http:\/\/biblioteka-milicz.pl\/index.php\/author\/marlena\/"},"uagb_comment_info":0,"uagb_excerpt":"\u201eDbaj o j\u0119zyk i m\u00f3w poprawnie,\u0142adnie, wyra\u017anie oraz dok\u0142adnie,bo kto nie \u0107wiczy cz\u0119sto j\u0119zyka,ten si\u0119 w m\u00f3wieniu potem potyka.\u201dMa\u0142gorzata Strza\u0142kowska 26 lutego nasz Oddzia\u0142 Dzieci\u0119cy odwiedzili uczniowie klasy 3 b ze Szko\u0142y Podstawowej nr&#46;&#46;&#46;","_links":{"self":[{"href":"http:\/\/biblioteka-milicz.pl\/index.php\/wp-json\/wp\/v2\/posts\/8009","targetHints":{"allow":["GET"]}}],"collection":[{"href":"http:\/\/biblioteka-milicz.pl\/index.php\/wp-json\/wp\/v2\/posts"}],"about":[{"href":"http:\/\/biblioteka-milicz.pl\/index.php\/wp-json\/wp\/v2\/types\/post"}],"author":[{"embeddable":true,"href":"http:\/\/biblioteka-milicz.pl\/index.php\/wp-json\/wp\/v2\/users\/2"}],"replies":[{"embeddable":true,"href":"http:\/\/biblioteka-milicz.pl\/index.php\/wp-json\/wp\/v2\/comments?post=8009"}],"version-history":[{"count":1,"href":"http:\/\/biblioteka-milicz.pl\/index.php\/wp-json\/wp\/v2\/posts\/8009\/revisions"}],"predecessor-version":[{"id":8016,"href":"http:\/\/biblioteka-milicz.pl\/index.php\/wp-json\/wp\/v2\/posts\/8009\/revisions\/8016"}],"wp:featuredmedia":[{"embeddable":true,"href":"http:\/\/biblioteka-milicz.pl\/index.php\/wp-json\/wp\/v2\/media\/8015"}],"wp:attachment":[{"href":"http:\/\/biblioteka-milicz.pl\/index.php\/wp-json\/wp\/v2\/media?parent=8009"}],"wp:term":[{"taxonomy":"category","embeddable":true,"href":"http:\/\/biblioteka-milicz.pl\/index.php\/wp-json\/wp\/v2\/categories?post=8009"},{"taxonomy":"post_tag","embeddable":true,"href":"http:\/\/biblioteka-milicz.pl\/index.php\/wp-json\/wp\/v2\/tags?post=8009"}],"curies":[{"name":"wp","href":"https:\/\/api.w.org\/{rel}","templated":true}]}}