{"id":8002,"date":"2026-02-25T16:42:00","date_gmt":"2026-02-25T15:42:00","guid":{"rendered":"https:\/\/biblioteka-milicz.pl\/?p=8002"},"modified":"2026-03-12T10:44:05","modified_gmt":"2026-03-12T09:44:05","slug":"dzien-zakladki-do-ksiazki","status":"publish","type":"post","link":"http:\/\/biblioteka-milicz.pl\/index.php\/2026\/02\/25\/dzien-zakladki-do-ksiazki\/","title":{"rendered":"Dzie\u0144 Zak\u0142adki do Ksi\u0105\u017cki"},"content":{"rendered":"\n<p>Ma\u0142y, ale niezwykle u\u017cyteczny towarzysz ka\u017cdego czytelnika r\u00f3wnie\u017c ma swoje \u015bwi\u0119to. Mowa oczywi\u015bcie o zak\u0142adce do ksi\u0105\u017cki, kt\u00f3ra 25 lutego sta\u0142a si\u0119 bohaterk\u0105 spotkania z pierwszoklasistami podczas \u015brodowego Ksi\u0105\u017ckobrania w su\u0142owskiej filii bibliotecznej.<\/p>\n\n\n\n<p>Podczas zaj\u0119\u0107 uczniowie poznali kilka ciekawostek z historii tego niepozornego, ale bardzo pomocnego przedmiotu. Dowiedzieli si\u0119 mi\u0119dzy innymi, \u017ce historia zak\u0142adki do ksi\u0105\u017cki si\u0119ga a\u017c dw\u00f3ch tysi\u0119cy lat, a pierwsze zak\u0142adki wykonywano z pask\u00f3w sk\u00f3ry lub pergaminu. Rozmawiali\u015bmy tak\u017ce o tym, \u017ce wsp\u00f3\u0142cze\u015bnie wiele os\u00f3b kolekcjonuje zak\u0142adki, tworz\u0105c imponuj\u0105ce zbiory o najr\u00f3\u017cniejszych kszta\u0142tach, kolorach i formach.<\/p>\n\n\n\n<p>Spotkanie by\u0142o r\u00f3wnie\u017c okazj\u0105 do rozwijania kreatywno\u015bci. Uczniowie z du\u017cym zaanga\u017cowaniem przyst\u0105pili do pracy i w\u0142asnor\u0119cznie wykonali swoje wymarzone, najpi\u0119kniejsze zak\u0142adki do ksi\u0105\u017cek. Ka\u017cda z nich by\u0142a wyj\u0105tkowa i niepowtarzalna.<\/p>\n\n\n\n<p>Na zako\u0144czenie spotkania pozosta\u0142o ju\u017c tylko wybra\u0107 i wypo\u017cyczy\u0107 kilka ksi\u0105\u017cek, w kt\u00f3rych bohaterka dnia \u2013 zak\u0142adka \u2013 b\u0119dzie mog\u0142a najlepiej spe\u0142nia\u0107 swoj\u0105 rol\u0119.<\/p>\n\n\n\n<figure class=\"wp-block-gallery has-nested-images columns-default is-cropped wp-block-gallery-1 is-layout-flex wp-block-gallery-is-layout-flex\">\n<figure class=\"wp-block-image size-large\"><img loading=\"lazy\" decoding=\"async\" width=\"720\" height=\"960\" data-id=\"8003\" src=\"https:\/\/biblioteka-milicz.pl\/wp-content\/uploads\/2026\/03\/641252304_1331385225694126_7392609009195813710_n.jpg\" alt=\"\" class=\"wp-image-8003\" srcset=\"http:\/\/biblioteka-milicz.pl\/wp-content\/uploads\/2026\/03\/641252304_1331385225694126_7392609009195813710_n.jpg 720w, http:\/\/biblioteka-milicz.pl\/wp-content\/uploads\/2026\/03\/641252304_1331385225694126_7392609009195813710_n-225x300.jpg 225w\" sizes=\"auto, (max-width: 720px) 100vw, 720px\" \/><\/figure>\n\n\n\n<figure class=\"wp-block-image size-large\"><img loading=\"lazy\" decoding=\"async\" width=\"720\" height=\"960\" data-id=\"8004\" src=\"https:\/\/biblioteka-milicz.pl\/wp-content\/uploads\/2026\/03\/641270448_1331385129027469_2319003176891164614_n.jpg\" alt=\"\" class=\"wp-image-8004\" srcset=\"http:\/\/biblioteka-milicz.pl\/wp-content\/uploads\/2026\/03\/641270448_1331385129027469_2319003176891164614_n.jpg 720w, http:\/\/biblioteka-milicz.pl\/wp-content\/uploads\/2026\/03\/641270448_1331385129027469_2319003176891164614_n-225x300.jpg 225w\" sizes=\"auto, (max-width: 720px) 100vw, 720px\" \/><\/figure>\n\n\n\n<figure class=\"wp-block-image size-large\"><img loading=\"lazy\" decoding=\"async\" width=\"720\" height=\"960\" data-id=\"8005\" src=\"https:\/\/biblioteka-milicz.pl\/wp-content\/uploads\/2026\/03\/641512344_1331385152360800_5568160410205216453_n.jpg\" alt=\"\" class=\"wp-image-8005\" srcset=\"http:\/\/biblioteka-milicz.pl\/wp-content\/uploads\/2026\/03\/641512344_1331385152360800_5568160410205216453_n.jpg 720w, http:\/\/biblioteka-milicz.pl\/wp-content\/uploads\/2026\/03\/641512344_1331385152360800_5568160410205216453_n-225x300.jpg 225w\" sizes=\"auto, (max-width: 720px) 100vw, 720px\" \/><\/figure>\n\n\n\n<figure class=\"wp-block-image size-large\"><img loading=\"lazy\" decoding=\"async\" width=\"720\" height=\"960\" data-id=\"8006\" src=\"https:\/\/biblioteka-milicz.pl\/wp-content\/uploads\/2026\/03\/641277881_1331385005694148_8171399629537938724_n.jpg\" alt=\"\" class=\"wp-image-8006\" srcset=\"http:\/\/biblioteka-milicz.pl\/wp-content\/uploads\/2026\/03\/641277881_1331385005694148_8171399629537938724_n.jpg 720w, http:\/\/biblioteka-milicz.pl\/wp-content\/uploads\/2026\/03\/641277881_1331385005694148_8171399629537938724_n-225x300.jpg 225w\" sizes=\"auto, (max-width: 720px) 100vw, 720px\" \/><\/figure>\n<\/figure>\n","protected":false},"excerpt":{"rendered":"<p>Ma\u0142y, ale niezwykle u\u017cyteczny towarzysz ka\u017cdego czytelnika r\u00f3wnie\u017c ma swoje \u015bwi\u0119to. Mowa oczywi\u015bcie o zak\u0142adce do ksi\u0105\u017cki, kt\u00f3ra 25 lutego sta\u0142a si\u0119 bohaterk\u0105 spotkania z pierwszoklasistami podczas \u015brodowego Ksi\u0105\u017ckobrania w su\u0142owskiej filii bibliotecznej. Podczas&#46;&#46;&#46;<\/p>\n","protected":false},"author":2,"featured_media":8007,"comment_status":"closed","ping_status":"closed","sticky":false,"template":"","format":"standard","meta":{"_uag_custom_page_level_css":"","footnotes":""},"categories":[3],"tags":[],"class_list":["post-8002","post","type-post","status-publish","format-standard","has-post-thumbnail","hentry","category-aktualnosci"],"uagb_featured_image_src":{"full":["http:\/\/biblioteka-milicz.pl\/wp-content\/uploads\/2026\/03\/Dzien-zakladki.jpg",720,540,false],"thumbnail":["http:\/\/biblioteka-milicz.pl\/wp-content\/uploads\/2026\/03\/Dzien-zakladki-150x150.jpg",150,150,true],"medium":["http:\/\/biblioteka-milicz.pl\/wp-content\/uploads\/2026\/03\/Dzien-zakladki-300x225.jpg",300,225,true],"medium_large":["http:\/\/biblioteka-milicz.pl\/wp-content\/uploads\/2026\/03\/Dzien-zakladki.jpg",720,540,false],"large":["http:\/\/biblioteka-milicz.pl\/wp-content\/uploads\/2026\/03\/Dzien-zakladki.jpg",720,540,false],"1536x1536":["http:\/\/biblioteka-milicz.pl\/wp-content\/uploads\/2026\/03\/Dzien-zakladki.jpg",720,540,false],"2048x2048":["http:\/\/biblioteka-milicz.pl\/wp-content\/uploads\/2026\/03\/Dzien-zakladki.jpg",720,540,false],"thumb-small":["http:\/\/biblioteka-milicz.pl\/wp-content\/uploads\/2026\/03\/Dzien-zakladki-80x80.jpg",80,80,true],"thumb-standard":["http:\/\/biblioteka-milicz.pl\/wp-content\/uploads\/2026\/03\/Dzien-zakladki-320x320.jpg",320,320,true],"thumb-medium":["http:\/\/biblioteka-milicz.pl\/wp-content\/uploads\/2026\/03\/Dzien-zakladki-520x245.jpg",520,245,true],"thumb-large":["http:\/\/biblioteka-milicz.pl\/wp-content\/uploads\/2026\/03\/Dzien-zakladki-720x340.jpg",720,340,true],"thumb-xlarge":["http:\/\/biblioteka-milicz.pl\/wp-content\/uploads\/2026\/03\/Dzien-zakladki-720x450.jpg",720,450,true],"thumb-xxlarge":["http:\/\/biblioteka-milicz.pl\/wp-content\/uploads\/2026\/03\/Dzien-zakladki-720x500.jpg",720,500,true]},"uagb_author_info":{"display_name":"Marlena Grodzi\u0144ska","author_link":"http:\/\/biblioteka-milicz.pl\/index.php\/author\/marlena\/"},"uagb_comment_info":0,"uagb_excerpt":"Ma\u0142y, ale niezwykle u\u017cyteczny towarzysz ka\u017cdego czytelnika r\u00f3wnie\u017c ma swoje \u015bwi\u0119to. Mowa oczywi\u015bcie o zak\u0142adce do ksi\u0105\u017cki, kt\u00f3ra 25 lutego sta\u0142a si\u0119 bohaterk\u0105 spotkania z pierwszoklasistami podczas \u015brodowego Ksi\u0105\u017ckobrania w su\u0142owskiej filii bibliotecznej. Podczas&#46;&#46;&#46;","_links":{"self":[{"href":"http:\/\/biblioteka-milicz.pl\/index.php\/wp-json\/wp\/v2\/posts\/8002","targetHints":{"allow":["GET"]}}],"collection":[{"href":"http:\/\/biblioteka-milicz.pl\/index.php\/wp-json\/wp\/v2\/posts"}],"about":[{"href":"http:\/\/biblioteka-milicz.pl\/index.php\/wp-json\/wp\/v2\/types\/post"}],"author":[{"embeddable":true,"href":"http:\/\/biblioteka-milicz.pl\/index.php\/wp-json\/wp\/v2\/users\/2"}],"replies":[{"embeddable":true,"href":"http:\/\/biblioteka-milicz.pl\/index.php\/wp-json\/wp\/v2\/comments?post=8002"}],"version-history":[{"count":1,"href":"http:\/\/biblioteka-milicz.pl\/index.php\/wp-json\/wp\/v2\/posts\/8002\/revisions"}],"predecessor-version":[{"id":8008,"href":"http:\/\/biblioteka-milicz.pl\/index.php\/wp-json\/wp\/v2\/posts\/8002\/revisions\/8008"}],"wp:featuredmedia":[{"embeddable":true,"href":"http:\/\/biblioteka-milicz.pl\/index.php\/wp-json\/wp\/v2\/media\/8007"}],"wp:attachment":[{"href":"http:\/\/biblioteka-milicz.pl\/index.php\/wp-json\/wp\/v2\/media?parent=8002"}],"wp:term":[{"taxonomy":"category","embeddable":true,"href":"http:\/\/biblioteka-milicz.pl\/index.php\/wp-json\/wp\/v2\/categories?post=8002"},{"taxonomy":"post_tag","embeddable":true,"href":"http:\/\/biblioteka-milicz.pl\/index.php\/wp-json\/wp\/v2\/tags?post=8002"}],"curies":[{"name":"wp","href":"https:\/\/api.w.org\/{rel}","templated":true}]}}