{"id":7994,"date":"2026-02-24T15:33:00","date_gmt":"2026-02-24T14:33:00","guid":{"rendered":"https:\/\/biblioteka-milicz.pl\/?p=7994"},"modified":"2026-03-12T10:36:35","modified_gmt":"2026-03-12T09:36:35","slug":"koci-poranek-w-przedszkolu","status":"publish","type":"post","link":"http:\/\/biblioteka-milicz.pl\/index.php\/2026\/02\/24\/koci-poranek-w-przedszkolu\/","title":{"rendered":"Koci poranek w przedszkolu"},"content":{"rendered":"\n<p>W su\u0142owskiej filii bibliotecznej regularnie odbywaj\u0105 si\u0119 Poranki Czytanek, podczas kt\u00f3rych odwiedzaj\u0105 nas przedszkolaki. Tym razem jednak, dla odmiany, to my wybrali\u015bmy si\u0119 z wizyt\u0105 do Przedszkola w Su\u0142owie i tam wsp\u00f3lnie celebrowali\u015bmy czytelniczy poranek. Zdecydowa\u0142a o tym zar\u00f3wno kapry\u015bna pogoda, kt\u00f3ra nie sprzyja\u0142a spacerom najm\u0142odszych, jak i ch\u0119\u0107 z\u0142o\u017cenia przedszkolakom rewizyty.<\/p>\n\n\n\n<p>Poniewa\u017c w ostatnich dniach obchodzony by\u0142 Dzie\u0144 Kota, to w\u0142a\u015bnie koty sta\u0142y si\u0119 bohaterami naszego spotkania, kt\u00f3re odby\u0142o si\u0119 24 lutego. Wsp\u00f3lnie przypomnieli\u015bmy sobie najbardziej znane kocie postacie z bajek i opowie\u015bci. Rozmawiali\u015bmy o Kocie w butach, Garfieldzie, Klakierze, a tak\u017ce o dobrze znanych wielu pokoleniom Filemonie i Bonifacym.<\/p>\n\n\n\n<p>To w\u0142a\u015bnie ci dwaj bohaterowie pojawili si\u0119 w czytanym podczas spotkania opowiadaniu pt. \u201eO z\u0142otej rybce i kocich marzeniach\u201d. Przedszkolaki z zaciekawieniem s\u0142ucha\u0142y historii i wsp\u00f3lnie zastanawia\u0142y si\u0119, o czym mog\u0105 marzy\u0107 koty. Jakie by\u0142y ich marzenia? My ju\u017c wiemy, a wszystkich ciekawych zach\u0119camy do si\u0119gni\u0119cia po t\u0119 opowie\u015b\u0107. Na zako\u0144czenie spotkania czeka\u0142a na dzieci mi\u0142a niespodzianka \u2013 ka\u017cdy uczestnik otrzyma\u0142 \u201ekoci\u0105\u201d kolorowank\u0119. Spotkanie up\u0142yn\u0119\u0142o w bardzo radosnej atmosferze i by\u0142o kolejn\u0105 okazj\u0105 do wsp\u00f3lnego odkrywania \u015bwiata ksi\u0105\u017cek.<\/p>\n\n\n\n<figure class=\"wp-block-gallery has-nested-images columns-default is-cropped wp-block-gallery-1 is-layout-flex wp-block-gallery-is-layout-flex\">\n<figure class=\"wp-block-image size-large\"><img loading=\"lazy\" decoding=\"async\" width=\"768\" height=\"1024\" data-id=\"7998\" src=\"https:\/\/biblioteka-milicz.pl\/wp-content\/uploads\/2026\/03\/640107566_1330394435793205_768129394765992359_n-768x1024.jpg\" alt=\"\" class=\"wp-image-7998\" srcset=\"http:\/\/biblioteka-milicz.pl\/wp-content\/uploads\/2026\/03\/640107566_1330394435793205_768129394765992359_n-768x1024.jpg 768w, http:\/\/biblioteka-milicz.pl\/wp-content\/uploads\/2026\/03\/640107566_1330394435793205_768129394765992359_n-225x300.jpg 225w, http:\/\/biblioteka-milicz.pl\/wp-content\/uploads\/2026\/03\/640107566_1330394435793205_768129394765992359_n-1152x1536.jpg 1152w, http:\/\/biblioteka-milicz.pl\/wp-content\/uploads\/2026\/03\/640107566_1330394435793205_768129394765992359_n.jpg 1536w\" sizes=\"auto, (max-width: 768px) 100vw, 768px\" \/><\/figure>\n\n\n\n<figure class=\"wp-block-image size-large\"><img loading=\"lazy\" decoding=\"async\" width=\"768\" height=\"1024\" data-id=\"7997\" src=\"https:\/\/biblioteka-milicz.pl\/wp-content\/uploads\/2026\/03\/640335689_1330394409126541_9030628213811984264_n-768x1024.jpg\" alt=\"\" class=\"wp-image-7997\" srcset=\"http:\/\/biblioteka-milicz.pl\/wp-content\/uploads\/2026\/03\/640335689_1330394409126541_9030628213811984264_n-768x1024.jpg 768w, http:\/\/biblioteka-milicz.pl\/wp-content\/uploads\/2026\/03\/640335689_1330394409126541_9030628213811984264_n-225x300.jpg 225w, http:\/\/biblioteka-milicz.pl\/wp-content\/uploads\/2026\/03\/640335689_1330394409126541_9030628213811984264_n-1152x1536.jpg 1152w, http:\/\/biblioteka-milicz.pl\/wp-content\/uploads\/2026\/03\/640335689_1330394409126541_9030628213811984264_n.jpg 1536w\" sizes=\"auto, (max-width: 768px) 100vw, 768px\" \/><\/figure>\n\n\n\n<figure class=\"wp-block-image size-large\"><img loading=\"lazy\" decoding=\"async\" width=\"768\" height=\"1024\" data-id=\"7999\" src=\"https:\/\/biblioteka-milicz.pl\/wp-content\/uploads\/2026\/03\/640945863_1330394495793199_9122861536274541472_n-768x1024.jpg\" alt=\"\" class=\"wp-image-7999\" srcset=\"http:\/\/biblioteka-milicz.pl\/wp-content\/uploads\/2026\/03\/640945863_1330394495793199_9122861536274541472_n-768x1024.jpg 768w, http:\/\/biblioteka-milicz.pl\/wp-content\/uploads\/2026\/03\/640945863_1330394495793199_9122861536274541472_n-225x300.jpg 225w, http:\/\/biblioteka-milicz.pl\/wp-content\/uploads\/2026\/03\/640945863_1330394495793199_9122861536274541472_n-1152x1536.jpg 1152w, http:\/\/biblioteka-milicz.pl\/wp-content\/uploads\/2026\/03\/640945863_1330394495793199_9122861536274541472_n.jpg 1536w\" sizes=\"auto, (max-width: 768px) 100vw, 768px\" \/><\/figure>\n\n\n\n<figure class=\"wp-block-image size-large\"><img loading=\"lazy\" decoding=\"async\" width=\"376\" height=\"282\" data-id=\"7995\" src=\"https:\/\/biblioteka-milicz.pl\/wp-content\/uploads\/2026\/03\/628522848_1330393655793283_1207727224669495082_n.jpg\" alt=\"\" class=\"wp-image-7995\" srcset=\"http:\/\/biblioteka-milicz.pl\/wp-content\/uploads\/2026\/03\/628522848_1330393655793283_1207727224669495082_n.jpg 376w, http:\/\/biblioteka-milicz.pl\/wp-content\/uploads\/2026\/03\/628522848_1330393655793283_1207727224669495082_n-300x225.jpg 300w\" sizes=\"auto, (max-width: 376px) 100vw, 376px\" \/><\/figure>\n\n\n\n<figure class=\"wp-block-image size-large\"><img loading=\"lazy\" decoding=\"async\" width=\"376\" height=\"282\" data-id=\"7996\" src=\"https:\/\/biblioteka-milicz.pl\/wp-content\/uploads\/2026\/03\/641253839_1330393605793288_4435090766199914584_n.jpg\" alt=\"\" class=\"wp-image-7996\" srcset=\"http:\/\/biblioteka-milicz.pl\/wp-content\/uploads\/2026\/03\/641253839_1330393605793288_4435090766199914584_n.jpg 376w, http:\/\/biblioteka-milicz.pl\/wp-content\/uploads\/2026\/03\/641253839_1330393605793288_4435090766199914584_n-300x225.jpg 300w\" sizes=\"auto, (max-width: 376px) 100vw, 376px\" \/><\/figure>\n<\/figure>\n","protected":false},"excerpt":{"rendered":"<p>W su\u0142owskiej filii bibliotecznej regularnie odbywaj\u0105 si\u0119 Poranki Czytanek, podczas kt\u00f3rych odwiedzaj\u0105 nas przedszkolaki. Tym razem jednak, dla odmiany, to my wybrali\u015bmy si\u0119 z wizyt\u0105 do Przedszkola w Su\u0142owie i tam wsp\u00f3lnie celebrowali\u015bmy czytelniczy&#46;&#46;&#46;<\/p>\n","protected":false},"author":2,"featured_media":8000,"comment_status":"closed","ping_status":"closed","sticky":false,"template":"","format":"standard","meta":{"_uag_custom_page_level_css":"","footnotes":""},"categories":[3],"tags":[],"class_list":["post-7994","post","type-post","status-publish","format-standard","has-post-thumbnail","hentry","category-aktualnosci"],"uagb_featured_image_src":{"full":["http:\/\/biblioteka-milicz.pl\/wp-content\/uploads\/2026\/03\/KPw-przedszkolu.jpg",1536,1152,false],"thumbnail":["http:\/\/biblioteka-milicz.pl\/wp-content\/uploads\/2026\/03\/KPw-przedszkolu-150x150.jpg",150,150,true],"medium":["http:\/\/biblioteka-milicz.pl\/wp-content\/uploads\/2026\/03\/KPw-przedszkolu-300x225.jpg",300,225,true],"medium_large":["http:\/\/biblioteka-milicz.pl\/wp-content\/uploads\/2026\/03\/KPw-przedszkolu-768x576.jpg",768,576,true],"large":["http:\/\/biblioteka-milicz.pl\/wp-content\/uploads\/2026\/03\/KPw-przedszkolu-1024x768.jpg",1024,768,true],"1536x1536":["http:\/\/biblioteka-milicz.pl\/wp-content\/uploads\/2026\/03\/KPw-przedszkolu.jpg",1536,1152,false],"2048x2048":["http:\/\/biblioteka-milicz.pl\/wp-content\/uploads\/2026\/03\/KPw-przedszkolu.jpg",1536,1152,false],"thumb-small":["http:\/\/biblioteka-milicz.pl\/wp-content\/uploads\/2026\/03\/KPw-przedszkolu-80x80.jpg",80,80,true],"thumb-standard":["http:\/\/biblioteka-milicz.pl\/wp-content\/uploads\/2026\/03\/KPw-przedszkolu-320x320.jpg",320,320,true],"thumb-medium":["http:\/\/biblioteka-milicz.pl\/wp-content\/uploads\/2026\/03\/KPw-przedszkolu-520x245.jpg",520,245,true],"thumb-large":["http:\/\/biblioteka-milicz.pl\/wp-content\/uploads\/2026\/03\/KPw-przedszkolu-720x340.jpg",720,340,true],"thumb-xlarge":["http:\/\/biblioteka-milicz.pl\/wp-content\/uploads\/2026\/03\/KPw-przedszkolu-980x450.jpg",980,450,true],"thumb-xxlarge":["http:\/\/biblioteka-milicz.pl\/wp-content\/uploads\/2026\/03\/KPw-przedszkolu-1320x500.jpg",1320,500,true]},"uagb_author_info":{"display_name":"Marlena Grodzi\u0144ska","author_link":"http:\/\/biblioteka-milicz.pl\/index.php\/author\/marlena\/"},"uagb_comment_info":0,"uagb_excerpt":"W su\u0142owskiej filii bibliotecznej regularnie odbywaj\u0105 si\u0119 Poranki Czytanek, podczas kt\u00f3rych odwiedzaj\u0105 nas przedszkolaki. Tym razem jednak, dla odmiany, to my wybrali\u015bmy si\u0119 z wizyt\u0105 do Przedszkola w Su\u0142owie i tam wsp\u00f3lnie celebrowali\u015bmy czytelniczy&#46;&#46;&#46;","_links":{"self":[{"href":"http:\/\/biblioteka-milicz.pl\/index.php\/wp-json\/wp\/v2\/posts\/7994","targetHints":{"allow":["GET"]}}],"collection":[{"href":"http:\/\/biblioteka-milicz.pl\/index.php\/wp-json\/wp\/v2\/posts"}],"about":[{"href":"http:\/\/biblioteka-milicz.pl\/index.php\/wp-json\/wp\/v2\/types\/post"}],"author":[{"embeddable":true,"href":"http:\/\/biblioteka-milicz.pl\/index.php\/wp-json\/wp\/v2\/users\/2"}],"replies":[{"embeddable":true,"href":"http:\/\/biblioteka-milicz.pl\/index.php\/wp-json\/wp\/v2\/comments?post=7994"}],"version-history":[{"count":1,"href":"http:\/\/biblioteka-milicz.pl\/index.php\/wp-json\/wp\/v2\/posts\/7994\/revisions"}],"predecessor-version":[{"id":8001,"href":"http:\/\/biblioteka-milicz.pl\/index.php\/wp-json\/wp\/v2\/posts\/7994\/revisions\/8001"}],"wp:featuredmedia":[{"embeddable":true,"href":"http:\/\/biblioteka-milicz.pl\/index.php\/wp-json\/wp\/v2\/media\/8000"}],"wp:attachment":[{"href":"http:\/\/biblioteka-milicz.pl\/index.php\/wp-json\/wp\/v2\/media?parent=7994"}],"wp:term":[{"taxonomy":"category","embeddable":true,"href":"http:\/\/biblioteka-milicz.pl\/index.php\/wp-json\/wp\/v2\/categories?post=7994"},{"taxonomy":"post_tag","embeddable":true,"href":"http:\/\/biblioteka-milicz.pl\/index.php\/wp-json\/wp\/v2\/tags?post=7994"}],"curies":[{"name":"wp","href":"https:\/\/api.w.org\/{rel}","templated":true}]}}