{"id":7986,"date":"2026-02-24T15:24:00","date_gmt":"2026-02-24T14:24:00","guid":{"rendered":"https:\/\/biblioteka-milicz.pl\/?p=7986"},"modified":"2026-03-12T10:29:01","modified_gmt":"2026-03-12T09:29:01","slug":"spotkanie-z-okazji-miedzynarodowego-dnia-jezyka-ojczystego","status":"publish","type":"post","link":"http:\/\/biblioteka-milicz.pl\/index.php\/2026\/02\/24\/spotkanie-z-okazji-miedzynarodowego-dnia-jezyka-ojczystego\/","title":{"rendered":"O pi\u0119knie j\u0119zyka ojczystego"},"content":{"rendered":"\n<p>Kilka dni temu obchodzili\u015bmy Mi\u0119dzynarodowy Dzie\u0144 J\u0119zyka Ojczystego \u2013 bardzo wa\u017cne \u015bwi\u0119to, kt\u00f3re przypomina nam, jak istotn\u0105 rol\u0119 w naszym \u017cyciu odgrywa j\u0119zyk, kt\u00f3rym pos\u0142ugujemy si\u0119 na co dzie\u0144. Z tej okazji r\u00f3wnie\u017c w naszym Oddziale Dzieci\u0119cym postanowili\u015bmy uczci\u0107 ten dzie\u0144 podczas kolejnego spotkania z m\u0142odymi czytelnikami.<\/p>\n\n\n\n<p>24 lutego odwiedzili nas uczniowie klasy 3 c ze Szko\u0142y Podstawowej nr 1 im. Miko\u0142aja Kopernika w Miliczu wraz z Pani\u0105 Ani\u0105. Spotkali\u015bmy si\u0119, aby wsp\u00f3lnie porozmawia\u0107 o poprawno\u015bci oraz pi\u0119knie j\u0119zyka polskiego, a tak\u017ce zastanowi\u0107 si\u0119, dlaczego warto dba\u0107 o to, w jaki spos\u00f3b m\u00f3wimy i piszemy.<\/p>\n\n\n\n<p>Trzecioklasi\u015bci bardzo ch\u0119tnie uczestniczyli w zaj\u0119ciach i z du\u017cym zaanga\u017cowaniem podejmowali kolejne wyzwania, cho\u0107 sami przyznawali, \u017ce j\u0119zyk polski bywa trudny. Uczniowie zmierzyli si\u0119 z zabawnymi \u0142ama\u0144cami j\u0119zykowymi, rozmawiali o zawi\u0142o\u015bciach ortografii oraz zastanawiali si\u0119, kto w\u0142a\u015bciwie wymy\u015bli\u0142 tak trudne zasady pisowni. Nie zabrak\u0142o przy tym u\u015bmiechu i dobrej zabawy.<\/p>\n\n\n\n<p>Na zako\u0144czenie spotkania uczniowie wsp\u00f3lnie podsumowali, czym jest dla nich j\u0119zyk ojczysty. Zgodnie stwierdzili, \u017ce jest to j\u0119zyk kraju, w kt\u00f3rym mieszkamy, j\u0119zyk, kt\u00f3rym pos\u0142ugujemy si\u0119 w domu i w szkole, a tak\u017ce ten, kt\u00f3ry lubimy najbardziej.<\/p>\n\n\n\n<figure class=\"wp-block-gallery has-nested-images columns-default is-cropped wp-block-gallery-1 is-layout-flex wp-block-gallery-is-layout-flex\">\n<figure class=\"wp-block-image size-large\"><img loading=\"lazy\" decoding=\"async\" width=\"1024\" height=\"768\" data-id=\"7987\" src=\"https:\/\/biblioteka-milicz.pl\/wp-content\/uploads\/2026\/03\/640915009_1330178439148138_5494204722216162177_n-1024x768.jpg\" alt=\"\" class=\"wp-image-7987\" srcset=\"http:\/\/biblioteka-milicz.pl\/wp-content\/uploads\/2026\/03\/640915009_1330178439148138_5494204722216162177_n-1024x768.jpg 1024w, http:\/\/biblioteka-milicz.pl\/wp-content\/uploads\/2026\/03\/640915009_1330178439148138_5494204722216162177_n-300x225.jpg 300w, http:\/\/biblioteka-milicz.pl\/wp-content\/uploads\/2026\/03\/640915009_1330178439148138_5494204722216162177_n-768x576.jpg 768w, http:\/\/biblioteka-milicz.pl\/wp-content\/uploads\/2026\/03\/640915009_1330178439148138_5494204722216162177_n-1536x1152.jpg 1536w, http:\/\/biblioteka-milicz.pl\/wp-content\/uploads\/2026\/03\/640915009_1330178439148138_5494204722216162177_n.jpg 2048w\" sizes=\"auto, (max-width: 1024px) 100vw, 1024px\" \/><\/figure>\n\n\n\n<figure class=\"wp-block-image size-large\"><img loading=\"lazy\" decoding=\"async\" width=\"1024\" height=\"768\" data-id=\"7988\" src=\"https:\/\/biblioteka-milicz.pl\/wp-content\/uploads\/2026\/03\/641429761_1330179349148047_6194958545484410437_n-1024x768.jpg\" alt=\"\" class=\"wp-image-7988\" srcset=\"http:\/\/biblioteka-milicz.pl\/wp-content\/uploads\/2026\/03\/641429761_1330179349148047_6194958545484410437_n-1024x768.jpg 1024w, http:\/\/biblioteka-milicz.pl\/wp-content\/uploads\/2026\/03\/641429761_1330179349148047_6194958545484410437_n-300x225.jpg 300w, http:\/\/biblioteka-milicz.pl\/wp-content\/uploads\/2026\/03\/641429761_1330179349148047_6194958545484410437_n-768x576.jpg 768w, http:\/\/biblioteka-milicz.pl\/wp-content\/uploads\/2026\/03\/641429761_1330179349148047_6194958545484410437_n-1536x1152.jpg 1536w, http:\/\/biblioteka-milicz.pl\/wp-content\/uploads\/2026\/03\/641429761_1330179349148047_6194958545484410437_n.jpg 2048w\" sizes=\"auto, (max-width: 1024px) 100vw, 1024px\" \/><\/figure>\n\n\n\n<figure class=\"wp-block-image size-large\"><img loading=\"lazy\" decoding=\"async\" width=\"1024\" height=\"768\" data-id=\"7989\" src=\"https:\/\/biblioteka-milicz.pl\/wp-content\/uploads\/2026\/03\/641658375_1330179565814692_7851765531192566648_n-1024x768.jpg\" alt=\"\" class=\"wp-image-7989\" srcset=\"http:\/\/biblioteka-milicz.pl\/wp-content\/uploads\/2026\/03\/641658375_1330179565814692_7851765531192566648_n-1024x768.jpg 1024w, http:\/\/biblioteka-milicz.pl\/wp-content\/uploads\/2026\/03\/641658375_1330179565814692_7851765531192566648_n-300x225.jpg 300w, http:\/\/biblioteka-milicz.pl\/wp-content\/uploads\/2026\/03\/641658375_1330179565814692_7851765531192566648_n-768x576.jpg 768w, http:\/\/biblioteka-milicz.pl\/wp-content\/uploads\/2026\/03\/641658375_1330179565814692_7851765531192566648_n-1536x1152.jpg 1536w, http:\/\/biblioteka-milicz.pl\/wp-content\/uploads\/2026\/03\/641658375_1330179565814692_7851765531192566648_n.jpg 2048w\" sizes=\"auto, (max-width: 1024px) 100vw, 1024px\" \/><\/figure>\n<\/figure>\n","protected":false},"excerpt":{"rendered":"<p>Kilka dni temu obchodzili\u015bmy Mi\u0119dzynarodowy Dzie\u0144 J\u0119zyka Ojczystego \u2013 bardzo wa\u017cne \u015bwi\u0119to, kt\u00f3re przypomina nam, jak istotn\u0105 rol\u0119 w naszym \u017cyciu odgrywa j\u0119zyk, kt\u00f3rym pos\u0142ugujemy si\u0119 na co dzie\u0144. Z tej okazji r\u00f3wnie\u017c w&#46;&#46;&#46;<\/p>\n","protected":false},"author":2,"featured_media":7990,"comment_status":"closed","ping_status":"closed","sticky":false,"template":"","format":"standard","meta":{"_uag_custom_page_level_css":"","footnotes":""},"categories":[3],"tags":[],"class_list":["post-7986","post","type-post","status-publish","format-standard","has-post-thumbnail","hentry","category-aktualnosci"],"uagb_featured_image_src":{"full":["http:\/\/biblioteka-milicz.pl\/wp-content\/uploads\/2026\/03\/DJO2.jpg",2048,1536,false],"thumbnail":["http:\/\/biblioteka-milicz.pl\/wp-content\/uploads\/2026\/03\/DJO2-150x150.jpg",150,150,true],"medium":["http:\/\/biblioteka-milicz.pl\/wp-content\/uploads\/2026\/03\/DJO2-300x225.jpg",300,225,true],"medium_large":["http:\/\/biblioteka-milicz.pl\/wp-content\/uploads\/2026\/03\/DJO2-768x576.jpg",768,576,true],"large":["http:\/\/biblioteka-milicz.pl\/wp-content\/uploads\/2026\/03\/DJO2-1024x768.jpg",1024,768,true],"1536x1536":["http:\/\/biblioteka-milicz.pl\/wp-content\/uploads\/2026\/03\/DJO2-1536x1152.jpg",1536,1152,true],"2048x2048":["http:\/\/biblioteka-milicz.pl\/wp-content\/uploads\/2026\/03\/DJO2.jpg",2048,1536,false],"thumb-small":["http:\/\/biblioteka-milicz.pl\/wp-content\/uploads\/2026\/03\/DJO2-80x80.jpg",80,80,true],"thumb-standard":["http:\/\/biblioteka-milicz.pl\/wp-content\/uploads\/2026\/03\/DJO2-320x320.jpg",320,320,true],"thumb-medium":["http:\/\/biblioteka-milicz.pl\/wp-content\/uploads\/2026\/03\/DJO2-520x245.jpg",520,245,true],"thumb-large":["http:\/\/biblioteka-milicz.pl\/wp-content\/uploads\/2026\/03\/DJO2-720x340.jpg",720,340,true],"thumb-xlarge":["http:\/\/biblioteka-milicz.pl\/wp-content\/uploads\/2026\/03\/DJO2-980x450.jpg",980,450,true],"thumb-xxlarge":["http:\/\/biblioteka-milicz.pl\/wp-content\/uploads\/2026\/03\/DJO2-1320x500.jpg",1320,500,true]},"uagb_author_info":{"display_name":"Marlena Grodzi\u0144ska","author_link":"http:\/\/biblioteka-milicz.pl\/index.php\/author\/marlena\/"},"uagb_comment_info":0,"uagb_excerpt":"Kilka dni temu obchodzili\u015bmy Mi\u0119dzynarodowy Dzie\u0144 J\u0119zyka Ojczystego \u2013 bardzo wa\u017cne \u015bwi\u0119to, kt\u00f3re przypomina nam, jak istotn\u0105 rol\u0119 w naszym \u017cyciu odgrywa j\u0119zyk, kt\u00f3rym pos\u0142ugujemy si\u0119 na co dzie\u0144. Z tej okazji r\u00f3wnie\u017c w&#46;&#46;&#46;","_links":{"self":[{"href":"http:\/\/biblioteka-milicz.pl\/index.php\/wp-json\/wp\/v2\/posts\/7986","targetHints":{"allow":["GET"]}}],"collection":[{"href":"http:\/\/biblioteka-milicz.pl\/index.php\/wp-json\/wp\/v2\/posts"}],"about":[{"href":"http:\/\/biblioteka-milicz.pl\/index.php\/wp-json\/wp\/v2\/types\/post"}],"author":[{"embeddable":true,"href":"http:\/\/biblioteka-milicz.pl\/index.php\/wp-json\/wp\/v2\/users\/2"}],"replies":[{"embeddable":true,"href":"http:\/\/biblioteka-milicz.pl\/index.php\/wp-json\/wp\/v2\/comments?post=7986"}],"version-history":[{"count":2,"href":"http:\/\/biblioteka-milicz.pl\/index.php\/wp-json\/wp\/v2\/posts\/7986\/revisions"}],"predecessor-version":[{"id":7993,"href":"http:\/\/biblioteka-milicz.pl\/index.php\/wp-json\/wp\/v2\/posts\/7986\/revisions\/7993"}],"wp:featuredmedia":[{"embeddable":true,"href":"http:\/\/biblioteka-milicz.pl\/index.php\/wp-json\/wp\/v2\/media\/7990"}],"wp:attachment":[{"href":"http:\/\/biblioteka-milicz.pl\/index.php\/wp-json\/wp\/v2\/media?parent=7986"}],"wp:term":[{"taxonomy":"category","embeddable":true,"href":"http:\/\/biblioteka-milicz.pl\/index.php\/wp-json\/wp\/v2\/categories?post=7986"},{"taxonomy":"post_tag","embeddable":true,"href":"http:\/\/biblioteka-milicz.pl\/index.php\/wp-json\/wp\/v2\/tags?post=7986"}],"curies":[{"name":"wp","href":"https:\/\/api.w.org\/{rel}","templated":true}]}}