{"id":7976,"date":"2026-02-20T16:17:00","date_gmt":"2026-02-20T15:17:00","guid":{"rendered":"https:\/\/biblioteka-milicz.pl\/?p=7976"},"modified":"2026-03-12T10:20:08","modified_gmt":"2026-03-12T09:20:08","slug":"miedzynarodowy-dzien-jezyka-ojczystego-w-oddziale-dzieciecym","status":"publish","type":"post","link":"http:\/\/biblioteka-milicz.pl\/index.php\/2026\/02\/20\/miedzynarodowy-dzien-jezyka-ojczystego-w-oddziale-dzieciecym\/","title":{"rendered":"Mi\u0119dzynarodowy Dzie\u0144 J\u0119zyka Ojczystego w Oddziale Dzieci\u0119cym"},"content":{"rendered":"\n<p>Mi\u0119dzynarodowy Dzie\u0144 J\u0119zyka Ojczystego to \u015bwi\u0119to ustanowione przez UNESCO 17 listopada 1999 roku, kt\u00f3rego celem jest przypomnienie, jak wa\u017cn\u0105 rol\u0119 w naszym \u017cyciu odgrywa j\u0119zyk ojczysty. Obchodzone co roku 21 lutego \u015bwi\u0119to zach\u0119ca do refleksji nad bogactwem j\u0119zyka, jego poprawnym u\u017cywaniem oraz piel\u0119gnowaniem narodowego dziedzictwa kulturowego.<\/p>\n\n\n\n<p>Z tej okazji, 20 lutego w naszym Oddziale Dzieci\u0119cym odby\u0142y si\u0119 zaj\u0119cia po\u015bwi\u0119cone w\u0142a\u015bnie j\u0119zykowi polskiemu. W spotkaniu uczestniczyli uczniowie klasy 2 b ze Szko\u0142y Podstawowej nr 1 im. Miko\u0142aja Kopernika w Miliczu, kt\u00f3rzy odwiedzili bibliotek\u0119 wraz ze swoj\u0105 wychowawczyni\u0105, Pani\u0105 Natali\u0105. Podczas zaj\u0119\u0107 wsp\u00f3lnie zastanawiali\u015bmy si\u0119 nad tym, czym w\u0142a\u015bciwie jest j\u0119zyk ojczysty, dlaczego warto pos\u0142ugiwa\u0107 si\u0119 nim w spos\u00f3b poprawny oraz jak mo\u017cna wzbogaca\u0107 swoje s\u0142ownictwo. Rozmawiali\u015bmy tak\u017ce o tym, czy j\u0119zyk polski jest trudny dla obcokrajowc\u00f3w i co sprawia, \u017ce bywa dla nich prawdziwym wyzwaniem.<\/p>\n\n\n\n<p>Spotkanie przebiega\u0142o w bardzo mi\u0142ej i aktywnej atmosferze. Uczniowie z du\u017cym zainteresowaniem uczestniczyli w rozmowie, ch\u0119tnie odpowiadali na pytania i dzielili si\u0119 swoimi spostrze\u017ceniami. Las podniesionych r\u0105k najlepiej \u015bwiadczy\u0142 o ich zaanga\u017cowaniu w temat, kt\u00f3ry cho\u0107 nie nale\u017cy do naj\u0142atwiejszych, z pewno\u015bci\u0105 okaza\u0142 si\u0119 niezwykle ciekawy i inspiruj\u0105cy.<\/p>\n\n\n\n<figure class=\"wp-block-gallery has-nested-images columns-default is-cropped wp-block-gallery-1 is-layout-flex wp-block-gallery-is-layout-flex\">\n<figure class=\"wp-block-image size-large\"><img loading=\"lazy\" decoding=\"async\" width=\"1024\" height=\"768\" data-id=\"7978\" src=\"https:\/\/biblioteka-milicz.pl\/wp-content\/uploads\/2026\/03\/637736900_1326657266166922_4559225877780248470_n-1024x768.jpg\" alt=\"\" class=\"wp-image-7978\" srcset=\"http:\/\/biblioteka-milicz.pl\/wp-content\/uploads\/2026\/03\/637736900_1326657266166922_4559225877780248470_n-1024x768.jpg 1024w, http:\/\/biblioteka-milicz.pl\/wp-content\/uploads\/2026\/03\/637736900_1326657266166922_4559225877780248470_n-300x225.jpg 300w, http:\/\/biblioteka-milicz.pl\/wp-content\/uploads\/2026\/03\/637736900_1326657266166922_4559225877780248470_n-768x576.jpg 768w, http:\/\/biblioteka-milicz.pl\/wp-content\/uploads\/2026\/03\/637736900_1326657266166922_4559225877780248470_n-1536x1152.jpg 1536w, http:\/\/biblioteka-milicz.pl\/wp-content\/uploads\/2026\/03\/637736900_1326657266166922_4559225877780248470_n.jpg 2048w\" sizes=\"auto, (max-width: 1024px) 100vw, 1024px\" \/><\/figure>\n\n\n\n<figure class=\"wp-block-image size-large\"><img loading=\"lazy\" decoding=\"async\" width=\"1024\" height=\"768\" data-id=\"7977\" src=\"https:\/\/biblioteka-milicz.pl\/wp-content\/uploads\/2026\/03\/638702206_1326655139500468_5750124003408270907_n-1024x768.jpg\" alt=\"\" class=\"wp-image-7977\" srcset=\"http:\/\/biblioteka-milicz.pl\/wp-content\/uploads\/2026\/03\/638702206_1326655139500468_5750124003408270907_n-1024x768.jpg 1024w, http:\/\/biblioteka-milicz.pl\/wp-content\/uploads\/2026\/03\/638702206_1326655139500468_5750124003408270907_n-300x225.jpg 300w, http:\/\/biblioteka-milicz.pl\/wp-content\/uploads\/2026\/03\/638702206_1326655139500468_5750124003408270907_n-768x576.jpg 768w, http:\/\/biblioteka-milicz.pl\/wp-content\/uploads\/2026\/03\/638702206_1326655139500468_5750124003408270907_n-1536x1152.jpg 1536w, http:\/\/biblioteka-milicz.pl\/wp-content\/uploads\/2026\/03\/638702206_1326655139500468_5750124003408270907_n.jpg 2048w\" sizes=\"auto, (max-width: 1024px) 100vw, 1024px\" \/><\/figure>\n\n\n\n<figure class=\"wp-block-image size-large\"><img loading=\"lazy\" decoding=\"async\" width=\"1024\" height=\"768\" data-id=\"7979\" src=\"https:\/\/biblioteka-milicz.pl\/wp-content\/uploads\/2026\/03\/638709391_1326657362833579_8841865523233778033_n-1024x768.jpg\" alt=\"\" class=\"wp-image-7979\" srcset=\"http:\/\/biblioteka-milicz.pl\/wp-content\/uploads\/2026\/03\/638709391_1326657362833579_8841865523233778033_n-1024x768.jpg 1024w, http:\/\/biblioteka-milicz.pl\/wp-content\/uploads\/2026\/03\/638709391_1326657362833579_8841865523233778033_n-300x225.jpg 300w, http:\/\/biblioteka-milicz.pl\/wp-content\/uploads\/2026\/03\/638709391_1326657362833579_8841865523233778033_n-768x576.jpg 768w, http:\/\/biblioteka-milicz.pl\/wp-content\/uploads\/2026\/03\/638709391_1326657362833579_8841865523233778033_n-1536x1152.jpg 1536w, http:\/\/biblioteka-milicz.pl\/wp-content\/uploads\/2026\/03\/638709391_1326657362833579_8841865523233778033_n.jpg 2048w\" sizes=\"auto, (max-width: 1024px) 100vw, 1024px\" \/><\/figure>\n\n\n\n<figure class=\"wp-block-image size-large\"><img loading=\"lazy\" decoding=\"async\" width=\"1024\" height=\"644\" data-id=\"7983\" src=\"https:\/\/biblioteka-milicz.pl\/wp-content\/uploads\/2026\/03\/638870186_1326655859500396_5247208335976212874_n-1024x644.jpg\" alt=\"\" class=\"wp-image-7983\" srcset=\"http:\/\/biblioteka-milicz.pl\/wp-content\/uploads\/2026\/03\/638870186_1326655859500396_5247208335976212874_n-1024x644.jpg 1024w, http:\/\/biblioteka-milicz.pl\/wp-content\/uploads\/2026\/03\/638870186_1326655859500396_5247208335976212874_n-300x189.jpg 300w, http:\/\/biblioteka-milicz.pl\/wp-content\/uploads\/2026\/03\/638870186_1326655859500396_5247208335976212874_n-768x483.jpg 768w, http:\/\/biblioteka-milicz.pl\/wp-content\/uploads\/2026\/03\/638870186_1326655859500396_5247208335976212874_n-1536x965.jpg 1536w, http:\/\/biblioteka-milicz.pl\/wp-content\/uploads\/2026\/03\/638870186_1326655859500396_5247208335976212874_n.jpg 2048w\" sizes=\"auto, (max-width: 1024px) 100vw, 1024px\" \/><\/figure>\n\n\n\n<figure class=\"wp-block-image size-large\"><img loading=\"lazy\" decoding=\"async\" width=\"1024\" height=\"768\" data-id=\"7981\" src=\"https:\/\/biblioteka-milicz.pl\/wp-content\/uploads\/2026\/03\/639463854_1326657562833559_8180355639022561407_n-1024x768.jpg\" alt=\"\" class=\"wp-image-7981\" srcset=\"http:\/\/biblioteka-milicz.pl\/wp-content\/uploads\/2026\/03\/639463854_1326657562833559_8180355639022561407_n-1024x768.jpg 1024w, http:\/\/biblioteka-milicz.pl\/wp-content\/uploads\/2026\/03\/639463854_1326657562833559_8180355639022561407_n-300x225.jpg 300w, http:\/\/biblioteka-milicz.pl\/wp-content\/uploads\/2026\/03\/639463854_1326657562833559_8180355639022561407_n-768x576.jpg 768w, http:\/\/biblioteka-milicz.pl\/wp-content\/uploads\/2026\/03\/639463854_1326657562833559_8180355639022561407_n-1536x1152.jpg 1536w, http:\/\/biblioteka-milicz.pl\/wp-content\/uploads\/2026\/03\/639463854_1326657562833559_8180355639022561407_n.jpg 2048w\" sizes=\"auto, (max-width: 1024px) 100vw, 1024px\" \/><\/figure>\n\n\n\n<figure class=\"wp-block-image size-large\"><img loading=\"lazy\" decoding=\"async\" width=\"1024\" height=\"768\" data-id=\"7982\" src=\"https:\/\/biblioteka-milicz.pl\/wp-content\/uploads\/2026\/03\/639078859_1326655302833785_6706718374958865769_n-1024x768.jpg\" alt=\"\" class=\"wp-image-7982\" srcset=\"http:\/\/biblioteka-milicz.pl\/wp-content\/uploads\/2026\/03\/639078859_1326655302833785_6706718374958865769_n-1024x768.jpg 1024w, http:\/\/biblioteka-milicz.pl\/wp-content\/uploads\/2026\/03\/639078859_1326655302833785_6706718374958865769_n-300x225.jpg 300w, http:\/\/biblioteka-milicz.pl\/wp-content\/uploads\/2026\/03\/639078859_1326655302833785_6706718374958865769_n-768x576.jpg 768w, http:\/\/biblioteka-milicz.pl\/wp-content\/uploads\/2026\/03\/639078859_1326655302833785_6706718374958865769_n-1536x1152.jpg 1536w, http:\/\/biblioteka-milicz.pl\/wp-content\/uploads\/2026\/03\/639078859_1326655302833785_6706718374958865769_n.jpg 2048w\" sizes=\"auto, (max-width: 1024px) 100vw, 1024px\" \/><\/figure>\n\n\n\n<figure class=\"wp-block-image size-large\"><img loading=\"lazy\" decoding=\"async\" width=\"1024\" height=\"768\" data-id=\"7980\" src=\"https:\/\/biblioteka-milicz.pl\/wp-content\/uploads\/2026\/03\/639173004_1326655232833792_7120317557067360710_n-1024x768.jpg\" alt=\"\" class=\"wp-image-7980\" srcset=\"http:\/\/biblioteka-milicz.pl\/wp-content\/uploads\/2026\/03\/639173004_1326655232833792_7120317557067360710_n-1024x768.jpg 1024w, http:\/\/biblioteka-milicz.pl\/wp-content\/uploads\/2026\/03\/639173004_1326655232833792_7120317557067360710_n-300x225.jpg 300w, http:\/\/biblioteka-milicz.pl\/wp-content\/uploads\/2026\/03\/639173004_1326655232833792_7120317557067360710_n-768x576.jpg 768w, http:\/\/biblioteka-milicz.pl\/wp-content\/uploads\/2026\/03\/639173004_1326655232833792_7120317557067360710_n-1536x1152.jpg 1536w, http:\/\/biblioteka-milicz.pl\/wp-content\/uploads\/2026\/03\/639173004_1326655232833792_7120317557067360710_n.jpg 2048w\" sizes=\"auto, (max-width: 1024px) 100vw, 1024px\" \/><\/figure>\n<\/figure>\n","protected":false},"excerpt":{"rendered":"<p>Mi\u0119dzynarodowy Dzie\u0144 J\u0119zyka Ojczystego to \u015bwi\u0119to ustanowione przez UNESCO 17 listopada 1999 roku, kt\u00f3rego celem jest przypomnienie, jak wa\u017cn\u0105 rol\u0119 w naszym \u017cyciu odgrywa j\u0119zyk ojczysty. Obchodzone co roku 21 lutego \u015bwi\u0119to zach\u0119ca do&#46;&#46;&#46;<\/p>\n","protected":false},"author":2,"featured_media":7984,"comment_status":"closed","ping_status":"closed","sticky":false,"template":"","format":"standard","meta":{"_uag_custom_page_level_css":"","footnotes":""},"categories":[3],"tags":[],"class_list":["post-7976","post","type-post","status-publish","format-standard","has-post-thumbnail","hentry","category-aktualnosci"],"uagb_featured_image_src":{"full":["http:\/\/biblioteka-milicz.pl\/wp-content\/uploads\/2026\/03\/DJO.jpg",2048,1536,false],"thumbnail":["http:\/\/biblioteka-milicz.pl\/wp-content\/uploads\/2026\/03\/DJO-150x150.jpg",150,150,true],"medium":["http:\/\/biblioteka-milicz.pl\/wp-content\/uploads\/2026\/03\/DJO-300x225.jpg",300,225,true],"medium_large":["http:\/\/biblioteka-milicz.pl\/wp-content\/uploads\/2026\/03\/DJO-768x576.jpg",768,576,true],"large":["http:\/\/biblioteka-milicz.pl\/wp-content\/uploads\/2026\/03\/DJO-1024x768.jpg",1024,768,true],"1536x1536":["http:\/\/biblioteka-milicz.pl\/wp-content\/uploads\/2026\/03\/DJO-1536x1152.jpg",1536,1152,true],"2048x2048":["http:\/\/biblioteka-milicz.pl\/wp-content\/uploads\/2026\/03\/DJO.jpg",2048,1536,false],"thumb-small":["http:\/\/biblioteka-milicz.pl\/wp-content\/uploads\/2026\/03\/DJO-80x80.jpg",80,80,true],"thumb-standard":["http:\/\/biblioteka-milicz.pl\/wp-content\/uploads\/2026\/03\/DJO-320x320.jpg",320,320,true],"thumb-medium":["http:\/\/biblioteka-milicz.pl\/wp-content\/uploads\/2026\/03\/DJO-520x245.jpg",520,245,true],"thumb-large":["http:\/\/biblioteka-milicz.pl\/wp-content\/uploads\/2026\/03\/DJO-720x340.jpg",720,340,true],"thumb-xlarge":["http:\/\/biblioteka-milicz.pl\/wp-content\/uploads\/2026\/03\/DJO-980x450.jpg",980,450,true],"thumb-xxlarge":["http:\/\/biblioteka-milicz.pl\/wp-content\/uploads\/2026\/03\/DJO-1320x500.jpg",1320,500,true]},"uagb_author_info":{"display_name":"Marlena Grodzi\u0144ska","author_link":"http:\/\/biblioteka-milicz.pl\/index.php\/author\/marlena\/"},"uagb_comment_info":0,"uagb_excerpt":"Mi\u0119dzynarodowy Dzie\u0144 J\u0119zyka Ojczystego to \u015bwi\u0119to ustanowione przez UNESCO 17 listopada 1999 roku, kt\u00f3rego celem jest przypomnienie, jak wa\u017cn\u0105 rol\u0119 w naszym \u017cyciu odgrywa j\u0119zyk ojczysty. Obchodzone co roku 21 lutego \u015bwi\u0119to zach\u0119ca do&#46;&#46;&#46;","_links":{"self":[{"href":"http:\/\/biblioteka-milicz.pl\/index.php\/wp-json\/wp\/v2\/posts\/7976","targetHints":{"allow":["GET"]}}],"collection":[{"href":"http:\/\/biblioteka-milicz.pl\/index.php\/wp-json\/wp\/v2\/posts"}],"about":[{"href":"http:\/\/biblioteka-milicz.pl\/index.php\/wp-json\/wp\/v2\/types\/post"}],"author":[{"embeddable":true,"href":"http:\/\/biblioteka-milicz.pl\/index.php\/wp-json\/wp\/v2\/users\/2"}],"replies":[{"embeddable":true,"href":"http:\/\/biblioteka-milicz.pl\/index.php\/wp-json\/wp\/v2\/comments?post=7976"}],"version-history":[{"count":1,"href":"http:\/\/biblioteka-milicz.pl\/index.php\/wp-json\/wp\/v2\/posts\/7976\/revisions"}],"predecessor-version":[{"id":7985,"href":"http:\/\/biblioteka-milicz.pl\/index.php\/wp-json\/wp\/v2\/posts\/7976\/revisions\/7985"}],"wp:featuredmedia":[{"embeddable":true,"href":"http:\/\/biblioteka-milicz.pl\/index.php\/wp-json\/wp\/v2\/media\/7984"}],"wp:attachment":[{"href":"http:\/\/biblioteka-milicz.pl\/index.php\/wp-json\/wp\/v2\/media?parent=7976"}],"wp:term":[{"taxonomy":"category","embeddable":true,"href":"http:\/\/biblioteka-milicz.pl\/index.php\/wp-json\/wp\/v2\/categories?post=7976"},{"taxonomy":"post_tag","embeddable":true,"href":"http:\/\/biblioteka-milicz.pl\/index.php\/wp-json\/wp\/v2\/tags?post=7976"}],"curies":[{"name":"wp","href":"https:\/\/api.w.org\/{rel}","templated":true}]}}