{"id":7777,"date":"2026-01-15T08:36:43","date_gmt":"2026-01-15T07:36:43","guid":{"rendered":"https:\/\/biblioteka-milicz.pl\/?p=7777"},"modified":"2026-01-20T08:58:48","modified_gmt":"2026-01-20T07:58:48","slug":"czytanie-ksiazek-latwiejsze","status":"publish","type":"post","link":"http:\/\/biblioteka-milicz.pl\/index.php\/2026\/01\/15\/czytanie-ksiazek-latwiejsze\/","title":{"rendered":"Czytanie ksi\u0105\u017cek \u0142atwiejsze"},"content":{"rendered":"\n<p>Mi\u0142o jest nam poinformowa\u0107, \u017ce Biblioteka Publiczna w Miliczu przyst\u0105pi\u0142a do projektu \u201eWypo\u017cyczalnia odtwarzaczy cyfrowej ksi\u0105\u017cki m\u00f3wionej dla os\u00f3b z dysfunkcj\u0105 wzroku \u2013 Edycja 2025\u201d realizowanego przez Stowarzyszenie Pomocy Osobom Niepe\u0142nosprawnym \u201eLarix\u201d im. Henryka Ruszczyca. Projekt jest dofinansowany przez Ministra Kultury i Dziedzictwa Narodowego ze \u015brodk\u00f3w pochodz\u0105cych z Funduszu Promocji Kultury.<\/p>\n\n\n\n<p>W ramach projektu nasza biblioteka otrzyma\u0142a nieodp\u0142atnie jeden egzemplarz odtwarzacza cyfrowych ksi\u0105\u017cek m\u00f3wionych \u2013 Czytak 4. Urz\u0105dzenie jest przystosowane do obs\u0142ugi przez osoby niewidome i s\u0142abowidz\u0105ce, jest tak\u017ce przyjazne dla Senior\u00f3w.<br>Charakteryzuje si\u0119 bardzo prost\u0105 obs\u0142ug\u0105 i dobr\u0105 jako\u015bci\u0105 d\u017awi\u0119ku. W \u0142atwy spos\u00f3b pozwoli Czytelnikom skorzysta\u0107 z dobrodziejstw ksi\u0105\u017cki m\u00f3wionej.<\/p>\n\n\n\n<p>Nasza plac\u00f3wka wypo\u017cycza urz\u0105dzenia osobom z dysfunkcj\u0105 wzroku oraz osobom, kt\u00f3re ze wzgl\u0119du na swoj\u0105 niepe\u0142nosprawno\u015b\u0107 nie mog\u0105 czyta\u0107 normalnego druku.<\/p>\n\n\n\n<p><br>Stowarzyszenie \u201eLarix\u201d od 2007 r. zajmuje si\u0119 nagrywaniem i udost\u0119pnianiem bibliotekom cyfrowych ksi\u0105\u017cek m\u00f3wionych przeznaczonych dla os\u00f3b niewidomych i s\u0142abowidz\u0105cych. Udost\u0119pniony nam przez Stowarzyszenie \u201eLarix\u201d ksi\u0119gozbi\u00f3r liczy 4258 ksi\u0105\u017cek i b\u0119dzie wci\u0105\u017c powi\u0119kszany o nowe ciekawe pozycje ksi\u0105\u017ckowe.<\/p>\n\n\n\n<figure class=\"wp-block-image size-full\"><img loading=\"lazy\" decoding=\"async\" width=\"418\" height=\"120\" src=\"https:\/\/biblioteka-milicz.pl\/wp-content\/uploads\/2026\/01\/images.png\" alt=\"\" class=\"wp-image-7779\" srcset=\"http:\/\/biblioteka-milicz.pl\/wp-content\/uploads\/2026\/01\/images.png 418w, http:\/\/biblioteka-milicz.pl\/wp-content\/uploads\/2026\/01\/images-300x86.png 300w\" sizes=\"auto, (max-width: 418px) 100vw, 418px\" \/><\/figure>\n\n\n\n<p><\/p>\n","protected":false},"excerpt":{"rendered":"<p>Mi\u0142o jest nam poinformowa\u0107, \u017ce Biblioteka Publiczna w Miliczu przyst\u0105pi\u0142a do projektu \u201eWypo\u017cyczalnia odtwarzaczy cyfrowej ksi\u0105\u017cki m\u00f3wionej dla os\u00f3b z dysfunkcj\u0105 wzroku \u2013 Edycja 2025\u201d realizowanego przez Stowarzyszenie Pomocy Osobom Niepe\u0142nosprawnym \u201eLarix\u201d im. Henryka&#46;&#46;&#46;<\/p>\n","protected":false},"author":2,"featured_media":7780,"comment_status":"closed","ping_status":"closed","sticky":false,"template":"","format":"standard","meta":{"_uag_custom_page_level_css":"","footnotes":""},"categories":[3],"tags":[],"class_list":["post-7777","post","type-post","status-publish","format-standard","has-post-thumbnail","hentry","category-aktualnosci"],"uagb_featured_image_src":{"full":["http:\/\/biblioteka-milicz.pl\/wp-content\/uploads\/2026\/01\/Czytak1-scaled.jpeg",2560,1920,false],"thumbnail":["http:\/\/biblioteka-milicz.pl\/wp-content\/uploads\/2026\/01\/Czytak1-150x150.jpeg",150,150,true],"medium":["http:\/\/biblioteka-milicz.pl\/wp-content\/uploads\/2026\/01\/Czytak1-300x225.jpeg",300,225,true],"medium_large":["http:\/\/biblioteka-milicz.pl\/wp-content\/uploads\/2026\/01\/Czytak1-768x576.jpeg",768,576,true],"large":["http:\/\/biblioteka-milicz.pl\/wp-content\/uploads\/2026\/01\/Czytak1-1024x768.jpeg",1024,768,true],"1536x1536":["http:\/\/biblioteka-milicz.pl\/wp-content\/uploads\/2026\/01\/Czytak1-1536x1152.jpeg",1536,1152,true],"2048x2048":["http:\/\/biblioteka-milicz.pl\/wp-content\/uploads\/2026\/01\/Czytak1-2048x1536.jpeg",2048,1536,true],"thumb-small":["http:\/\/biblioteka-milicz.pl\/wp-content\/uploads\/2026\/01\/Czytak1-80x80.jpeg",80,80,true],"thumb-standard":["http:\/\/biblioteka-milicz.pl\/wp-content\/uploads\/2026\/01\/Czytak1-320x320.jpeg",320,320,true],"thumb-medium":["http:\/\/biblioteka-milicz.pl\/wp-content\/uploads\/2026\/01\/Czytak1-520x245.jpeg",520,245,true],"thumb-large":["http:\/\/biblioteka-milicz.pl\/wp-content\/uploads\/2026\/01\/Czytak1-720x340.jpeg",720,340,true],"thumb-xlarge":["http:\/\/biblioteka-milicz.pl\/wp-content\/uploads\/2026\/01\/Czytak1-980x450.jpeg",980,450,true],"thumb-xxlarge":["http:\/\/biblioteka-milicz.pl\/wp-content\/uploads\/2026\/01\/Czytak1-1320x500.jpeg",1320,500,true]},"uagb_author_info":{"display_name":"Marlena Grodzi\u0144ska","author_link":"http:\/\/biblioteka-milicz.pl\/index.php\/author\/marlena\/"},"uagb_comment_info":0,"uagb_excerpt":"Mi\u0142o jest nam poinformowa\u0107, \u017ce Biblioteka Publiczna w Miliczu przyst\u0105pi\u0142a do projektu \u201eWypo\u017cyczalnia odtwarzaczy cyfrowej ksi\u0105\u017cki m\u00f3wionej dla os\u00f3b z dysfunkcj\u0105 wzroku \u2013 Edycja 2025\u201d realizowanego przez Stowarzyszenie Pomocy Osobom Niepe\u0142nosprawnym \u201eLarix\u201d im. Henryka&#46;&#46;&#46;","_links":{"self":[{"href":"http:\/\/biblioteka-milicz.pl\/index.php\/wp-json\/wp\/v2\/posts\/7777","targetHints":{"allow":["GET"]}}],"collection":[{"href":"http:\/\/biblioteka-milicz.pl\/index.php\/wp-json\/wp\/v2\/posts"}],"about":[{"href":"http:\/\/biblioteka-milicz.pl\/index.php\/wp-json\/wp\/v2\/types\/post"}],"author":[{"embeddable":true,"href":"http:\/\/biblioteka-milicz.pl\/index.php\/wp-json\/wp\/v2\/users\/2"}],"replies":[{"embeddable":true,"href":"http:\/\/biblioteka-milicz.pl\/index.php\/wp-json\/wp\/v2\/comments?post=7777"}],"version-history":[{"count":3,"href":"http:\/\/biblioteka-milicz.pl\/index.php\/wp-json\/wp\/v2\/posts\/7777\/revisions"}],"predecessor-version":[{"id":7784,"href":"http:\/\/biblioteka-milicz.pl\/index.php\/wp-json\/wp\/v2\/posts\/7777\/revisions\/7784"}],"wp:featuredmedia":[{"embeddable":true,"href":"http:\/\/biblioteka-milicz.pl\/index.php\/wp-json\/wp\/v2\/media\/7780"}],"wp:attachment":[{"href":"http:\/\/biblioteka-milicz.pl\/index.php\/wp-json\/wp\/v2\/media?parent=7777"}],"wp:term":[{"taxonomy":"category","embeddable":true,"href":"http:\/\/biblioteka-milicz.pl\/index.php\/wp-json\/wp\/v2\/categories?post=7777"},{"taxonomy":"post_tag","embeddable":true,"href":"http:\/\/biblioteka-milicz.pl\/index.php\/wp-json\/wp\/v2\/tags?post=7777"}],"curies":[{"name":"wp","href":"https:\/\/api.w.org\/{rel}","templated":true}]}}