{"id":7562,"date":"2025-12-08T10:16:27","date_gmt":"2025-12-08T09:16:27","guid":{"rendered":"https:\/\/biblioteka-milicz.pl\/?p=7562"},"modified":"2025-12-12T10:20:17","modified_gmt":"2025-12-12T09:20:17","slug":"swiateczne-warsztaty-w-sulowskiej-filii-bibliotecznej","status":"publish","type":"post","link":"http:\/\/biblioteka-milicz.pl\/index.php\/2025\/12\/08\/swiateczne-warsztaty-w-sulowskiej-filii-bibliotecznej\/","title":{"rendered":"\u015awi\u0105teczne warsztaty w su\u0142owskiej filii bibliotecznej"},"content":{"rendered":"\n<p>Ostatnie dni w naszej su\u0142owskiej filii up\u0142yn\u0119\u0142y w wyj\u0105tkowo \u015bwi\u0105tecznym nastroju. 4 i 5 grudnia odwiedzi\u0142y nas kolejne grupy uczni\u00f3w ze Szko\u0142y Podstawowej w Su\u0142owie, wnosz\u0105c do biblioteki mn\u00f3stwo energii, u\u015bmiech\u00f3w i tw\u00f3rczego zapa\u0142u. Cho\u0107 za oknem dominowa\u0142a szaro\u015b\u0107, w \u015brodku by\u0142o kolorowo, brokatowo i niezwykle rado\u015bnie.<\/p>\n\n\n\n<p>Podczas warsztat\u00f3w powsta\u0142o wiele pi\u0119knych ozd\u00f3b \u015bwi\u0105tecznych. Dzieci ch\u0119tnie si\u0119ga\u0142y po \u201ewyciorki\u201d, czyli \u2013 jak same m\u00f3wi\u0105 \u2013 \u201ekud\u0142ate druciki\u201d, a tak\u017ce po wst\u0105\u017cki, koraliki i male\u0144kie bombki. Z ich zr\u0119cznych r\u0105k wyczarowane zosta\u0142y wianuszki i b\u0142yszcz\u0105ce gwiazdki. Pierwsze nie\u015bmia\u0142e \u201enie da si\u0119\u201d szybko zamieni\u0142o si\u0119 w dum\u0119 i satysfakcj\u0119 z w\u0142asnor\u0119cznie wykonanych dekoracji.<\/p>\n\n\n\n<p>Rozmowy podczas zaj\u0119\u0107 dotyczy\u0142y tradycji Bo\u017cego Narodzenia, zwyczaj\u00f3w i obyczaj\u00f3w \u015bwi\u0105tecznych, historii choinki oraz znaczenia umieszczanych na niej ozd\u00f3b. Nie zabrak\u0142o tak\u017ce opowie\u015bci o szopce i Pasterce, dzi\u0119ki czemu warsztaty sta\u0142y si\u0119 nie tylko okazj\u0105 do kreatywnej zabawy, ale r\u00f3wnie\u017c do poznawania pi\u0119knych, bo\u017conarodzeniowych tradycji.<\/p>\n\n\n\n<p>Ka\u017cde spotkanie ko\u0144czy\u0142o si\u0119 wyborem ksi\u0105\u017cek, co zawsze daje nam wiele rado\u015bci \u2013 dzieci z entuzjazmem si\u0119gaj\u0105 po lektury na d\u0142ugie, zimowe wieczory.<\/p>\n\n\n\n<p>Wszystkim uczestnikom dzi\u0119kujemy za wsp\u00f3lnie sp\u0119dzony czas, zaanga\u017cowanie i wspania\u0142\u0105 atmosfer\u0119. \u017byczymy radosnych, spokojnych i pe\u0142nych ciep\u0142a \u015awi\u0105t Bo\u017cego Narodzenia.<\/p>\n\n\n\n<figure class=\"wp-block-gallery has-nested-images columns-default is-cropped wp-block-gallery-1 is-layout-flex wp-block-gallery-is-layout-flex\">\n<figure class=\"wp-block-image size-large\"><img loading=\"lazy\" decoding=\"async\" width=\"768\" height=\"1024\" data-id=\"7565\" src=\"https:\/\/biblioteka-milicz.pl\/wp-content\/uploads\/2025\/12\/592380420_1264677802364869_6181718495802849903_n-768x1024.jpg\" alt=\"\" class=\"wp-image-7565\" srcset=\"http:\/\/biblioteka-milicz.pl\/wp-content\/uploads\/2025\/12\/592380420_1264677802364869_6181718495802849903_n-768x1024.jpg 768w, http:\/\/biblioteka-milicz.pl\/wp-content\/uploads\/2025\/12\/592380420_1264677802364869_6181718495802849903_n-225x300.jpg 225w, http:\/\/biblioteka-milicz.pl\/wp-content\/uploads\/2025\/12\/592380420_1264677802364869_6181718495802849903_n-1152x1536.jpg 1152w, http:\/\/biblioteka-milicz.pl\/wp-content\/uploads\/2025\/12\/592380420_1264677802364869_6181718495802849903_n.jpg 1536w\" sizes=\"auto, (max-width: 768px) 100vw, 768px\" \/><\/figure>\n\n\n\n<figure class=\"wp-block-image size-large\"><img loading=\"lazy\" decoding=\"async\" width=\"768\" height=\"1024\" data-id=\"7564\" src=\"https:\/\/biblioteka-milicz.pl\/wp-content\/uploads\/2025\/12\/593365380_1264677139031602_4834232512458353461_n-768x1024.jpg\" alt=\"\" class=\"wp-image-7564\" srcset=\"http:\/\/biblioteka-milicz.pl\/wp-content\/uploads\/2025\/12\/593365380_1264677139031602_4834232512458353461_n-768x1024.jpg 768w, http:\/\/biblioteka-milicz.pl\/wp-content\/uploads\/2025\/12\/593365380_1264677139031602_4834232512458353461_n-225x300.jpg 225w, http:\/\/biblioteka-milicz.pl\/wp-content\/uploads\/2025\/12\/593365380_1264677139031602_4834232512458353461_n-1152x1536.jpg 1152w, http:\/\/biblioteka-milicz.pl\/wp-content\/uploads\/2025\/12\/593365380_1264677139031602_4834232512458353461_n.jpg 1536w\" sizes=\"auto, (max-width: 768px) 100vw, 768px\" \/><\/figure>\n\n\n\n<figure class=\"wp-block-image size-large\"><img loading=\"lazy\" decoding=\"async\" width=\"768\" height=\"1024\" data-id=\"7567\" src=\"https:\/\/biblioteka-milicz.pl\/wp-content\/uploads\/2025\/12\/593606006_1264677775698205_7052155340367854397_n-768x1024.jpg\" alt=\"\" class=\"wp-image-7567\" srcset=\"http:\/\/biblioteka-milicz.pl\/wp-content\/uploads\/2025\/12\/593606006_1264677775698205_7052155340367854397_n-768x1024.jpg 768w, http:\/\/biblioteka-milicz.pl\/wp-content\/uploads\/2025\/12\/593606006_1264677775698205_7052155340367854397_n-225x300.jpg 225w, http:\/\/biblioteka-milicz.pl\/wp-content\/uploads\/2025\/12\/593606006_1264677775698205_7052155340367854397_n-1152x1536.jpg 1152w, http:\/\/biblioteka-milicz.pl\/wp-content\/uploads\/2025\/12\/593606006_1264677775698205_7052155340367854397_n.jpg 1536w\" sizes=\"auto, (max-width: 768px) 100vw, 768px\" \/><\/figure>\n\n\n\n<figure class=\"wp-block-image size-large\"><img loading=\"lazy\" decoding=\"async\" width=\"768\" height=\"1024\" data-id=\"7568\" src=\"https:\/\/biblioteka-milicz.pl\/wp-content\/uploads\/2025\/12\/594201954_1264677095698273_2624657639201722287_n-768x1024.jpg\" alt=\"\" class=\"wp-image-7568\" srcset=\"http:\/\/biblioteka-milicz.pl\/wp-content\/uploads\/2025\/12\/594201954_1264677095698273_2624657639201722287_n-768x1024.jpg 768w, http:\/\/biblioteka-milicz.pl\/wp-content\/uploads\/2025\/12\/594201954_1264677095698273_2624657639201722287_n-225x300.jpg 225w, http:\/\/biblioteka-milicz.pl\/wp-content\/uploads\/2025\/12\/594201954_1264677095698273_2624657639201722287_n-1152x1536.jpg 1152w, http:\/\/biblioteka-milicz.pl\/wp-content\/uploads\/2025\/12\/594201954_1264677095698273_2624657639201722287_n.jpg 1536w\" sizes=\"auto, (max-width: 768px) 100vw, 768px\" \/><\/figure>\n\n\n\n<figure class=\"wp-block-image size-large\"><img loading=\"lazy\" decoding=\"async\" width=\"768\" height=\"1024\" data-id=\"7563\" src=\"https:\/\/biblioteka-milicz.pl\/wp-content\/uploads\/2025\/12\/594892829_1264677725698210_2743729993087415529_n-768x1024.jpg\" alt=\"\" class=\"wp-image-7563\" srcset=\"http:\/\/biblioteka-milicz.pl\/wp-content\/uploads\/2025\/12\/594892829_1264677725698210_2743729993087415529_n-768x1024.jpg 768w, http:\/\/biblioteka-milicz.pl\/wp-content\/uploads\/2025\/12\/594892829_1264677725698210_2743729993087415529_n-225x300.jpg 225w, http:\/\/biblioteka-milicz.pl\/wp-content\/uploads\/2025\/12\/594892829_1264677725698210_2743729993087415529_n-1152x1536.jpg 1152w, http:\/\/biblioteka-milicz.pl\/wp-content\/uploads\/2025\/12\/594892829_1264677725698210_2743729993087415529_n.jpg 1536w\" sizes=\"auto, (max-width: 768px) 100vw, 768px\" \/><\/figure>\n\n\n\n<figure class=\"wp-block-image size-large\"><img loading=\"lazy\" decoding=\"async\" width=\"768\" height=\"1024\" data-id=\"7566\" src=\"https:\/\/biblioteka-milicz.pl\/wp-content\/uploads\/2025\/12\/595115648_1264677635698219_1190190183244214519_n-768x1024.jpg\" alt=\"\" class=\"wp-image-7566\" srcset=\"http:\/\/biblioteka-milicz.pl\/wp-content\/uploads\/2025\/12\/595115648_1264677635698219_1190190183244214519_n-768x1024.jpg 768w, http:\/\/biblioteka-milicz.pl\/wp-content\/uploads\/2025\/12\/595115648_1264677635698219_1190190183244214519_n-225x300.jpg 225w, http:\/\/biblioteka-milicz.pl\/wp-content\/uploads\/2025\/12\/595115648_1264677635698219_1190190183244214519_n-1152x1536.jpg 1152w, http:\/\/biblioteka-milicz.pl\/wp-content\/uploads\/2025\/12\/595115648_1264677635698219_1190190183244214519_n.jpg 1536w\" sizes=\"auto, (max-width: 768px) 100vw, 768px\" \/><\/figure>\n<\/figure>\n","protected":false},"excerpt":{"rendered":"<p>Ostatnie dni w naszej su\u0142owskiej filii up\u0142yn\u0119\u0142y w wyj\u0105tkowo \u015bwi\u0105tecznym nastroju. 4 i 5 grudnia odwiedzi\u0142y nas kolejne grupy uczni\u00f3w ze Szko\u0142y Podstawowej w Su\u0142owie, wnosz\u0105c do biblioteki mn\u00f3stwo energii, u\u015bmiech\u00f3w i tw\u00f3rczego zapa\u0142u.&#46;&#46;&#46;<\/p>\n","protected":false},"author":2,"featured_media":7569,"comment_status":"closed","ping_status":"closed","sticky":false,"template":"","format":"standard","meta":{"_uag_custom_page_level_css":"","footnotes":""},"categories":[3],"tags":[],"class_list":["post-7562","post","type-post","status-publish","format-standard","has-post-thumbnail","hentry","category-aktualnosci"],"uagb_featured_image_src":{"full":["http:\/\/biblioteka-milicz.pl\/wp-content\/uploads\/2025\/12\/Wyciory.jpg",1536,1152,false],"thumbnail":["http:\/\/biblioteka-milicz.pl\/wp-content\/uploads\/2025\/12\/Wyciory-150x150.jpg",150,150,true],"medium":["http:\/\/biblioteka-milicz.pl\/wp-content\/uploads\/2025\/12\/Wyciory-300x225.jpg",300,225,true],"medium_large":["http:\/\/biblioteka-milicz.pl\/wp-content\/uploads\/2025\/12\/Wyciory-768x576.jpg",768,576,true],"large":["http:\/\/biblioteka-milicz.pl\/wp-content\/uploads\/2025\/12\/Wyciory-1024x768.jpg",1024,768,true],"1536x1536":["http:\/\/biblioteka-milicz.pl\/wp-content\/uploads\/2025\/12\/Wyciory.jpg",1536,1152,false],"2048x2048":["http:\/\/biblioteka-milicz.pl\/wp-content\/uploads\/2025\/12\/Wyciory.jpg",1536,1152,false],"thumb-small":["http:\/\/biblioteka-milicz.pl\/wp-content\/uploads\/2025\/12\/Wyciory-80x80.jpg",80,80,true],"thumb-standard":["http:\/\/biblioteka-milicz.pl\/wp-content\/uploads\/2025\/12\/Wyciory-320x320.jpg",320,320,true],"thumb-medium":["http:\/\/biblioteka-milicz.pl\/wp-content\/uploads\/2025\/12\/Wyciory-520x245.jpg",520,245,true],"thumb-large":["http:\/\/biblioteka-milicz.pl\/wp-content\/uploads\/2025\/12\/Wyciory-720x340.jpg",720,340,true],"thumb-xlarge":["http:\/\/biblioteka-milicz.pl\/wp-content\/uploads\/2025\/12\/Wyciory-980x450.jpg",980,450,true],"thumb-xxlarge":["http:\/\/biblioteka-milicz.pl\/wp-content\/uploads\/2025\/12\/Wyciory-1320x500.jpg",1320,500,true]},"uagb_author_info":{"display_name":"Marlena Grodzi\u0144ska","author_link":"http:\/\/biblioteka-milicz.pl\/index.php\/author\/marlena\/"},"uagb_comment_info":0,"uagb_excerpt":"Ostatnie dni w naszej su\u0142owskiej filii up\u0142yn\u0119\u0142y w wyj\u0105tkowo \u015bwi\u0105tecznym nastroju. 4 i 5 grudnia odwiedzi\u0142y nas kolejne grupy uczni\u00f3w ze Szko\u0142y Podstawowej w Su\u0142owie, wnosz\u0105c do biblioteki mn\u00f3stwo energii, u\u015bmiech\u00f3w i tw\u00f3rczego zapa\u0142u.&#46;&#46;&#46;","_links":{"self":[{"href":"http:\/\/biblioteka-milicz.pl\/index.php\/wp-json\/wp\/v2\/posts\/7562","targetHints":{"allow":["GET"]}}],"collection":[{"href":"http:\/\/biblioteka-milicz.pl\/index.php\/wp-json\/wp\/v2\/posts"}],"about":[{"href":"http:\/\/biblioteka-milicz.pl\/index.php\/wp-json\/wp\/v2\/types\/post"}],"author":[{"embeddable":true,"href":"http:\/\/biblioteka-milicz.pl\/index.php\/wp-json\/wp\/v2\/users\/2"}],"replies":[{"embeddable":true,"href":"http:\/\/biblioteka-milicz.pl\/index.php\/wp-json\/wp\/v2\/comments?post=7562"}],"version-history":[{"count":1,"href":"http:\/\/biblioteka-milicz.pl\/index.php\/wp-json\/wp\/v2\/posts\/7562\/revisions"}],"predecessor-version":[{"id":7570,"href":"http:\/\/biblioteka-milicz.pl\/index.php\/wp-json\/wp\/v2\/posts\/7562\/revisions\/7570"}],"wp:featuredmedia":[{"embeddable":true,"href":"http:\/\/biblioteka-milicz.pl\/index.php\/wp-json\/wp\/v2\/media\/7569"}],"wp:attachment":[{"href":"http:\/\/biblioteka-milicz.pl\/index.php\/wp-json\/wp\/v2\/media?parent=7562"}],"wp:term":[{"taxonomy":"category","embeddable":true,"href":"http:\/\/biblioteka-milicz.pl\/index.php\/wp-json\/wp\/v2\/categories?post=7562"},{"taxonomy":"post_tag","embeddable":true,"href":"http:\/\/biblioteka-milicz.pl\/index.php\/wp-json\/wp\/v2\/tags?post=7562"}],"curies":[{"name":"wp","href":"https:\/\/api.w.org\/{rel}","templated":true}]}}