{"id":739,"date":"2019-05-06T14:22:00","date_gmt":"2019-05-06T12:22:00","guid":{"rendered":"http:\/\/biblioteka-milicz.pl\/?p=739"},"modified":"2022-03-12T14:23:04","modified_gmt":"2022-03-12T13:23:04","slug":"kiermasz-ksiazki-bibliotecznej","status":"publish","type":"post","link":"http:\/\/biblioteka-milicz.pl\/index.php\/2019\/05\/06\/kiermasz-ksiazki-bibliotecznej\/","title":{"rendered":"Kiermasz ksi\u0105\u017cki bibliotecznej"},"content":{"rendered":"\n<p>Od dzi\u015b w WYPO\u017bYCZALNI DLA DOROS\u0141YCH trwa \u201eKiermasz ksi\u0105\u017cki bibliotecznej&#8221;. Za symboliczn\u0105 kwot\u0119 mo\u017cna naby\u0107 interesuj\u0105ce ksi\u0105\u017cki z literatury pi\u0119knej oraz ksi\u0105\u017cki popularnonaukowe z r\u00f3\u017cnych dziedzin wiedzy. Zapraszamy w godzinach otwarcia biblioteki.<\/p>\n","protected":false},"excerpt":{"rendered":"<p>Od dzi\u015b w WYPO\u017bYCZALNI DLA DOROS\u0141YCH trwa \u201eKiermasz ksi\u0105\u017cki bibliotecznej&#8221;. Za symboliczn\u0105 kwot\u0119 mo\u017cna naby\u0107 interesuj\u0105ce ksi\u0105\u017cki z literatury pi\u0119knej oraz ksi\u0105\u017cki popularnonaukowe z r\u00f3\u017cnych dziedzin wiedzy. Zapraszamy w godzinach otwarcia biblioteki.<\/p>\n","protected":false},"author":1,"featured_media":740,"comment_status":"closed","ping_status":"open","sticky":false,"template":"","format":"standard","meta":{"_uag_custom_page_level_css":"","footnotes":""},"categories":[3],"tags":[],"class_list":["post-739","post","type-post","status-publish","format-standard","has-post-thumbnail","hentry","category-aktualnosci"],"uagb_featured_image_src":{"full":["http:\/\/biblioteka-milicz.pl\/wp-content\/uploads\/2022\/03\/59345375_855638774785581_1775999355199684608_o.png",960,512,false],"thumbnail":["http:\/\/biblioteka-milicz.pl\/wp-content\/uploads\/2022\/03\/59345375_855638774785581_1775999355199684608_o-150x150.png",150,150,true],"medium":["http:\/\/biblioteka-milicz.pl\/wp-content\/uploads\/2022\/03\/59345375_855638774785581_1775999355199684608_o-300x160.png",300,160,true],"medium_large":["http:\/\/biblioteka-milicz.pl\/wp-content\/uploads\/2022\/03\/59345375_855638774785581_1775999355199684608_o-768x410.png",768,410,true],"large":["http:\/\/biblioteka-milicz.pl\/wp-content\/uploads\/2022\/03\/59345375_855638774785581_1775999355199684608_o.png",960,512,false],"1536x1536":["http:\/\/biblioteka-milicz.pl\/wp-content\/uploads\/2022\/03\/59345375_855638774785581_1775999355199684608_o.png",960,512,false],"2048x2048":["http:\/\/biblioteka-milicz.pl\/wp-content\/uploads\/2022\/03\/59345375_855638774785581_1775999355199684608_o.png",960,512,false],"thumb-small":["http:\/\/biblioteka-milicz.pl\/wp-content\/uploads\/2022\/03\/59345375_855638774785581_1775999355199684608_o-80x80.png",80,80,true],"thumb-standard":["http:\/\/biblioteka-milicz.pl\/wp-content\/uploads\/2022\/03\/59345375_855638774785581_1775999355199684608_o-320x320.png",320,320,true],"thumb-medium":["http:\/\/biblioteka-milicz.pl\/wp-content\/uploads\/2022\/03\/59345375_855638774785581_1775999355199684608_o-520x245.png",520,245,true],"thumb-large":["http:\/\/biblioteka-milicz.pl\/wp-content\/uploads\/2022\/03\/59345375_855638774785581_1775999355199684608_o-720x340.png",720,340,true],"thumb-xlarge":["http:\/\/biblioteka-milicz.pl\/wp-content\/uploads\/2022\/03\/59345375_855638774785581_1775999355199684608_o-960x450.png",960,450,true],"thumb-xxlarge":["http:\/\/biblioteka-milicz.pl\/wp-content\/uploads\/2022\/03\/59345375_855638774785581_1775999355199684608_o-960x500.png",960,500,true]},"uagb_author_info":{"display_name":"admin","author_link":"http:\/\/biblioteka-milicz.pl\/index.php\/author\/admin\/"},"uagb_comment_info":0,"uagb_excerpt":"Od dzi\u015b w WYPO\u017bYCZALNI DLA DOROS\u0141YCH trwa \u201eKiermasz ksi\u0105\u017cki bibliotecznej&#8221;. Za symboliczn\u0105 kwot\u0119 mo\u017cna naby\u0107 interesuj\u0105ce ksi\u0105\u017cki z literatury pi\u0119knej oraz ksi\u0105\u017cki popularnonaukowe z r\u00f3\u017cnych dziedzin wiedzy. Zapraszamy w godzinach otwarcia biblioteki.","_links":{"self":[{"href":"http:\/\/biblioteka-milicz.pl\/index.php\/wp-json\/wp\/v2\/posts\/739","targetHints":{"allow":["GET"]}}],"collection":[{"href":"http:\/\/biblioteka-milicz.pl\/index.php\/wp-json\/wp\/v2\/posts"}],"about":[{"href":"http:\/\/biblioteka-milicz.pl\/index.php\/wp-json\/wp\/v2\/types\/post"}],"author":[{"embeddable":true,"href":"http:\/\/biblioteka-milicz.pl\/index.php\/wp-json\/wp\/v2\/users\/1"}],"replies":[{"embeddable":true,"href":"http:\/\/biblioteka-milicz.pl\/index.php\/wp-json\/wp\/v2\/comments?post=739"}],"version-history":[{"count":1,"href":"http:\/\/biblioteka-milicz.pl\/index.php\/wp-json\/wp\/v2\/posts\/739\/revisions"}],"predecessor-version":[{"id":741,"href":"http:\/\/biblioteka-milicz.pl\/index.php\/wp-json\/wp\/v2\/posts\/739\/revisions\/741"}],"wp:featuredmedia":[{"embeddable":true,"href":"http:\/\/biblioteka-milicz.pl\/index.php\/wp-json\/wp\/v2\/media\/740"}],"wp:attachment":[{"href":"http:\/\/biblioteka-milicz.pl\/index.php\/wp-json\/wp\/v2\/media?parent=739"}],"wp:term":[{"taxonomy":"category","embeddable":true,"href":"http:\/\/biblioteka-milicz.pl\/index.php\/wp-json\/wp\/v2\/categories?post=739"},{"taxonomy":"post_tag","embeddable":true,"href":"http:\/\/biblioteka-milicz.pl\/index.php\/wp-json\/wp\/v2\/tags?post=739"}],"curies":[{"name":"wp","href":"https:\/\/api.w.org\/{rel}","templated":true}]}}