{"id":7215,"date":"2025-10-11T09:55:11","date_gmt":"2025-10-11T07:55:11","guid":{"rendered":"https:\/\/biblioteka-milicz.pl\/?p=7215"},"modified":"2025-10-29T09:57:37","modified_gmt":"2025-10-29T08:57:37","slug":"slodki-smak-jesieni","status":"publish","type":"post","link":"http:\/\/biblioteka-milicz.pl\/index.php\/2025\/10\/11\/slodki-smak-jesieni\/","title":{"rendered":"S\u0142odki smak jesieni"},"content":{"rendered":"\n<p>10 pa\u017adziernika w Domu Pomocy Spo\u0142ecznej w Miliczu odby\u0142o si\u0119 spotkanie Dyskusyjnego Klubu SENIORA pod has\u0142em <em>\u201eJesienny mi\u00f3d \u2013 z\u0142oto natury\u201d<\/em>. Wydarzenie up\u0142yn\u0119\u0142o w ciep\u0142ej i pe\u0142nej serdeczno\u015bci atmosferze.<\/p>\n\n\n\n<p>Podczas spotkania uczestnicy rozmawiali o historii pszczelarstwa \u2013 o dawnych sposobach pozyskiwania miodu oraz o jego znaczeniu w codziennym \u017cyciu. Nie zabrak\u0142o r\u00f3wnie\u017c ciekawostek o leczniczej mocy miodu i jego korzystnym wp\u0142ywie na zdrowie, odporno\u015b\u0107 oraz dobre samopoczucie.<\/p>\n\n\n\n<p>Ca\u0142o\u015b\u0107 dope\u0142ni\u0142 pokaz parzenia aromatycznej, jesiennej herbaty, kt\u00f3rej smak doskonale wsp\u00f3\u0142gra\u0142 ze s\u0142odycz\u0105 miodu.<\/p>\n\n\n\n<p>Dzi\u0119kujemy wszystkim uczestnikom za obecno\u015b\u0107, \u017cyczliwo\u015b\u0107 i wsp\u00f3lnie sp\u0119dzony czas.<\/p>\n\n\n\n<figure class=\"wp-block-gallery has-nested-images columns-default is-cropped wp-block-gallery-1 is-layout-flex wp-block-gallery-is-layout-flex\">\n<figure class=\"wp-block-image size-large\"><img loading=\"lazy\" decoding=\"async\" width=\"562\" height=\"317\" data-id=\"7216\" src=\"https:\/\/biblioteka-milicz.pl\/wp-content\/uploads\/2025\/10\/558977506_1217165877116062_7721857340120679919_n.jpg\" alt=\"\" class=\"wp-image-7216\" srcset=\"http:\/\/biblioteka-milicz.pl\/wp-content\/uploads\/2025\/10\/558977506_1217165877116062_7721857340120679919_n.jpg 562w, http:\/\/biblioteka-milicz.pl\/wp-content\/uploads\/2025\/10\/558977506_1217165877116062_7721857340120679919_n-300x169.jpg 300w\" sizes=\"auto, (max-width: 562px) 100vw, 562px\" \/><\/figure>\n\n\n\n<figure class=\"wp-block-image size-large\"><img loading=\"lazy\" decoding=\"async\" width=\"538\" height=\"430\" data-id=\"7219\" src=\"https:\/\/biblioteka-milicz.pl\/wp-content\/uploads\/2025\/10\/559676978_1217165740449409_5242849627607444364_n.jpg\" alt=\"\" class=\"wp-image-7219\" srcset=\"http:\/\/biblioteka-milicz.pl\/wp-content\/uploads\/2025\/10\/559676978_1217165740449409_5242849627607444364_n.jpg 538w, http:\/\/biblioteka-milicz.pl\/wp-content\/uploads\/2025\/10\/559676978_1217165740449409_5242849627607444364_n-300x240.jpg 300w\" sizes=\"auto, (max-width: 538px) 100vw, 538px\" \/><\/figure>\n\n\n\n<figure class=\"wp-block-image size-large\"><img loading=\"lazy\" decoding=\"async\" width=\"363\" height=\"398\" data-id=\"7217\" src=\"https:\/\/biblioteka-milicz.pl\/wp-content\/uploads\/2025\/10\/559012236_1217165913782725_7742209194109140598_n.jpg\" alt=\"\" class=\"wp-image-7217\" srcset=\"http:\/\/biblioteka-milicz.pl\/wp-content\/uploads\/2025\/10\/559012236_1217165913782725_7742209194109140598_n.jpg 363w, http:\/\/biblioteka-milicz.pl\/wp-content\/uploads\/2025\/10\/559012236_1217165913782725_7742209194109140598_n-274x300.jpg 274w\" sizes=\"auto, (max-width: 363px) 100vw, 363px\" \/><\/figure>\n\n\n\n<figure class=\"wp-block-image size-large\"><img loading=\"lazy\" decoding=\"async\" width=\"562\" height=\"317\" data-id=\"7218\" src=\"https:\/\/biblioteka-milicz.pl\/wp-content\/uploads\/2025\/10\/559363181_1217165953782721_531018608240609727_n.jpg\" alt=\"\" class=\"wp-image-7218\" srcset=\"http:\/\/biblioteka-milicz.pl\/wp-content\/uploads\/2025\/10\/559363181_1217165953782721_531018608240609727_n.jpg 562w, http:\/\/biblioteka-milicz.pl\/wp-content\/uploads\/2025\/10\/559363181_1217165953782721_531018608240609727_n-300x169.jpg 300w\" sizes=\"auto, (max-width: 562px) 100vw, 562px\" \/><\/figure>\n<\/figure>\n","protected":false},"excerpt":{"rendered":"<p>10 pa\u017adziernika w Domu Pomocy Spo\u0142ecznej w Miliczu odby\u0142o si\u0119 spotkanie Dyskusyjnego Klubu SENIORA pod has\u0142em \u201eJesienny mi\u00f3d \u2013 z\u0142oto natury\u201d. Wydarzenie up\u0142yn\u0119\u0142o w ciep\u0142ej i pe\u0142nej serdeczno\u015bci atmosferze. Podczas spotkania uczestnicy rozmawiali o&#46;&#46;&#46;<\/p>\n","protected":false},"author":2,"featured_media":7220,"comment_status":"closed","ping_status":"closed","sticky":false,"template":"","format":"standard","meta":{"_uag_custom_page_level_css":"","footnotes":""},"categories":[3],"tags":[],"class_list":["post-7215","post","type-post","status-publish","format-standard","has-post-thumbnail","hentry","category-aktualnosci"],"uagb_featured_image_src":{"full":["http:\/\/biblioteka-milicz.pl\/wp-content\/uploads\/2025\/10\/Miod.jpg",423,317,false],"thumbnail":["http:\/\/biblioteka-milicz.pl\/wp-content\/uploads\/2025\/10\/Miod-150x150.jpg",150,150,true],"medium":["http:\/\/biblioteka-milicz.pl\/wp-content\/uploads\/2025\/10\/Miod-300x225.jpg",300,225,true],"medium_large":["http:\/\/biblioteka-milicz.pl\/wp-content\/uploads\/2025\/10\/Miod.jpg",423,317,false],"large":["http:\/\/biblioteka-milicz.pl\/wp-content\/uploads\/2025\/10\/Miod.jpg",423,317,false],"1536x1536":["http:\/\/biblioteka-milicz.pl\/wp-content\/uploads\/2025\/10\/Miod.jpg",423,317,false],"2048x2048":["http:\/\/biblioteka-milicz.pl\/wp-content\/uploads\/2025\/10\/Miod.jpg",423,317,false],"thumb-small":["http:\/\/biblioteka-milicz.pl\/wp-content\/uploads\/2025\/10\/Miod-80x80.jpg",80,80,true],"thumb-standard":["http:\/\/biblioteka-milicz.pl\/wp-content\/uploads\/2025\/10\/Miod-320x317.jpg",320,317,true],"thumb-medium":["http:\/\/biblioteka-milicz.pl\/wp-content\/uploads\/2025\/10\/Miod-423x245.jpg",423,245,true],"thumb-large":["http:\/\/biblioteka-milicz.pl\/wp-content\/uploads\/2025\/10\/Miod.jpg",423,317,false],"thumb-xlarge":["http:\/\/biblioteka-milicz.pl\/wp-content\/uploads\/2025\/10\/Miod.jpg",423,317,false],"thumb-xxlarge":["http:\/\/biblioteka-milicz.pl\/wp-content\/uploads\/2025\/10\/Miod.jpg",423,317,false]},"uagb_author_info":{"display_name":"Marlena Grodzi\u0144ska","author_link":"http:\/\/biblioteka-milicz.pl\/index.php\/author\/marlena\/"},"uagb_comment_info":0,"uagb_excerpt":"10 pa\u017adziernika w Domu Pomocy Spo\u0142ecznej w Miliczu odby\u0142o si\u0119 spotkanie Dyskusyjnego Klubu SENIORA pod has\u0142em \u201eJesienny mi\u00f3d \u2013 z\u0142oto natury\u201d. Wydarzenie up\u0142yn\u0119\u0142o w ciep\u0142ej i pe\u0142nej serdeczno\u015bci atmosferze. Podczas spotkania uczestnicy rozmawiali o&#46;&#46;&#46;","_links":{"self":[{"href":"http:\/\/biblioteka-milicz.pl\/index.php\/wp-json\/wp\/v2\/posts\/7215","targetHints":{"allow":["GET"]}}],"collection":[{"href":"http:\/\/biblioteka-milicz.pl\/index.php\/wp-json\/wp\/v2\/posts"}],"about":[{"href":"http:\/\/biblioteka-milicz.pl\/index.php\/wp-json\/wp\/v2\/types\/post"}],"author":[{"embeddable":true,"href":"http:\/\/biblioteka-milicz.pl\/index.php\/wp-json\/wp\/v2\/users\/2"}],"replies":[{"embeddable":true,"href":"http:\/\/biblioteka-milicz.pl\/index.php\/wp-json\/wp\/v2\/comments?post=7215"}],"version-history":[{"count":1,"href":"http:\/\/biblioteka-milicz.pl\/index.php\/wp-json\/wp\/v2\/posts\/7215\/revisions"}],"predecessor-version":[{"id":7221,"href":"http:\/\/biblioteka-milicz.pl\/index.php\/wp-json\/wp\/v2\/posts\/7215\/revisions\/7221"}],"wp:featuredmedia":[{"embeddable":true,"href":"http:\/\/biblioteka-milicz.pl\/index.php\/wp-json\/wp\/v2\/media\/7220"}],"wp:attachment":[{"href":"http:\/\/biblioteka-milicz.pl\/index.php\/wp-json\/wp\/v2\/media?parent=7215"}],"wp:term":[{"taxonomy":"category","embeddable":true,"href":"http:\/\/biblioteka-milicz.pl\/index.php\/wp-json\/wp\/v2\/categories?post=7215"},{"taxonomy":"post_tag","embeddable":true,"href":"http:\/\/biblioteka-milicz.pl\/index.php\/wp-json\/wp\/v2\/tags?post=7215"}],"curies":[{"name":"wp","href":"https:\/\/api.w.org\/{rel}","templated":true}]}}