{"id":7203,"date":"2025-10-13T12:05:06","date_gmt":"2025-10-13T10:05:06","guid":{"rendered":"https:\/\/biblioteka-milicz.pl\/?p=7203"},"modified":"2025-10-28T12:13:11","modified_gmt":"2025-10-28T11:13:11","slug":"jesien-farbami-malowana","status":"publish","type":"post","link":"http:\/\/biblioteka-milicz.pl\/index.php\/2025\/10\/13\/jesien-farbami-malowana\/","title":{"rendered":"Jesie\u0144 farbami malowana"},"content":{"rendered":"\n<p>13 pa\u017adziernika Oddzia\u0142 Dzieci\u0119cy naszej biblioteki odwiedzi\u0142y \u201eSmerfy\u201d \u2013 pi\u0119ciolatki z Przedszkola Samorz\u0105dowego w Miliczu.<\/p>\n\n\n\n<p>Za oknem panuje pe\u0142nia jesieni \u2013 drzewa li\u015bciaste zmieniaj\u0105 kolory na \u017c\u00f3\u0142ty, pomara\u0144czowy i czerwony, a opadaj\u0105ce li\u015bcie tworz\u0105 kolorowy dywan. To w\u0142a\u015bnie kolory jesieni by\u0142y tematem dzisiejszych zaj\u0119\u0107 w bibliotece.<\/p>\n\n\n\n<p>Przedszkolaki z du\u017cym zainteresowaniem wys\u0142ucha\u0142y opowiadania o li\u015bciu \u2013 jego ca\u0142orocznym \u017cyciu, przemianach oraz niezwyk\u0142ych barwach, kt\u00f3re przybiera jesieni\u0105. Rozmowa o tym, jak zmienia si\u0119 przyroda w tym czasie, by\u0142a doskona\u0142\u0105 okazj\u0105 do obserwacji \u015bwiata i rozwijania spostrzegawczo\u015bci u dzieci.<\/p>\n\n\n\n<p>W drugiej cz\u0119\u015bci spotkania \u201eSmerfy\u201d przenios\u0142y swoje wyobra\u017cenia na papier \u2013 malowa\u0142y jesienne drzewa, wykorzystuj\u0105c farby i patyczki kosmetyczne. Dzi\u0119ki temu powsta\u0142y naprawd\u0119 oryginalne i bardzo kolorowe prace, kt\u00f3re w pe\u0142ni oddawa\u0142y klimat z\u0142otej jesieni. Dzieci mog\u0142y \u0142\u0105czy\u0107 r\u00f3\u017cne barwy, eksperymentowa\u0107 z faktur\u0105 i kszta\u0142tem li\u015bci, co rozwija\u0142o ich kreatywno\u015b\u0107 i sprawno\u015b\u0107 manualn\u0105.<\/p>\n\n\n\n<p>Zaj\u0119cia zako\u0144czy\u0142y si\u0119 radosn\u0105 prezentacj\u0105 prac i wsp\u00f3ln\u0105 rozmow\u0105 o tym, jak pi\u0119kna i inspiruj\u0105ca potrafi by\u0107 jesie\u0144.<\/p>\n\n\n\n<figure class=\"wp-block-gallery has-nested-images columns-default is-cropped wp-block-gallery-1 is-layout-flex wp-block-gallery-is-layout-flex\">\n<figure class=\"wp-block-image size-large\"><img loading=\"lazy\" decoding=\"async\" width=\"768\" height=\"1024\" data-id=\"7206\" src=\"https:\/\/biblioteka-milicz.pl\/wp-content\/uploads\/2025\/10\/558989825_1220082053491111_9018625904297387232_n-768x1024.jpg\" alt=\"\" class=\"wp-image-7206\" srcset=\"http:\/\/biblioteka-milicz.pl\/wp-content\/uploads\/2025\/10\/558989825_1220082053491111_9018625904297387232_n-768x1024.jpg 768w, http:\/\/biblioteka-milicz.pl\/wp-content\/uploads\/2025\/10\/558989825_1220082053491111_9018625904297387232_n-225x300.jpg 225w, http:\/\/biblioteka-milicz.pl\/wp-content\/uploads\/2025\/10\/558989825_1220082053491111_9018625904297387232_n-1152x1536.jpg 1152w, http:\/\/biblioteka-milicz.pl\/wp-content\/uploads\/2025\/10\/558989825_1220082053491111_9018625904297387232_n.jpg 1536w\" sizes=\"auto, (max-width: 768px) 100vw, 768px\" \/><\/figure>\n\n\n\n<figure class=\"wp-block-image size-large\"><img loading=\"lazy\" decoding=\"async\" width=\"1024\" height=\"768\" data-id=\"7212\" src=\"https:\/\/biblioteka-milicz.pl\/wp-content\/uploads\/2025\/10\/559035622_1220081710157812_1337417806237629435_n-1024x768.jpg\" alt=\"\" class=\"wp-image-7212\" srcset=\"http:\/\/biblioteka-milicz.pl\/wp-content\/uploads\/2025\/10\/559035622_1220081710157812_1337417806237629435_n-1024x768.jpg 1024w, http:\/\/biblioteka-milicz.pl\/wp-content\/uploads\/2025\/10\/559035622_1220081710157812_1337417806237629435_n-300x225.jpg 300w, http:\/\/biblioteka-milicz.pl\/wp-content\/uploads\/2025\/10\/559035622_1220081710157812_1337417806237629435_n-768x576.jpg 768w, http:\/\/biblioteka-milicz.pl\/wp-content\/uploads\/2025\/10\/559035622_1220081710157812_1337417806237629435_n-1536x1152.jpg 1536w, http:\/\/biblioteka-milicz.pl\/wp-content\/uploads\/2025\/10\/559035622_1220081710157812_1337417806237629435_n.jpg 2048w\" sizes=\"auto, (max-width: 1024px) 100vw, 1024px\" \/><\/figure>\n\n\n\n<figure class=\"wp-block-image size-large\"><img loading=\"lazy\" decoding=\"async\" width=\"768\" height=\"1024\" data-id=\"7209\" src=\"https:\/\/biblioteka-milicz.pl\/wp-content\/uploads\/2025\/10\/559570699_1220081856824464_1790339921525268726_n-768x1024.jpg\" alt=\"\" class=\"wp-image-7209\" srcset=\"http:\/\/biblioteka-milicz.pl\/wp-content\/uploads\/2025\/10\/559570699_1220081856824464_1790339921525268726_n-768x1024.jpg 768w, http:\/\/biblioteka-milicz.pl\/wp-content\/uploads\/2025\/10\/559570699_1220081856824464_1790339921525268726_n-225x300.jpg 225w, http:\/\/biblioteka-milicz.pl\/wp-content\/uploads\/2025\/10\/559570699_1220081856824464_1790339921525268726_n-1152x1536.jpg 1152w, http:\/\/biblioteka-milicz.pl\/wp-content\/uploads\/2025\/10\/559570699_1220081856824464_1790339921525268726_n.jpg 1536w\" sizes=\"auto, (max-width: 768px) 100vw, 768px\" \/><\/figure>\n\n\n\n<figure class=\"wp-block-image size-large\"><img loading=\"lazy\" decoding=\"async\" width=\"768\" height=\"1024\" data-id=\"7210\" src=\"https:\/\/biblioteka-milicz.pl\/wp-content\/uploads\/2025\/10\/560864691_1220081586824491_5759575986384206101_n-768x1024.jpg\" alt=\"\" class=\"wp-image-7210\" srcset=\"http:\/\/biblioteka-milicz.pl\/wp-content\/uploads\/2025\/10\/560864691_1220081586824491_5759575986384206101_n-768x1024.jpg 768w, http:\/\/biblioteka-milicz.pl\/wp-content\/uploads\/2025\/10\/560864691_1220081586824491_5759575986384206101_n-225x300.jpg 225w, http:\/\/biblioteka-milicz.pl\/wp-content\/uploads\/2025\/10\/560864691_1220081586824491_5759575986384206101_n-1152x1536.jpg 1152w, http:\/\/biblioteka-milicz.pl\/wp-content\/uploads\/2025\/10\/560864691_1220081586824491_5759575986384206101_n.jpg 1536w\" sizes=\"auto, (max-width: 768px) 100vw, 768px\" \/><\/figure>\n\n\n\n<figure class=\"wp-block-image size-large\"><img loading=\"lazy\" decoding=\"async\" width=\"768\" height=\"1024\" data-id=\"7207\" src=\"https:\/\/biblioteka-milicz.pl\/wp-content\/uploads\/2025\/10\/561336500_1220082720157711_7253302230368861550_n-768x1024.jpg\" alt=\"\" class=\"wp-image-7207\" srcset=\"http:\/\/biblioteka-milicz.pl\/wp-content\/uploads\/2025\/10\/561336500_1220082720157711_7253302230368861550_n-768x1024.jpg 768w, http:\/\/biblioteka-milicz.pl\/wp-content\/uploads\/2025\/10\/561336500_1220082720157711_7253302230368861550_n-225x300.jpg 225w, http:\/\/biblioteka-milicz.pl\/wp-content\/uploads\/2025\/10\/561336500_1220082720157711_7253302230368861550_n-1152x1536.jpg 1152w, http:\/\/biblioteka-milicz.pl\/wp-content\/uploads\/2025\/10\/561336500_1220082720157711_7253302230368861550_n.jpg 1536w\" sizes=\"auto, (max-width: 768px) 100vw, 768px\" \/><\/figure>\n\n\n\n<figure class=\"wp-block-image size-large\"><img loading=\"lazy\" decoding=\"async\" width=\"768\" height=\"1024\" data-id=\"7204\" src=\"https:\/\/biblioteka-milicz.pl\/wp-content\/uploads\/2025\/10\/562143538_1220082466824403_8596914043846186754_n-768x1024.jpg\" alt=\"\" class=\"wp-image-7204\" srcset=\"http:\/\/biblioteka-milicz.pl\/wp-content\/uploads\/2025\/10\/562143538_1220082466824403_8596914043846186754_n-768x1024.jpg 768w, http:\/\/biblioteka-milicz.pl\/wp-content\/uploads\/2025\/10\/562143538_1220082466824403_8596914043846186754_n-225x300.jpg 225w, http:\/\/biblioteka-milicz.pl\/wp-content\/uploads\/2025\/10\/562143538_1220082466824403_8596914043846186754_n-1152x1536.jpg 1152w, http:\/\/biblioteka-milicz.pl\/wp-content\/uploads\/2025\/10\/562143538_1220082466824403_8596914043846186754_n.jpg 1536w\" sizes=\"auto, (max-width: 768px) 100vw, 768px\" \/><\/figure>\n\n\n\n<figure class=\"wp-block-image size-large\"><img loading=\"lazy\" decoding=\"async\" width=\"1024\" height=\"768\" data-id=\"7211\" src=\"https:\/\/biblioteka-milicz.pl\/wp-content\/uploads\/2025\/10\/565198824_1220081463491170_441682094191283795_n-1024x768.jpg\" alt=\"\" class=\"wp-image-7211\" srcset=\"http:\/\/biblioteka-milicz.pl\/wp-content\/uploads\/2025\/10\/565198824_1220081463491170_441682094191283795_n-1024x768.jpg 1024w, http:\/\/biblioteka-milicz.pl\/wp-content\/uploads\/2025\/10\/565198824_1220081463491170_441682094191283795_n-300x225.jpg 300w, http:\/\/biblioteka-milicz.pl\/wp-content\/uploads\/2025\/10\/565198824_1220081463491170_441682094191283795_n-768x576.jpg 768w, http:\/\/biblioteka-milicz.pl\/wp-content\/uploads\/2025\/10\/565198824_1220081463491170_441682094191283795_n-1536x1152.jpg 1536w, http:\/\/biblioteka-milicz.pl\/wp-content\/uploads\/2025\/10\/565198824_1220081463491170_441682094191283795_n.jpg 2048w\" sizes=\"auto, (max-width: 1024px) 100vw, 1024px\" \/><\/figure>\n<\/figure>\n","protected":false},"excerpt":{"rendered":"<p>13 pa\u017adziernika Oddzia\u0142 Dzieci\u0119cy naszej biblioteki odwiedzi\u0142y \u201eSmerfy\u201d \u2013 pi\u0119ciolatki z Przedszkola Samorz\u0105dowego w Miliczu. Za oknem panuje pe\u0142nia jesieni \u2013 drzewa li\u015bciaste zmieniaj\u0105 kolory na \u017c\u00f3\u0142ty, pomara\u0144czowy i czerwony, a opadaj\u0105ce li\u015bcie tworz\u0105&#46;&#46;&#46;<\/p>\n","protected":false},"author":2,"featured_media":7213,"comment_status":"closed","ping_status":"closed","sticky":false,"template":"","format":"standard","meta":{"_uag_custom_page_level_css":"","footnotes":""},"categories":[3],"tags":[],"class_list":["post-7203","post","type-post","status-publish","format-standard","has-post-thumbnail","hentry","category-aktualnosci"],"uagb_featured_image_src":{"full":["http:\/\/biblioteka-milicz.pl\/wp-content\/uploads\/2025\/10\/Jesien-odz-1.jpg",1536,1152,false],"thumbnail":["http:\/\/biblioteka-milicz.pl\/wp-content\/uploads\/2025\/10\/Jesien-odz-1-150x150.jpg",150,150,true],"medium":["http:\/\/biblioteka-milicz.pl\/wp-content\/uploads\/2025\/10\/Jesien-odz-1-300x225.jpg",300,225,true],"medium_large":["http:\/\/biblioteka-milicz.pl\/wp-content\/uploads\/2025\/10\/Jesien-odz-1-768x576.jpg",768,576,true],"large":["http:\/\/biblioteka-milicz.pl\/wp-content\/uploads\/2025\/10\/Jesien-odz-1-1024x768.jpg",1024,768,true],"1536x1536":["http:\/\/biblioteka-milicz.pl\/wp-content\/uploads\/2025\/10\/Jesien-odz-1.jpg",1536,1152,false],"2048x2048":["http:\/\/biblioteka-milicz.pl\/wp-content\/uploads\/2025\/10\/Jesien-odz-1.jpg",1536,1152,false],"thumb-small":["http:\/\/biblioteka-milicz.pl\/wp-content\/uploads\/2025\/10\/Jesien-odz-1-80x80.jpg",80,80,true],"thumb-standard":["http:\/\/biblioteka-milicz.pl\/wp-content\/uploads\/2025\/10\/Jesien-odz-1-320x320.jpg",320,320,true],"thumb-medium":["http:\/\/biblioteka-milicz.pl\/wp-content\/uploads\/2025\/10\/Jesien-odz-1-520x245.jpg",520,245,true],"thumb-large":["http:\/\/biblioteka-milicz.pl\/wp-content\/uploads\/2025\/10\/Jesien-odz-1-720x340.jpg",720,340,true],"thumb-xlarge":["http:\/\/biblioteka-milicz.pl\/wp-content\/uploads\/2025\/10\/Jesien-odz-1-980x450.jpg",980,450,true],"thumb-xxlarge":["http:\/\/biblioteka-milicz.pl\/wp-content\/uploads\/2025\/10\/Jesien-odz-1-1320x500.jpg",1320,500,true]},"uagb_author_info":{"display_name":"Marlena Grodzi\u0144ska","author_link":"http:\/\/biblioteka-milicz.pl\/index.php\/author\/marlena\/"},"uagb_comment_info":0,"uagb_excerpt":"13 pa\u017adziernika Oddzia\u0142 Dzieci\u0119cy naszej biblioteki odwiedzi\u0142y \u201eSmerfy\u201d \u2013 pi\u0119ciolatki z Przedszkola Samorz\u0105dowego w Miliczu. Za oknem panuje pe\u0142nia jesieni \u2013 drzewa li\u015bciaste zmieniaj\u0105 kolory na \u017c\u00f3\u0142ty, pomara\u0144czowy i czerwony, a opadaj\u0105ce li\u015bcie tworz\u0105&#46;&#46;&#46;","_links":{"self":[{"href":"http:\/\/biblioteka-milicz.pl\/index.php\/wp-json\/wp\/v2\/posts\/7203","targetHints":{"allow":["GET"]}}],"collection":[{"href":"http:\/\/biblioteka-milicz.pl\/index.php\/wp-json\/wp\/v2\/posts"}],"about":[{"href":"http:\/\/biblioteka-milicz.pl\/index.php\/wp-json\/wp\/v2\/types\/post"}],"author":[{"embeddable":true,"href":"http:\/\/biblioteka-milicz.pl\/index.php\/wp-json\/wp\/v2\/users\/2"}],"replies":[{"embeddable":true,"href":"http:\/\/biblioteka-milicz.pl\/index.php\/wp-json\/wp\/v2\/comments?post=7203"}],"version-history":[{"count":1,"href":"http:\/\/biblioteka-milicz.pl\/index.php\/wp-json\/wp\/v2\/posts\/7203\/revisions"}],"predecessor-version":[{"id":7214,"href":"http:\/\/biblioteka-milicz.pl\/index.php\/wp-json\/wp\/v2\/posts\/7203\/revisions\/7214"}],"wp:featuredmedia":[{"embeddable":true,"href":"http:\/\/biblioteka-milicz.pl\/index.php\/wp-json\/wp\/v2\/media\/7213"}],"wp:attachment":[{"href":"http:\/\/biblioteka-milicz.pl\/index.php\/wp-json\/wp\/v2\/media?parent=7203"}],"wp:term":[{"taxonomy":"category","embeddable":true,"href":"http:\/\/biblioteka-milicz.pl\/index.php\/wp-json\/wp\/v2\/categories?post=7203"},{"taxonomy":"post_tag","embeddable":true,"href":"http:\/\/biblioteka-milicz.pl\/index.php\/wp-json\/wp\/v2\/tags?post=7203"}],"curies":[{"name":"wp","href":"https:\/\/api.w.org\/{rel}","templated":true}]}}