{"id":7190,"date":"2025-10-14T11:49:47","date_gmt":"2025-10-14T09:49:47","guid":{"rendered":"https:\/\/biblioteka-milicz.pl\/?p=7190"},"modified":"2025-10-28T11:52:05","modified_gmt":"2025-10-28T10:52:05","slug":"spotkanie-przepisnika-w-sulowskiej-filii-bibliotecznej","status":"publish","type":"post","link":"http:\/\/biblioteka-milicz.pl\/index.php\/2025\/10\/14\/spotkanie-przepisnika-w-sulowskiej-filii-bibliotecznej\/","title":{"rendered":"Spotkanie \u201ePrzepi\u015bnika\u201d w su\u0142owskiej filii bibliotecznej"},"content":{"rendered":"\n<p>Kiedy dni staj\u0105 si\u0119 coraz kr\u00f3tsze, a za oknem ch\u0142\u00f3d i s\u0142ota, spotkania \u201ePrzepi\u015bnika\u201d w zaciszu czytelni bibliotecznej nabieraj\u0105 szczeg\u00f3lnego uroku.<\/p>\n\n\n\n<p>Pachn\u0105 nowe ksi\u0105\u017cki, \u015bwie\u017co zaparzona kawa i ciasto pokrojone przed chwil\u0105 kusz\u0105 swoim smakiem. Tak w\u0142a\u015bnie wygl\u0105da\u0142o nasze ostatnie spotkanie, kt\u00f3re odby\u0142o si\u0119 <strong>10 pa\u017adziernika<\/strong> \u2013 pe\u0142ne rozm\u00f3w, \u015bmiechu i poczucia przynale\u017cno\u015bci do grona sprawdzonych przepi\u015bnikowych przyjaci\u00f3\u0142.<\/p>\n\n\n\n<p>\u201ePrzepi\u015bnik\u201d tworzy sze\u015b\u0107 sta\u0142ych uczestniczek, ale z niecierpliwo\u015bci\u0105 czekamy na kolejne osoby, kt\u00f3re zechc\u0105 do nas do\u0142\u0105czy\u0107.<\/p>\n\n\n\n<p>Nast\u0119pne spotkanie odb\u0119dzie si\u0119 <strong>30 pa\u017adziernika o godzinie 14:30<\/strong>. Serdecznie zapraszamy do su\u0142owskiej filii bibliotecznej!<\/p>\n\n\n\n<figure class=\"wp-block-gallery has-nested-images columns-default is-cropped wp-block-gallery-1 is-layout-flex wp-block-gallery-is-layout-flex\">\n<figure class=\"wp-block-image size-large\"><img loading=\"lazy\" decoding=\"async\" width=\"1024\" height=\"768\" data-id=\"7191\" src=\"https:\/\/biblioteka-milicz.pl\/wp-content\/uploads\/2025\/10\/PrzepisnikX-1024x768.jpg\" alt=\"\" class=\"wp-image-7191\" srcset=\"http:\/\/biblioteka-milicz.pl\/wp-content\/uploads\/2025\/10\/PrzepisnikX-1024x768.jpg 1024w, http:\/\/biblioteka-milicz.pl\/wp-content\/uploads\/2025\/10\/PrzepisnikX-300x225.jpg 300w, http:\/\/biblioteka-milicz.pl\/wp-content\/uploads\/2025\/10\/PrzepisnikX-768x576.jpg 768w, http:\/\/biblioteka-milicz.pl\/wp-content\/uploads\/2025\/10\/PrzepisnikX-1536x1152.jpg 1536w, http:\/\/biblioteka-milicz.pl\/wp-content\/uploads\/2025\/10\/PrzepisnikX.jpg 2048w\" sizes=\"auto, (max-width: 1024px) 100vw, 1024px\" \/><\/figure>\n<\/figure>\n","protected":false},"excerpt":{"rendered":"<p>Kiedy dni staj\u0105 si\u0119 coraz kr\u00f3tsze, a za oknem ch\u0142\u00f3d i s\u0142ota, spotkania \u201ePrzepi\u015bnika\u201d w zaciszu czytelni bibliotecznej nabieraj\u0105 szczeg\u00f3lnego uroku. Pachn\u0105 nowe ksi\u0105\u017cki, \u015bwie\u017co zaparzona kawa i ciasto pokrojone przed chwil\u0105 kusz\u0105 swoim&#46;&#46;&#46;<\/p>\n","protected":false},"author":2,"featured_media":7191,"comment_status":"closed","ping_status":"closed","sticky":false,"template":"","format":"standard","meta":{"_uag_custom_page_level_css":"","footnotes":""},"categories":[3],"tags":[],"class_list":["post-7190","post","type-post","status-publish","format-standard","has-post-thumbnail","hentry","category-aktualnosci"],"uagb_featured_image_src":{"full":["http:\/\/biblioteka-milicz.pl\/wp-content\/uploads\/2025\/10\/PrzepisnikX.jpg",2048,1536,false],"thumbnail":["http:\/\/biblioteka-milicz.pl\/wp-content\/uploads\/2025\/10\/PrzepisnikX-150x150.jpg",150,150,true],"medium":["http:\/\/biblioteka-milicz.pl\/wp-content\/uploads\/2025\/10\/PrzepisnikX-300x225.jpg",300,225,true],"medium_large":["http:\/\/biblioteka-milicz.pl\/wp-content\/uploads\/2025\/10\/PrzepisnikX-768x576.jpg",768,576,true],"large":["http:\/\/biblioteka-milicz.pl\/wp-content\/uploads\/2025\/10\/PrzepisnikX-1024x768.jpg",1024,768,true],"1536x1536":["http:\/\/biblioteka-milicz.pl\/wp-content\/uploads\/2025\/10\/PrzepisnikX-1536x1152.jpg",1536,1152,true],"2048x2048":["http:\/\/biblioteka-milicz.pl\/wp-content\/uploads\/2025\/10\/PrzepisnikX.jpg",2048,1536,false],"thumb-small":["http:\/\/biblioteka-milicz.pl\/wp-content\/uploads\/2025\/10\/PrzepisnikX-80x80.jpg",80,80,true],"thumb-standard":["http:\/\/biblioteka-milicz.pl\/wp-content\/uploads\/2025\/10\/PrzepisnikX-320x320.jpg",320,320,true],"thumb-medium":["http:\/\/biblioteka-milicz.pl\/wp-content\/uploads\/2025\/10\/PrzepisnikX-520x245.jpg",520,245,true],"thumb-large":["http:\/\/biblioteka-milicz.pl\/wp-content\/uploads\/2025\/10\/PrzepisnikX-720x340.jpg",720,340,true],"thumb-xlarge":["http:\/\/biblioteka-milicz.pl\/wp-content\/uploads\/2025\/10\/PrzepisnikX-980x450.jpg",980,450,true],"thumb-xxlarge":["http:\/\/biblioteka-milicz.pl\/wp-content\/uploads\/2025\/10\/PrzepisnikX-1320x500.jpg",1320,500,true]},"uagb_author_info":{"display_name":"Marlena Grodzi\u0144ska","author_link":"http:\/\/biblioteka-milicz.pl\/index.php\/author\/marlena\/"},"uagb_comment_info":0,"uagb_excerpt":"Kiedy dni staj\u0105 si\u0119 coraz kr\u00f3tsze, a za oknem ch\u0142\u00f3d i s\u0142ota, spotkania \u201ePrzepi\u015bnika\u201d w zaciszu czytelni bibliotecznej nabieraj\u0105 szczeg\u00f3lnego uroku. Pachn\u0105 nowe ksi\u0105\u017cki, \u015bwie\u017co zaparzona kawa i ciasto pokrojone przed chwil\u0105 kusz\u0105 swoim&#46;&#46;&#46;","_links":{"self":[{"href":"http:\/\/biblioteka-milicz.pl\/index.php\/wp-json\/wp\/v2\/posts\/7190","targetHints":{"allow":["GET"]}}],"collection":[{"href":"http:\/\/biblioteka-milicz.pl\/index.php\/wp-json\/wp\/v2\/posts"}],"about":[{"href":"http:\/\/biblioteka-milicz.pl\/index.php\/wp-json\/wp\/v2\/types\/post"}],"author":[{"embeddable":true,"href":"http:\/\/biblioteka-milicz.pl\/index.php\/wp-json\/wp\/v2\/users\/2"}],"replies":[{"embeddable":true,"href":"http:\/\/biblioteka-milicz.pl\/index.php\/wp-json\/wp\/v2\/comments?post=7190"}],"version-history":[{"count":1,"href":"http:\/\/biblioteka-milicz.pl\/index.php\/wp-json\/wp\/v2\/posts\/7190\/revisions"}],"predecessor-version":[{"id":7192,"href":"http:\/\/biblioteka-milicz.pl\/index.php\/wp-json\/wp\/v2\/posts\/7190\/revisions\/7192"}],"wp:featuredmedia":[{"embeddable":true,"href":"http:\/\/biblioteka-milicz.pl\/index.php\/wp-json\/wp\/v2\/media\/7191"}],"wp:attachment":[{"href":"http:\/\/biblioteka-milicz.pl\/index.php\/wp-json\/wp\/v2\/media?parent=7190"}],"wp:term":[{"taxonomy":"category","embeddable":true,"href":"http:\/\/biblioteka-milicz.pl\/index.php\/wp-json\/wp\/v2\/categories?post=7190"},{"taxonomy":"post_tag","embeddable":true,"href":"http:\/\/biblioteka-milicz.pl\/index.php\/wp-json\/wp\/v2\/tags?post=7190"}],"curies":[{"name":"wp","href":"https:\/\/api.w.org\/{rel}","templated":true}]}}