{"id":691,"date":"2019-05-17T14:05:00","date_gmt":"2019-05-17T12:05:00","guid":{"rendered":"http:\/\/biblioteka-milicz.pl\/?p=691"},"modified":"2022-03-13T21:03:43","modified_gmt":"2022-03-13T20:03:43","slug":"tydzien-bibliotek-w-czatkowicach","status":"publish","type":"post","link":"http:\/\/biblioteka-milicz.pl\/index.php\/2019\/05\/17\/tydzien-bibliotek-w-czatkowicach\/","title":{"rendered":"Tydzie\u0144 Bibliotek w Czatkowicach"},"content":{"rendered":"\n<p>XVI Og\u00f3lnopolski Tydzie\u0144 Bibliotek w czatkowickiej filii dobieg\u0142 ko\u0144ca. W terminie od 9 do 17 maja w naszej plac\u00f3wce odbywa\u0142y si\u0119 zaj\u0119cia pod has\u0142em &#8221; #biblioteka, w kt\u00f3rych uczestniczyli uczniowie Szko\u0142y Podstawowej w Czatkowicach. By\u0142y warsztaty plastyczne, quiz wiedzy o bibliotece i ksi\u0105\u017cce, prelekcje dla Czytelnik\u00f3w w r\u00f3\u017cnym wieku na temat tego \u201dCzy warto czyta\u0107 ksi\u0105\u017cki?\u201d, spektakl teatralny pt. \u201dKot w butach\u201d no i oczywi\u015bcie g\u0142o\u015bne czytanie na dywanie dla najm\u0142odszych. Dodatkowo dla naszych Czytelnik\u00f3w zorganizowali\u015bmy \u201eQuiz wiedzy o literaturze dzieci\u0119cej\u201d, ka\u017cdy, kto wykaza\u0142 si\u0119 znajomo\u015bci\u0105 bajkowych postaci i w\u0105tk\u00f3w i zagadek literackich otrzyma\u0142 od nas ma\u0142y upominek.<\/p>\n\n\n\n<figure class=\"wp-block-gallery has-nested-images columns-default is-cropped wp-block-gallery-1 is-layout-flex wp-block-gallery-is-layout-flex\">\n<figure class=\"wp-block-image size-large\"><img loading=\"lazy\" decoding=\"async\" width=\"883\" height=\"960\" data-id=\"2535\" src=\"http:\/\/biblioteka-milicz.pl\/wp-content\/uploads\/2022\/03\/60785810_864530387229753_9132719076966137856_o.jpg\" alt=\"\" class=\"wp-image-2535\" srcset=\"http:\/\/biblioteka-milicz.pl\/wp-content\/uploads\/2022\/03\/60785810_864530387229753_9132719076966137856_o.jpg 883w, http:\/\/biblioteka-milicz.pl\/wp-content\/uploads\/2022\/03\/60785810_864530387229753_9132719076966137856_o-276x300.jpg 276w, http:\/\/biblioteka-milicz.pl\/wp-content\/uploads\/2022\/03\/60785810_864530387229753_9132719076966137856_o-768x835.jpg 768w\" sizes=\"auto, (max-width: 883px) 100vw, 883px\" \/><\/figure>\n\n\n\n<figure class=\"wp-block-image size-large\"><img loading=\"lazy\" decoding=\"async\" width=\"883\" height=\"960\" data-id=\"2536\" src=\"http:\/\/biblioteka-milicz.pl\/wp-content\/uploads\/2022\/03\/60951408_864530460563079_7718014346390929408_o-1.jpg\" alt=\"\" class=\"wp-image-2536\" srcset=\"http:\/\/biblioteka-milicz.pl\/wp-content\/uploads\/2022\/03\/60951408_864530460563079_7718014346390929408_o-1.jpg 883w, http:\/\/biblioteka-milicz.pl\/wp-content\/uploads\/2022\/03\/60951408_864530460563079_7718014346390929408_o-1-276x300.jpg 276w, http:\/\/biblioteka-milicz.pl\/wp-content\/uploads\/2022\/03\/60951408_864530460563079_7718014346390929408_o-1-768x835.jpg 768w\" sizes=\"auto, (max-width: 883px) 100vw, 883px\" \/><\/figure>\n<\/figure>\n","protected":false},"excerpt":{"rendered":"<p>XVI Og\u00f3lnopolski Tydzie\u0144 Bibliotek w czatkowickiej filii dobieg\u0142 ko\u0144ca. W terminie od 9 do 17 maja w naszej plac\u00f3wce odbywa\u0142y si\u0119 zaj\u0119cia pod has\u0142em &#8221; #biblioteka, w kt\u00f3rych uczestniczyli uczniowie Szko\u0142y Podstawowej w Czatkowicach.&#46;&#46;&#46;<\/p>\n","protected":false},"author":1,"featured_media":692,"comment_status":"closed","ping_status":"open","sticky":false,"template":"","format":"standard","meta":{"_uag_custom_page_level_css":"","footnotes":""},"categories":[3],"tags":[],"class_list":["post-691","post","type-post","status-publish","format-standard","has-post-thumbnail","hentry","category-aktualnosci"],"uagb_featured_image_src":{"full":["http:\/\/biblioteka-milicz.pl\/wp-content\/uploads\/2022\/03\/60951408_864530460563079_7718014346390929408_o.jpg",883,960,false],"thumbnail":["http:\/\/biblioteka-milicz.pl\/wp-content\/uploads\/2022\/03\/60951408_864530460563079_7718014346390929408_o-150x150.jpg",150,150,true],"medium":["http:\/\/biblioteka-milicz.pl\/wp-content\/uploads\/2022\/03\/60951408_864530460563079_7718014346390929408_o-276x300.jpg",276,300,true],"medium_large":["http:\/\/biblioteka-milicz.pl\/wp-content\/uploads\/2022\/03\/60951408_864530460563079_7718014346390929408_o-768x835.jpg",768,835,true],"large":["http:\/\/biblioteka-milicz.pl\/wp-content\/uploads\/2022\/03\/60951408_864530460563079_7718014346390929408_o.jpg",883,960,false],"1536x1536":["http:\/\/biblioteka-milicz.pl\/wp-content\/uploads\/2022\/03\/60951408_864530460563079_7718014346390929408_o.jpg",883,960,false],"2048x2048":["http:\/\/biblioteka-milicz.pl\/wp-content\/uploads\/2022\/03\/60951408_864530460563079_7718014346390929408_o.jpg",883,960,false],"thumb-small":["http:\/\/biblioteka-milicz.pl\/wp-content\/uploads\/2022\/03\/60951408_864530460563079_7718014346390929408_o-80x80.jpg",80,80,true],"thumb-standard":["http:\/\/biblioteka-milicz.pl\/wp-content\/uploads\/2022\/03\/60951408_864530460563079_7718014346390929408_o-320x320.jpg",320,320,true],"thumb-medium":["http:\/\/biblioteka-milicz.pl\/wp-content\/uploads\/2022\/03\/60951408_864530460563079_7718014346390929408_o-520x245.jpg",520,245,true],"thumb-large":["http:\/\/biblioteka-milicz.pl\/wp-content\/uploads\/2022\/03\/60951408_864530460563079_7718014346390929408_o-720x340.jpg",720,340,true],"thumb-xlarge":["http:\/\/biblioteka-milicz.pl\/wp-content\/uploads\/2022\/03\/60951408_864530460563079_7718014346390929408_o-883x450.jpg",883,450,true],"thumb-xxlarge":["http:\/\/biblioteka-milicz.pl\/wp-content\/uploads\/2022\/03\/60951408_864530460563079_7718014346390929408_o-883x500.jpg",883,500,true]},"uagb_author_info":{"display_name":"admin","author_link":"http:\/\/biblioteka-milicz.pl\/index.php\/author\/admin\/"},"uagb_comment_info":0,"uagb_excerpt":"XVI Og\u00f3lnopolski Tydzie\u0144 Bibliotek w czatkowickiej filii dobieg\u0142 ko\u0144ca. W terminie od 9 do 17 maja w naszej plac\u00f3wce odbywa\u0142y si\u0119 zaj\u0119cia pod has\u0142em &#8221; #biblioteka, w kt\u00f3rych uczestniczyli uczniowie Szko\u0142y Podstawowej w Czatkowicach.&#46;&#46;&#46;","_links":{"self":[{"href":"http:\/\/biblioteka-milicz.pl\/index.php\/wp-json\/wp\/v2\/posts\/691","targetHints":{"allow":["GET"]}}],"collection":[{"href":"http:\/\/biblioteka-milicz.pl\/index.php\/wp-json\/wp\/v2\/posts"}],"about":[{"href":"http:\/\/biblioteka-milicz.pl\/index.php\/wp-json\/wp\/v2\/types\/post"}],"author":[{"embeddable":true,"href":"http:\/\/biblioteka-milicz.pl\/index.php\/wp-json\/wp\/v2\/users\/1"}],"replies":[{"embeddable":true,"href":"http:\/\/biblioteka-milicz.pl\/index.php\/wp-json\/wp\/v2\/comments?post=691"}],"version-history":[{"count":2,"href":"http:\/\/biblioteka-milicz.pl\/index.php\/wp-json\/wp\/v2\/posts\/691\/revisions"}],"predecessor-version":[{"id":2537,"href":"http:\/\/biblioteka-milicz.pl\/index.php\/wp-json\/wp\/v2\/posts\/691\/revisions\/2537"}],"wp:featuredmedia":[{"embeddable":true,"href":"http:\/\/biblioteka-milicz.pl\/index.php\/wp-json\/wp\/v2\/media\/692"}],"wp:attachment":[{"href":"http:\/\/biblioteka-milicz.pl\/index.php\/wp-json\/wp\/v2\/media?parent=691"}],"wp:term":[{"taxonomy":"category","embeddable":true,"href":"http:\/\/biblioteka-milicz.pl\/index.php\/wp-json\/wp\/v2\/categories?post=691"},{"taxonomy":"post_tag","embeddable":true,"href":"http:\/\/biblioteka-milicz.pl\/index.php\/wp-json\/wp\/v2\/tags?post=691"}],"curies":[{"name":"wp","href":"https:\/\/api.w.org\/{rel}","templated":true}]}}