{"id":6478,"date":"2025-07-10T11:34:37","date_gmt":"2025-07-10T09:34:37","guid":{"rendered":"https:\/\/biblioteka-milicz.pl\/?p=6478"},"modified":"2025-07-10T11:34:37","modified_gmt":"2025-07-10T09:34:37","slug":"wakacyjne-rozmaitosci-w-oddziale-dzieciecym","status":"publish","type":"post","link":"http:\/\/biblioteka-milicz.pl\/index.php\/2025\/07\/10\/wakacyjne-rozmaitosci-w-oddziale-dzieciecym\/","title":{"rendered":"Wakacyjne Rozmaito\u015bci w Oddziale Dzieci\u0119cym"},"content":{"rendered":"\n<p>Serdecznie zapraszamy dzieci w wieku od 7 do 10 lat do udzia\u0142u zaj\u0119ciach \u201eWakacyjne Rozmaito\u015bci&#8221;, kt\u00f3re odb\u0119d\u0105 si\u0119 w Oddziale Dzieci\u0119cym naszej biblioteki w dniach od 28 lipca do 1 sierpnia. Spotkania b\u0119d\u0105 odbywa\u0107 si\u0119 codziennie w godzinach 11:00\u201314:00.<\/p>\n\n\n\n<p>W programie przygotowali\u015bmy wiele atrakcyjnych i r\u00f3\u017cnorodnych zaj\u0119\u0107:<\/p>\n\n\n\n<ul class=\"wp-block-list\">\n<li>\u201eModnie i wygodnie&#8221; \u2013 warsztaty tworzenia mody z recyklingu<\/li>\n\n\n\n<li>\u201eZ przyrod\u0105 za pan brat&#8221; \u2013 zaj\u0119cia przyrodnicze<\/li>\n\n\n\n<li>\u201eZaczarowane ba\u0144ki&#8221; \u2013 zabawa z ba\u0144kami mydlanymi<\/li>\n\n\n\n<li>\u201eZ bibliotek\u0105 na walizkach&#8221; \u2013 zwiedzanie Polski<\/li>\n\n\n\n<li>\u201eKiermasz rozmaito\u015bci&#8221; \u2013 czyli dobra zabawa na zako\u0144czenie<\/li>\n<\/ul>\n\n\n\n<p>Zaj\u0119cia s\u0105 bezp\u0142atne dla czytelnik\u00f3w biblioteki. Zapisy prowadzone s\u0105 w Oddziale Dzieci\u0119cym oraz pod numerem telefonu 71 38 40 096. Liczba miejsc ograniczona \u2013 zapraszamy do zapis\u00f3w!<\/p>\n\n\n\n<figure class=\"wp-block-gallery has-nested-images columns-default is-cropped wp-block-gallery-1 is-layout-flex wp-block-gallery-is-layout-flex\">\n<figure class=\"wp-block-image size-large\"><img loading=\"lazy\" decoding=\"async\" width=\"509\" height=\"720\" data-id=\"6479\" src=\"https:\/\/biblioteka-milicz.pl\/wp-content\/uploads\/2025\/07\/518348289_1139357931563524_5436010508247362731_n.jpg\" alt=\"\" class=\"wp-image-6479\" srcset=\"http:\/\/biblioteka-milicz.pl\/wp-content\/uploads\/2025\/07\/518348289_1139357931563524_5436010508247362731_n.jpg 509w, http:\/\/biblioteka-milicz.pl\/wp-content\/uploads\/2025\/07\/518348289_1139357931563524_5436010508247362731_n-212x300.jpg 212w\" sizes=\"auto, (max-width: 509px) 100vw, 509px\" \/><\/figure>\n<\/figure>\n","protected":false},"excerpt":{"rendered":"<p>Serdecznie zapraszamy dzieci w wieku od 7 do 10 lat do udzia\u0142u zaj\u0119ciach \u201eWakacyjne Rozmaito\u015bci&#8221;, kt\u00f3re odb\u0119d\u0105 si\u0119 w Oddziale Dzieci\u0119cym naszej biblioteki w dniach od 28 lipca do 1 sierpnia. Spotkania b\u0119d\u0105 odbywa\u0107&#46;&#46;&#46;<\/p>\n","protected":false},"author":2,"featured_media":6479,"comment_status":"closed","ping_status":"closed","sticky":false,"template":"","format":"standard","meta":{"_uag_custom_page_level_css":"","footnotes":""},"categories":[3],"tags":[],"class_list":["post-6478","post","type-post","status-publish","format-standard","has-post-thumbnail","hentry","category-aktualnosci"],"uagb_featured_image_src":{"full":["http:\/\/biblioteka-milicz.pl\/wp-content\/uploads\/2025\/07\/518348289_1139357931563524_5436010508247362731_n.jpg",509,720,false],"thumbnail":["http:\/\/biblioteka-milicz.pl\/wp-content\/uploads\/2025\/07\/518348289_1139357931563524_5436010508247362731_n-150x150.jpg",150,150,true],"medium":["http:\/\/biblioteka-milicz.pl\/wp-content\/uploads\/2025\/07\/518348289_1139357931563524_5436010508247362731_n-212x300.jpg",212,300,true],"medium_large":["http:\/\/biblioteka-milicz.pl\/wp-content\/uploads\/2025\/07\/518348289_1139357931563524_5436010508247362731_n.jpg",509,720,false],"large":["http:\/\/biblioteka-milicz.pl\/wp-content\/uploads\/2025\/07\/518348289_1139357931563524_5436010508247362731_n.jpg",509,720,false],"1536x1536":["http:\/\/biblioteka-milicz.pl\/wp-content\/uploads\/2025\/07\/518348289_1139357931563524_5436010508247362731_n.jpg",509,720,false],"2048x2048":["http:\/\/biblioteka-milicz.pl\/wp-content\/uploads\/2025\/07\/518348289_1139357931563524_5436010508247362731_n.jpg",509,720,false],"thumb-small":["http:\/\/biblioteka-milicz.pl\/wp-content\/uploads\/2025\/07\/518348289_1139357931563524_5436010508247362731_n-80x80.jpg",80,80,true],"thumb-standard":["http:\/\/biblioteka-milicz.pl\/wp-content\/uploads\/2025\/07\/518348289_1139357931563524_5436010508247362731_n-320x320.jpg",320,320,true],"thumb-medium":["http:\/\/biblioteka-milicz.pl\/wp-content\/uploads\/2025\/07\/518348289_1139357931563524_5436010508247362731_n-509x245.jpg",509,245,true],"thumb-large":["http:\/\/biblioteka-milicz.pl\/wp-content\/uploads\/2025\/07\/518348289_1139357931563524_5436010508247362731_n-509x340.jpg",509,340,true],"thumb-xlarge":["http:\/\/biblioteka-milicz.pl\/wp-content\/uploads\/2025\/07\/518348289_1139357931563524_5436010508247362731_n-509x450.jpg",509,450,true],"thumb-xxlarge":["http:\/\/biblioteka-milicz.pl\/wp-content\/uploads\/2025\/07\/518348289_1139357931563524_5436010508247362731_n-509x500.jpg",509,500,true]},"uagb_author_info":{"display_name":"Marlena Grodzi\u0144ska","author_link":"http:\/\/biblioteka-milicz.pl\/index.php\/author\/marlena\/"},"uagb_comment_info":0,"uagb_excerpt":"Serdecznie zapraszamy dzieci w wieku od 7 do 10 lat do udzia\u0142u zaj\u0119ciach \u201eWakacyjne Rozmaito\u015bci&#8221;, kt\u00f3re odb\u0119d\u0105 si\u0119 w Oddziale Dzieci\u0119cym naszej biblioteki w dniach od 28 lipca do 1 sierpnia. Spotkania b\u0119d\u0105 odbywa\u0107&#46;&#46;&#46;","_links":{"self":[{"href":"http:\/\/biblioteka-milicz.pl\/index.php\/wp-json\/wp\/v2\/posts\/6478","targetHints":{"allow":["GET"]}}],"collection":[{"href":"http:\/\/biblioteka-milicz.pl\/index.php\/wp-json\/wp\/v2\/posts"}],"about":[{"href":"http:\/\/biblioteka-milicz.pl\/index.php\/wp-json\/wp\/v2\/types\/post"}],"author":[{"embeddable":true,"href":"http:\/\/biblioteka-milicz.pl\/index.php\/wp-json\/wp\/v2\/users\/2"}],"replies":[{"embeddable":true,"href":"http:\/\/biblioteka-milicz.pl\/index.php\/wp-json\/wp\/v2\/comments?post=6478"}],"version-history":[{"count":1,"href":"http:\/\/biblioteka-milicz.pl\/index.php\/wp-json\/wp\/v2\/posts\/6478\/revisions"}],"predecessor-version":[{"id":6480,"href":"http:\/\/biblioteka-milicz.pl\/index.php\/wp-json\/wp\/v2\/posts\/6478\/revisions\/6480"}],"wp:featuredmedia":[{"embeddable":true,"href":"http:\/\/biblioteka-milicz.pl\/index.php\/wp-json\/wp\/v2\/media\/6479"}],"wp:attachment":[{"href":"http:\/\/biblioteka-milicz.pl\/index.php\/wp-json\/wp\/v2\/media?parent=6478"}],"wp:term":[{"taxonomy":"category","embeddable":true,"href":"http:\/\/biblioteka-milicz.pl\/index.php\/wp-json\/wp\/v2\/categories?post=6478"},{"taxonomy":"post_tag","embeddable":true,"href":"http:\/\/biblioteka-milicz.pl\/index.php\/wp-json\/wp\/v2\/tags?post=6478"}],"curies":[{"name":"wp","href":"https:\/\/api.w.org\/{rel}","templated":true}]}}