{"id":6441,"date":"2025-07-03T11:39:29","date_gmt":"2025-07-03T09:39:29","guid":{"rendered":"https:\/\/biblioteka-milicz.pl\/?p=6441"},"modified":"2025-07-07T11:46:41","modified_gmt":"2025-07-07T09:46:41","slug":"wakacyjne-srody-w-czatkowicach-rozpoczete","status":"publish","type":"post","link":"http:\/\/biblioteka-milicz.pl\/index.php\/2025\/07\/03\/wakacyjne-srody-w-czatkowicach-rozpoczete\/","title":{"rendered":"Wakacyjne \u015brody w Czatkowicach \u2013 rozpocz\u0119te!"},"content":{"rendered":"\n<p>Za nami pierwsze wakacyjne spotkanie w ramach cyklu \u201eWakacyjne \u015brody w Czatkowicach\u201d \u2013 i ju\u017c od samego pocz\u0105tku ruszyli\u015bmy pe\u0142n\u0105 par\u0105! Frekwencja dopisa\u0142a, a dzieci zaskoczy\u0142y nas swoj\u0105 kreatywno\u015bci\u0105 i zaanga\u017cowaniem.<\/p>\n\n\n\n<p>Tematem przewodnim zaj\u0119\u0107 by\u0142 \u201eStatek na pe\u0142nym morzu\u201d. Ka\u017cde dziecko mog\u0142o poczu\u0107 si\u0119 jak prawdziwy odkrywca, gotowy wyruszy\u0107 w podr\u00f3\u017c ku nieznanym l\u0105dom. Podczas zaj\u0119\u0107 powsta\u0142y kolorowe prace plastyczne \u2013 nie zabrak\u0142o wycinania, klejenia, malowania i dobrej zabawy.<\/p>\n\n\n\n<p>Dzi\u0119kujemy wszystkim ma\u0142ym artystom za obecno\u015b\u0107 oraz fantastyczn\u0105 atmosfer\u0119. Ju\u017c nie mo\u017cemy si\u0119 doczeka\u0107 kolejnego spotkania!<\/p>\n\n\n\n<p><strong>Filia biblioteczna w Czatkowicach<\/strong><br><strong>Zapraszamy w ka\u017cd\u0105 \u015brod\u0119 \u2013 do\u0142\u0105czcie do naszej wakacyjnej przygody!<\/strong><\/p>\n\n\n\n<figure class=\"wp-block-gallery has-nested-images columns-default is-cropped wp-block-gallery-1 is-layout-flex wp-block-gallery-is-layout-flex\">\n<figure class=\"wp-block-image size-large\"><img loading=\"lazy\" decoding=\"async\" width=\"771\" height=\"1024\" data-id=\"6442\" src=\"https:\/\/biblioteka-milicz.pl\/wp-content\/uploads\/2025\/07\/514405579_1134481135384537_2506574319271632151_n-771x1024.jpg\" alt=\"\" class=\"wp-image-6442\" srcset=\"http:\/\/biblioteka-milicz.pl\/wp-content\/uploads\/2025\/07\/514405579_1134481135384537_2506574319271632151_n-771x1024.jpg 771w, http:\/\/biblioteka-milicz.pl\/wp-content\/uploads\/2025\/07\/514405579_1134481135384537_2506574319271632151_n-226x300.jpg 226w, http:\/\/biblioteka-milicz.pl\/wp-content\/uploads\/2025\/07\/514405579_1134481135384537_2506574319271632151_n-768x1020.jpg 768w, http:\/\/biblioteka-milicz.pl\/wp-content\/uploads\/2025\/07\/514405579_1134481135384537_2506574319271632151_n-1157x1536.jpg 1157w, http:\/\/biblioteka-milicz.pl\/wp-content\/uploads\/2025\/07\/514405579_1134481135384537_2506574319271632151_n.jpg 1542w\" sizes=\"auto, (max-width: 771px) 100vw, 771px\" \/><\/figure>\n\n\n\n<figure class=\"wp-block-image size-large\"><img loading=\"lazy\" decoding=\"async\" width=\"771\" height=\"1024\" data-id=\"6443\" src=\"https:\/\/biblioteka-milicz.pl\/wp-content\/uploads\/2025\/07\/514663860_1134480878717896_4100034054198446740_n-771x1024.jpg\" alt=\"\" class=\"wp-image-6443\" srcset=\"http:\/\/biblioteka-milicz.pl\/wp-content\/uploads\/2025\/07\/514663860_1134480878717896_4100034054198446740_n-771x1024.jpg 771w, http:\/\/biblioteka-milicz.pl\/wp-content\/uploads\/2025\/07\/514663860_1134480878717896_4100034054198446740_n-226x300.jpg 226w, http:\/\/biblioteka-milicz.pl\/wp-content\/uploads\/2025\/07\/514663860_1134480878717896_4100034054198446740_n-768x1020.jpg 768w, http:\/\/biblioteka-milicz.pl\/wp-content\/uploads\/2025\/07\/514663860_1134480878717896_4100034054198446740_n-1157x1536.jpg 1157w, http:\/\/biblioteka-milicz.pl\/wp-content\/uploads\/2025\/07\/514663860_1134480878717896_4100034054198446740_n.jpg 1542w\" sizes=\"auto, (max-width: 771px) 100vw, 771px\" \/><\/figure>\n\n\n\n<figure class=\"wp-block-image size-large\"><img loading=\"lazy\" decoding=\"async\" width=\"771\" height=\"1024\" data-id=\"6446\" src=\"https:\/\/biblioteka-milicz.pl\/wp-content\/uploads\/2025\/07\/515081990_1134481192051198_3978575696362361372_n-771x1024.jpg\" alt=\"\" class=\"wp-image-6446\" srcset=\"http:\/\/biblioteka-milicz.pl\/wp-content\/uploads\/2025\/07\/515081990_1134481192051198_3978575696362361372_n-771x1024.jpg 771w, http:\/\/biblioteka-milicz.pl\/wp-content\/uploads\/2025\/07\/515081990_1134481192051198_3978575696362361372_n-226x300.jpg 226w, http:\/\/biblioteka-milicz.pl\/wp-content\/uploads\/2025\/07\/515081990_1134481192051198_3978575696362361372_n-768x1020.jpg 768w, http:\/\/biblioteka-milicz.pl\/wp-content\/uploads\/2025\/07\/515081990_1134481192051198_3978575696362361372_n-1157x1536.jpg 1157w, http:\/\/biblioteka-milicz.pl\/wp-content\/uploads\/2025\/07\/515081990_1134481192051198_3978575696362361372_n.jpg 1542w\" sizes=\"auto, (max-width: 771px) 100vw, 771px\" \/><\/figure>\n\n\n\n<figure class=\"wp-block-image size-large\"><img loading=\"lazy\" decoding=\"async\" width=\"771\" height=\"1024\" data-id=\"6445\" src=\"https:\/\/biblioteka-milicz.pl\/wp-content\/uploads\/2025\/07\/515159626_1134481375384513_6679810145382765956_n-771x1024.jpg\" alt=\"\" class=\"wp-image-6445\" srcset=\"http:\/\/biblioteka-milicz.pl\/wp-content\/uploads\/2025\/07\/515159626_1134481375384513_6679810145382765956_n-771x1024.jpg 771w, http:\/\/biblioteka-milicz.pl\/wp-content\/uploads\/2025\/07\/515159626_1134481375384513_6679810145382765956_n-226x300.jpg 226w, http:\/\/biblioteka-milicz.pl\/wp-content\/uploads\/2025\/07\/515159626_1134481375384513_6679810145382765956_n-768x1020.jpg 768w, http:\/\/biblioteka-milicz.pl\/wp-content\/uploads\/2025\/07\/515159626_1134481375384513_6679810145382765956_n-1157x1536.jpg 1157w, http:\/\/biblioteka-milicz.pl\/wp-content\/uploads\/2025\/07\/515159626_1134481375384513_6679810145382765956_n.jpg 1542w\" sizes=\"auto, (max-width: 771px) 100vw, 771px\" \/><\/figure>\n\n\n\n<figure class=\"wp-block-image size-large\"><img loading=\"lazy\" decoding=\"async\" width=\"771\" height=\"1024\" data-id=\"6447\" src=\"https:\/\/biblioteka-milicz.pl\/wp-content\/uploads\/2025\/07\/515322172_1134481728717811_7284990086568675164_n-771x1024.jpg\" alt=\"\" class=\"wp-image-6447\" srcset=\"http:\/\/biblioteka-milicz.pl\/wp-content\/uploads\/2025\/07\/515322172_1134481728717811_7284990086568675164_n-771x1024.jpg 771w, http:\/\/biblioteka-milicz.pl\/wp-content\/uploads\/2025\/07\/515322172_1134481728717811_7284990086568675164_n-226x300.jpg 226w, http:\/\/biblioteka-milicz.pl\/wp-content\/uploads\/2025\/07\/515322172_1134481728717811_7284990086568675164_n-768x1020.jpg 768w, http:\/\/biblioteka-milicz.pl\/wp-content\/uploads\/2025\/07\/515322172_1134481728717811_7284990086568675164_n-1157x1536.jpg 1157w, http:\/\/biblioteka-milicz.pl\/wp-content\/uploads\/2025\/07\/515322172_1134481728717811_7284990086568675164_n.jpg 1542w\" sizes=\"auto, (max-width: 771px) 100vw, 771px\" \/><\/figure>\n\n\n\n<figure class=\"wp-block-image size-large\"><img loading=\"lazy\" decoding=\"async\" width=\"771\" height=\"1024\" data-id=\"6450\" src=\"https:\/\/biblioteka-milicz.pl\/wp-content\/uploads\/2025\/07\/515322426_1134482095384441_8762013142055858340_n-771x1024.jpg\" alt=\"\" class=\"wp-image-6450\" srcset=\"http:\/\/biblioteka-milicz.pl\/wp-content\/uploads\/2025\/07\/515322426_1134482095384441_8762013142055858340_n-771x1024.jpg 771w, http:\/\/biblioteka-milicz.pl\/wp-content\/uploads\/2025\/07\/515322426_1134482095384441_8762013142055858340_n-226x300.jpg 226w, http:\/\/biblioteka-milicz.pl\/wp-content\/uploads\/2025\/07\/515322426_1134482095384441_8762013142055858340_n-768x1020.jpg 768w, http:\/\/biblioteka-milicz.pl\/wp-content\/uploads\/2025\/07\/515322426_1134482095384441_8762013142055858340_n-1157x1536.jpg 1157w, http:\/\/biblioteka-milicz.pl\/wp-content\/uploads\/2025\/07\/515322426_1134482095384441_8762013142055858340_n.jpg 1542w\" sizes=\"auto, (max-width: 771px) 100vw, 771px\" \/><\/figure>\n\n\n\n<figure class=\"wp-block-image size-large\"><img loading=\"lazy\" decoding=\"async\" width=\"771\" height=\"1024\" data-id=\"6449\" src=\"https:\/\/biblioteka-milicz.pl\/wp-content\/uploads\/2025\/07\/515347977_1134481058717878_6820659051499297364_n-771x1024.jpg\" alt=\"\" class=\"wp-image-6449\" srcset=\"http:\/\/biblioteka-milicz.pl\/wp-content\/uploads\/2025\/07\/515347977_1134481058717878_6820659051499297364_n-771x1024.jpg 771w, http:\/\/biblioteka-milicz.pl\/wp-content\/uploads\/2025\/07\/515347977_1134481058717878_6820659051499297364_n-226x300.jpg 226w, http:\/\/biblioteka-milicz.pl\/wp-content\/uploads\/2025\/07\/515347977_1134481058717878_6820659051499297364_n-768x1020.jpg 768w, http:\/\/biblioteka-milicz.pl\/wp-content\/uploads\/2025\/07\/515347977_1134481058717878_6820659051499297364_n-1157x1536.jpg 1157w, http:\/\/biblioteka-milicz.pl\/wp-content\/uploads\/2025\/07\/515347977_1134481058717878_6820659051499297364_n.jpg 1542w\" sizes=\"auto, (max-width: 771px) 100vw, 771px\" \/><\/figure>\n\n\n\n<figure class=\"wp-block-image size-large\"><img loading=\"lazy\" decoding=\"async\" width=\"771\" height=\"1024\" data-id=\"6448\" src=\"https:\/\/biblioteka-milicz.pl\/wp-content\/uploads\/2025\/07\/515674746_1134481248717859_5915843723852556728_n-771x1024.jpg\" alt=\"\" class=\"wp-image-6448\" srcset=\"http:\/\/biblioteka-milicz.pl\/wp-content\/uploads\/2025\/07\/515674746_1134481248717859_5915843723852556728_n-771x1024.jpg 771w, http:\/\/biblioteka-milicz.pl\/wp-content\/uploads\/2025\/07\/515674746_1134481248717859_5915843723852556728_n-226x300.jpg 226w, http:\/\/biblioteka-milicz.pl\/wp-content\/uploads\/2025\/07\/515674746_1134481248717859_5915843723852556728_n-768x1020.jpg 768w, http:\/\/biblioteka-milicz.pl\/wp-content\/uploads\/2025\/07\/515674746_1134481248717859_5915843723852556728_n-1157x1536.jpg 1157w, http:\/\/biblioteka-milicz.pl\/wp-content\/uploads\/2025\/07\/515674746_1134481248717859_5915843723852556728_n.jpg 1542w\" sizes=\"auto, (max-width: 771px) 100vw, 771px\" \/><\/figure>\n<\/figure>\n","protected":false},"excerpt":{"rendered":"<p>Za nami pierwsze wakacyjne spotkanie w ramach cyklu \u201eWakacyjne \u015brody w Czatkowicach\u201d \u2013 i ju\u017c od samego pocz\u0105tku ruszyli\u015bmy pe\u0142n\u0105 par\u0105! Frekwencja dopisa\u0142a, a dzieci zaskoczy\u0142y nas swoj\u0105 kreatywno\u015bci\u0105 i zaanga\u017cowaniem. Tematem przewodnim zaj\u0119\u0107&#46;&#46;&#46;<\/p>\n","protected":false},"author":2,"featured_media":6451,"comment_status":"closed","ping_status":"closed","sticky":false,"template":"","format":"standard","meta":{"_uag_custom_page_level_css":"","footnotes":""},"categories":[3],"tags":[],"class_list":["post-6441","post","type-post","status-publish","format-standard","has-post-thumbnail","hentry","category-aktualnosci"],"uagb_featured_image_src":{"full":["http:\/\/biblioteka-milicz.pl\/wp-content\/uploads\/2025\/07\/Czat-1.jpg",1542,1156,false],"thumbnail":["http:\/\/biblioteka-milicz.pl\/wp-content\/uploads\/2025\/07\/Czat-1-150x150.jpg",150,150,true],"medium":["http:\/\/biblioteka-milicz.pl\/wp-content\/uploads\/2025\/07\/Czat-1-300x225.jpg",300,225,true],"medium_large":["http:\/\/biblioteka-milicz.pl\/wp-content\/uploads\/2025\/07\/Czat-1-768x576.jpg",768,576,true],"large":["http:\/\/biblioteka-milicz.pl\/wp-content\/uploads\/2025\/07\/Czat-1-1024x768.jpg",1024,768,true],"1536x1536":["http:\/\/biblioteka-milicz.pl\/wp-content\/uploads\/2025\/07\/Czat-1-1536x1152.jpg",1536,1152,true],"2048x2048":["http:\/\/biblioteka-milicz.pl\/wp-content\/uploads\/2025\/07\/Czat-1.jpg",1542,1156,false],"thumb-small":["http:\/\/biblioteka-milicz.pl\/wp-content\/uploads\/2025\/07\/Czat-1-80x80.jpg",80,80,true],"thumb-standard":["http:\/\/biblioteka-milicz.pl\/wp-content\/uploads\/2025\/07\/Czat-1-320x320.jpg",320,320,true],"thumb-medium":["http:\/\/biblioteka-milicz.pl\/wp-content\/uploads\/2025\/07\/Czat-1-520x245.jpg",520,245,true],"thumb-large":["http:\/\/biblioteka-milicz.pl\/wp-content\/uploads\/2025\/07\/Czat-1-720x340.jpg",720,340,true],"thumb-xlarge":["http:\/\/biblioteka-milicz.pl\/wp-content\/uploads\/2025\/07\/Czat-1-980x450.jpg",980,450,true],"thumb-xxlarge":["http:\/\/biblioteka-milicz.pl\/wp-content\/uploads\/2025\/07\/Czat-1-1320x500.jpg",1320,500,true]},"uagb_author_info":{"display_name":"Marlena Grodzi\u0144ska","author_link":"http:\/\/biblioteka-milicz.pl\/index.php\/author\/marlena\/"},"uagb_comment_info":0,"uagb_excerpt":"Za nami pierwsze wakacyjne spotkanie w ramach cyklu \u201eWakacyjne \u015brody w Czatkowicach\u201d \u2013 i ju\u017c od samego pocz\u0105tku ruszyli\u015bmy pe\u0142n\u0105 par\u0105! Frekwencja dopisa\u0142a, a dzieci zaskoczy\u0142y nas swoj\u0105 kreatywno\u015bci\u0105 i zaanga\u017cowaniem. Tematem przewodnim zaj\u0119\u0107&#46;&#46;&#46;","_links":{"self":[{"href":"http:\/\/biblioteka-milicz.pl\/index.php\/wp-json\/wp\/v2\/posts\/6441","targetHints":{"allow":["GET"]}}],"collection":[{"href":"http:\/\/biblioteka-milicz.pl\/index.php\/wp-json\/wp\/v2\/posts"}],"about":[{"href":"http:\/\/biblioteka-milicz.pl\/index.php\/wp-json\/wp\/v2\/types\/post"}],"author":[{"embeddable":true,"href":"http:\/\/biblioteka-milicz.pl\/index.php\/wp-json\/wp\/v2\/users\/2"}],"replies":[{"embeddable":true,"href":"http:\/\/biblioteka-milicz.pl\/index.php\/wp-json\/wp\/v2\/comments?post=6441"}],"version-history":[{"count":1,"href":"http:\/\/biblioteka-milicz.pl\/index.php\/wp-json\/wp\/v2\/posts\/6441\/revisions"}],"predecessor-version":[{"id":6452,"href":"http:\/\/biblioteka-milicz.pl\/index.php\/wp-json\/wp\/v2\/posts\/6441\/revisions\/6452"}],"wp:featuredmedia":[{"embeddable":true,"href":"http:\/\/biblioteka-milicz.pl\/index.php\/wp-json\/wp\/v2\/media\/6451"}],"wp:attachment":[{"href":"http:\/\/biblioteka-milicz.pl\/index.php\/wp-json\/wp\/v2\/media?parent=6441"}],"wp:term":[{"taxonomy":"category","embeddable":true,"href":"http:\/\/biblioteka-milicz.pl\/index.php\/wp-json\/wp\/v2\/categories?post=6441"},{"taxonomy":"post_tag","embeddable":true,"href":"http:\/\/biblioteka-milicz.pl\/index.php\/wp-json\/wp\/v2\/tags?post=6441"}],"curies":[{"name":"wp","href":"https:\/\/api.w.org\/{rel}","templated":true}]}}