{"id":6429,"date":"2025-07-04T10:30:27","date_gmt":"2025-07-04T08:30:27","guid":{"rendered":"https:\/\/biblioteka-milicz.pl\/?p=6429"},"modified":"2025-07-07T10:32:21","modified_gmt":"2025-07-07T08:32:21","slug":"wakacyjne-przygody-z-biblioteka-w-gadkowicach","status":"publish","type":"post","link":"http:\/\/biblioteka-milicz.pl\/index.php\/2025\/07\/04\/wakacyjne-przygody-z-biblioteka-w-gadkowicach\/","title":{"rendered":"Wakacyjne przygody z bibliotek\u0105 w G\u0105dkowicach"},"content":{"rendered":"\n<p>Filia biblioteczna w G\u0105dkowicach serdecznie zaprasza wszystkie dzieci na wyj\u0105tkowe zaj\u0119cia plastyczne pod has\u0142em \u201eWakacyjne przygody z bibliotek\u0105&#8221;. Spotkania b\u0119d\u0105 si\u0119 odbywa\u0107 od 14 do 18 lipca w godzinach od 12:00 do 14:00.<\/p>\n\n\n\n<p>Uczestnicy zaj\u0119\u0107 wezm\u0105 udzia\u0142 w warsztatach rozwijaj\u0105cych zdolno\u015bci manualne. W programie znalaz\u0142y si\u0119 takie tematy jak: \u201eSzklany \u015bwiat&#8221;, \u201eKocie historie&#8221;, \u201eAle warstwy&#8221;, \u201eZiarnko do ziarnka&#8221; oraz \u201eMorskie opowie\u015bci&#8221;. Ka\u017cde z zaj\u0119\u0107 to nowa przygoda i okazja do tw\u00f3rczego sp\u0119dzenia czasu w gronie r\u00f3wie\u015bnik\u00f3w.<\/p>\n\n\n\n<p>Udzia\u0142 w zaj\u0119ciach jest bezp\u0142atny, jednak ze wzgl\u0119du na ograniczon\u0105 liczb\u0119 miejsc obowi\u0105zuj\u0105 zapisy. Mo\u017cna ich dokona\u0107 bezpo\u015brednio w filii bibliotecznej w G\u0105dkowicach lub telefonicznie pod numerem 717 503 172.<\/p>\n\n\n\n<p>Zach\u0119camy do udzia\u0142u w zaj\u0119ciach i wsp\u00f3lnego tworzenia wakacyjnych wspomnie\u0144 w bibliotece!<\/p>\n\n\n\n<figure class=\"wp-block-gallery has-nested-images columns-default is-cropped wp-block-gallery-1 is-layout-flex wp-block-gallery-is-layout-flex\">\n<figure class=\"wp-block-image size-large\"><img loading=\"lazy\" decoding=\"async\" width=\"509\" height=\"720\" data-id=\"6430\" src=\"https:\/\/biblioteka-milicz.pl\/wp-content\/uploads\/2025\/07\/514365046_1132920898873894_1014006966866044463_n.jpg\" alt=\"\" class=\"wp-image-6430\" srcset=\"http:\/\/biblioteka-milicz.pl\/wp-content\/uploads\/2025\/07\/514365046_1132920898873894_1014006966866044463_n.jpg 509w, http:\/\/biblioteka-milicz.pl\/wp-content\/uploads\/2025\/07\/514365046_1132920898873894_1014006966866044463_n-212x300.jpg 212w\" sizes=\"auto, (max-width: 509px) 100vw, 509px\" \/><\/figure>\n<\/figure>\n","protected":false},"excerpt":{"rendered":"<p>Filia biblioteczna w G\u0105dkowicach serdecznie zaprasza wszystkie dzieci na wyj\u0105tkowe zaj\u0119cia plastyczne pod has\u0142em \u201eWakacyjne przygody z bibliotek\u0105&#8221;. Spotkania b\u0119d\u0105 si\u0119 odbywa\u0107 od 14 do 18 lipca w godzinach od 12:00 do 14:00. Uczestnicy&#46;&#46;&#46;<\/p>\n","protected":false},"author":2,"featured_media":6430,"comment_status":"closed","ping_status":"closed","sticky":false,"template":"","format":"standard","meta":{"_uag_custom_page_level_css":"","footnotes":""},"categories":[3],"tags":[],"class_list":["post-6429","post","type-post","status-publish","format-standard","has-post-thumbnail","hentry","category-aktualnosci"],"uagb_featured_image_src":{"full":["http:\/\/biblioteka-milicz.pl\/wp-content\/uploads\/2025\/07\/514365046_1132920898873894_1014006966866044463_n.jpg",509,720,false],"thumbnail":["http:\/\/biblioteka-milicz.pl\/wp-content\/uploads\/2025\/07\/514365046_1132920898873894_1014006966866044463_n-150x150.jpg",150,150,true],"medium":["http:\/\/biblioteka-milicz.pl\/wp-content\/uploads\/2025\/07\/514365046_1132920898873894_1014006966866044463_n-212x300.jpg",212,300,true],"medium_large":["http:\/\/biblioteka-milicz.pl\/wp-content\/uploads\/2025\/07\/514365046_1132920898873894_1014006966866044463_n.jpg",509,720,false],"large":["http:\/\/biblioteka-milicz.pl\/wp-content\/uploads\/2025\/07\/514365046_1132920898873894_1014006966866044463_n.jpg",509,720,false],"1536x1536":["http:\/\/biblioteka-milicz.pl\/wp-content\/uploads\/2025\/07\/514365046_1132920898873894_1014006966866044463_n.jpg",509,720,false],"2048x2048":["http:\/\/biblioteka-milicz.pl\/wp-content\/uploads\/2025\/07\/514365046_1132920898873894_1014006966866044463_n.jpg",509,720,false],"thumb-small":["http:\/\/biblioteka-milicz.pl\/wp-content\/uploads\/2025\/07\/514365046_1132920898873894_1014006966866044463_n-80x80.jpg",80,80,true],"thumb-standard":["http:\/\/biblioteka-milicz.pl\/wp-content\/uploads\/2025\/07\/514365046_1132920898873894_1014006966866044463_n-320x320.jpg",320,320,true],"thumb-medium":["http:\/\/biblioteka-milicz.pl\/wp-content\/uploads\/2025\/07\/514365046_1132920898873894_1014006966866044463_n-509x245.jpg",509,245,true],"thumb-large":["http:\/\/biblioteka-milicz.pl\/wp-content\/uploads\/2025\/07\/514365046_1132920898873894_1014006966866044463_n-509x340.jpg",509,340,true],"thumb-xlarge":["http:\/\/biblioteka-milicz.pl\/wp-content\/uploads\/2025\/07\/514365046_1132920898873894_1014006966866044463_n-509x450.jpg",509,450,true],"thumb-xxlarge":["http:\/\/biblioteka-milicz.pl\/wp-content\/uploads\/2025\/07\/514365046_1132920898873894_1014006966866044463_n-509x500.jpg",509,500,true]},"uagb_author_info":{"display_name":"Marlena Grodzi\u0144ska","author_link":"http:\/\/biblioteka-milicz.pl\/index.php\/author\/marlena\/"},"uagb_comment_info":0,"uagb_excerpt":"Filia biblioteczna w G\u0105dkowicach serdecznie zaprasza wszystkie dzieci na wyj\u0105tkowe zaj\u0119cia plastyczne pod has\u0142em \u201eWakacyjne przygody z bibliotek\u0105&#8221;. Spotkania b\u0119d\u0105 si\u0119 odbywa\u0107 od 14 do 18 lipca w godzinach od 12:00 do 14:00. Uczestnicy&#46;&#46;&#46;","_links":{"self":[{"href":"http:\/\/biblioteka-milicz.pl\/index.php\/wp-json\/wp\/v2\/posts\/6429","targetHints":{"allow":["GET"]}}],"collection":[{"href":"http:\/\/biblioteka-milicz.pl\/index.php\/wp-json\/wp\/v2\/posts"}],"about":[{"href":"http:\/\/biblioteka-milicz.pl\/index.php\/wp-json\/wp\/v2\/types\/post"}],"author":[{"embeddable":true,"href":"http:\/\/biblioteka-milicz.pl\/index.php\/wp-json\/wp\/v2\/users\/2"}],"replies":[{"embeddable":true,"href":"http:\/\/biblioteka-milicz.pl\/index.php\/wp-json\/wp\/v2\/comments?post=6429"}],"version-history":[{"count":1,"href":"http:\/\/biblioteka-milicz.pl\/index.php\/wp-json\/wp\/v2\/posts\/6429\/revisions"}],"predecessor-version":[{"id":6431,"href":"http:\/\/biblioteka-milicz.pl\/index.php\/wp-json\/wp\/v2\/posts\/6429\/revisions\/6431"}],"wp:featuredmedia":[{"embeddable":true,"href":"http:\/\/biblioteka-milicz.pl\/index.php\/wp-json\/wp\/v2\/media\/6430"}],"wp:attachment":[{"href":"http:\/\/biblioteka-milicz.pl\/index.php\/wp-json\/wp\/v2\/media?parent=6429"}],"wp:term":[{"taxonomy":"category","embeddable":true,"href":"http:\/\/biblioteka-milicz.pl\/index.php\/wp-json\/wp\/v2\/categories?post=6429"},{"taxonomy":"post_tag","embeddable":true,"href":"http:\/\/biblioteka-milicz.pl\/index.php\/wp-json\/wp\/v2\/tags?post=6429"}],"curies":[{"name":"wp","href":"https:\/\/api.w.org\/{rel}","templated":true}]}}