{"id":6425,"date":"2025-07-04T14:42:50","date_gmt":"2025-07-04T12:42:50","guid":{"rendered":"https:\/\/biblioteka-milicz.pl\/?p=6425"},"modified":"2025-08-11T12:04:41","modified_gmt":"2025-08-11T10:04:41","slug":"wypozyczalnia-w-miliczu-zmiana-godzin-otwarcia-w-wakacje","status":"publish","type":"post","link":"http:\/\/biblioteka-milicz.pl\/index.php\/2025\/07\/04\/wypozyczalnia-w-miliczu-zmiana-godzin-otwarcia-w-wakacje\/","title":{"rendered":"Wypo\u017cyczalnia w Miliczu \u2013 zmiana godzin otwarcia w wakacje"},"content":{"rendered":"\n<p>Szanowni Czytelnicy,<\/p>\n\n\n\n<p>Informujemy, \u017ce <strong>w okresie wakacyjnym (lipiec \u2013 sierpie\u0144) Wypo\u017cyczalnia w Miliczu b\u0119dzie nieczynna w soboty<\/strong>.<\/p>\n\n\n\n<p>Serdecznie zapraszamy do korzystania z naszych us\u0142ug <strong>od poniedzia\u0142ku do pi\u0105tku<\/strong> w standardowych godzinach otwarcia.<\/p>\n\n\n\n<p>Dzi\u0119kujemy za zrozumienie i \u017cyczymy udanych wakacji!<\/p>\n\n\n\n<figure class=\"wp-block-gallery has-nested-images columns-default is-cropped wp-block-gallery-1 is-layout-flex wp-block-gallery-is-layout-flex\">\n<figure class=\"wp-block-image size-large\"><img loading=\"lazy\" decoding=\"async\" width=\"1024\" height=\"1024\" data-id=\"6426\" src=\"https:\/\/biblioteka-milicz.pl\/wp-content\/uploads\/2025\/07\/W-SOBOTY-nieczynne-1024x1024.png\" alt=\"\" class=\"wp-image-6426\" srcset=\"http:\/\/biblioteka-milicz.pl\/wp-content\/uploads\/2025\/07\/W-SOBOTY-nieczynne-1024x1024.png 1024w, http:\/\/biblioteka-milicz.pl\/wp-content\/uploads\/2025\/07\/W-SOBOTY-nieczynne-300x300.png 300w, http:\/\/biblioteka-milicz.pl\/wp-content\/uploads\/2025\/07\/W-SOBOTY-nieczynne-150x150.png 150w, http:\/\/biblioteka-milicz.pl\/wp-content\/uploads\/2025\/07\/W-SOBOTY-nieczynne-768x768.png 768w, http:\/\/biblioteka-milicz.pl\/wp-content\/uploads\/2025\/07\/W-SOBOTY-nieczynne-80x80.png 80w, http:\/\/biblioteka-milicz.pl\/wp-content\/uploads\/2025\/07\/W-SOBOTY-nieczynne-320x320.png 320w, http:\/\/biblioteka-milicz.pl\/wp-content\/uploads\/2025\/07\/W-SOBOTY-nieczynne.png 1080w\" sizes=\"auto, (max-width: 1024px) 100vw, 1024px\" \/><\/figure>\n<\/figure>\n","protected":false},"excerpt":{"rendered":"<p>Szanowni Czytelnicy, Informujemy, \u017ce w okresie wakacyjnym (lipiec \u2013 sierpie\u0144) Wypo\u017cyczalnia w Miliczu b\u0119dzie nieczynna w soboty. Serdecznie zapraszamy do korzystania z naszych us\u0142ug od poniedzia\u0142ku do pi\u0105tku w standardowych godzinach otwarcia. Dzi\u0119kujemy za&#46;&#46;&#46;<\/p>\n","protected":false},"author":2,"featured_media":6784,"comment_status":"closed","ping_status":"closed","sticky":false,"template":"","format":"standard","meta":{"_uag_custom_page_level_css":"","footnotes":""},"categories":[3],"tags":[],"class_list":["post-6425","post","type-post","status-publish","format-standard","has-post-thumbnail","hentry","category-aktualnosci"],"uagb_featured_image_src":{"full":["http:\/\/biblioteka-milicz.pl\/wp-content\/uploads\/2025\/07\/W-SOBOTY-nieczynne-na-www.png",1080,810,false],"thumbnail":["http:\/\/biblioteka-milicz.pl\/wp-content\/uploads\/2025\/07\/W-SOBOTY-nieczynne-na-www-150x150.png",150,150,true],"medium":["http:\/\/biblioteka-milicz.pl\/wp-content\/uploads\/2025\/07\/W-SOBOTY-nieczynne-na-www-300x225.png",300,225,true],"medium_large":["http:\/\/biblioteka-milicz.pl\/wp-content\/uploads\/2025\/07\/W-SOBOTY-nieczynne-na-www-768x576.png",768,576,true],"large":["http:\/\/biblioteka-milicz.pl\/wp-content\/uploads\/2025\/07\/W-SOBOTY-nieczynne-na-www-1024x768.png",1024,768,true],"1536x1536":["http:\/\/biblioteka-milicz.pl\/wp-content\/uploads\/2025\/07\/W-SOBOTY-nieczynne-na-www.png",1080,810,false],"2048x2048":["http:\/\/biblioteka-milicz.pl\/wp-content\/uploads\/2025\/07\/W-SOBOTY-nieczynne-na-www.png",1080,810,false],"thumb-small":["http:\/\/biblioteka-milicz.pl\/wp-content\/uploads\/2025\/07\/W-SOBOTY-nieczynne-na-www-80x80.png",80,80,true],"thumb-standard":["http:\/\/biblioteka-milicz.pl\/wp-content\/uploads\/2025\/07\/W-SOBOTY-nieczynne-na-www-320x320.png",320,320,true],"thumb-medium":["http:\/\/biblioteka-milicz.pl\/wp-content\/uploads\/2025\/07\/W-SOBOTY-nieczynne-na-www-520x245.png",520,245,true],"thumb-large":["http:\/\/biblioteka-milicz.pl\/wp-content\/uploads\/2025\/07\/W-SOBOTY-nieczynne-na-www-720x340.png",720,340,true],"thumb-xlarge":["http:\/\/biblioteka-milicz.pl\/wp-content\/uploads\/2025\/07\/W-SOBOTY-nieczynne-na-www-980x450.png",980,450,true],"thumb-xxlarge":["http:\/\/biblioteka-milicz.pl\/wp-content\/uploads\/2025\/07\/W-SOBOTY-nieczynne-na-www-1080x500.png",1080,500,true]},"uagb_author_info":{"display_name":"Marlena Grodzi\u0144ska","author_link":"http:\/\/biblioteka-milicz.pl\/index.php\/author\/marlena\/"},"uagb_comment_info":0,"uagb_excerpt":"Szanowni Czytelnicy, Informujemy, \u017ce w okresie wakacyjnym (lipiec \u2013 sierpie\u0144) Wypo\u017cyczalnia w Miliczu b\u0119dzie nieczynna w soboty. Serdecznie zapraszamy do korzystania z naszych us\u0142ug od poniedzia\u0142ku do pi\u0105tku w standardowych godzinach otwarcia. Dzi\u0119kujemy za&#46;&#46;&#46;","_links":{"self":[{"href":"http:\/\/biblioteka-milicz.pl\/index.php\/wp-json\/wp\/v2\/posts\/6425","targetHints":{"allow":["GET"]}}],"collection":[{"href":"http:\/\/biblioteka-milicz.pl\/index.php\/wp-json\/wp\/v2\/posts"}],"about":[{"href":"http:\/\/biblioteka-milicz.pl\/index.php\/wp-json\/wp\/v2\/types\/post"}],"author":[{"embeddable":true,"href":"http:\/\/biblioteka-milicz.pl\/index.php\/wp-json\/wp\/v2\/users\/2"}],"replies":[{"embeddable":true,"href":"http:\/\/biblioteka-milicz.pl\/index.php\/wp-json\/wp\/v2\/comments?post=6425"}],"version-history":[{"count":1,"href":"http:\/\/biblioteka-milicz.pl\/index.php\/wp-json\/wp\/v2\/posts\/6425\/revisions"}],"predecessor-version":[{"id":6427,"href":"http:\/\/biblioteka-milicz.pl\/index.php\/wp-json\/wp\/v2\/posts\/6425\/revisions\/6427"}],"wp:featuredmedia":[{"embeddable":true,"href":"http:\/\/biblioteka-milicz.pl\/index.php\/wp-json\/wp\/v2\/media\/6784"}],"wp:attachment":[{"href":"http:\/\/biblioteka-milicz.pl\/index.php\/wp-json\/wp\/v2\/media?parent=6425"}],"wp:term":[{"taxonomy":"category","embeddable":true,"href":"http:\/\/biblioteka-milicz.pl\/index.php\/wp-json\/wp\/v2\/categories?post=6425"},{"taxonomy":"post_tag","embeddable":true,"href":"http:\/\/biblioteka-milicz.pl\/index.php\/wp-json\/wp\/v2\/tags?post=6425"}],"curies":[{"name":"wp","href":"https:\/\/api.w.org\/{rel}","templated":true}]}}