{"id":637,"date":"2019-06-27T13:35:00","date_gmt":"2019-06-27T11:35:00","guid":{"rendered":"http:\/\/biblioteka-milicz.pl\/?p=637"},"modified":"2022-03-13T20:21:02","modified_gmt":"2022-03-13T19:21:02","slug":"wila-wianki","status":"publish","type":"post","link":"http:\/\/biblioteka-milicz.pl\/index.php\/2019\/06\/27\/wila-wianki\/","title":{"rendered":"Wi\u0142a wianki"},"content":{"rendered":"\n<p>27 czerwca, wyj\u0105tkowo przed po\u0142udniem, spotka\u0142y si\u0119 cz\u0142onkinie dzia\u0142aj\u0105cego w su\u0142owskiej filii klubu czytelniczego &#8222;Przepi\u015bnik&#8221;. Wyj\u0105tkowa by\u0142a te\u017c oprawa tego spotkania. Pachnia\u0142o ono bowiem lawend\u0105, mi\u0119t\u0105, bazyli\u0105, rumiankiem, ca\u0142\u0105 gam\u0105 zapach\u00f3w rozgrzanego lata. Tego dnia bowiem &#8222;wi\u0142y\u015bmy&#8221; wianki, takie prawdziwe, kolorowe i pachn\u0105ce. Czego w tych wiankach nie by\u0142o. Opr\u00f3cz kwiat\u00f3w i zi\u00f3\u0142 ogrodowych by\u0142y tak\u017ce, a mo\u017ce przede wszystkim, zebrane na \u0142\u0105kach i polach ro\u015bliny bardziej i mniej znane, zachwycaj\u0105ce nie tylko barw\u0105 i zapachem ale i pi\u0119knymi nazwami : kocanka, firletka, b\u0142awatek, rozchodnik czy przetacznik. Przy barwnych opowie\u015bciach&#8221; jak to kiedy\u015b bywa\u0142o&#8221;, powsta\u0142y cudnie kolorowe wianki, kt\u00f3re po\u015bwi\u0119cone, strzec maj\u0105 od z\u0142ego, a ususzone, przypomina\u0107 b\u0119d\u0105 s\u0142oneczne, pi\u0119kne lato. Kolejne spotkanie &#8222;Przepi\u015bnika&#8221; odb\u0119dzie si\u0119 11 lipca o 14:00. Ch\u0119tnych serdecznie zapraszamy.<\/p>\n\n\n\n<figure class=\"wp-block-gallery has-nested-images columns-default is-cropped wp-block-gallery-1 is-layout-flex wp-block-gallery-is-layout-flex\">\n<figure class=\"wp-block-image size-large\"><img loading=\"lazy\" decoding=\"async\" width=\"536\" height=\"960\" data-id=\"2385\" src=\"http:\/\/biblioteka-milicz.pl\/wp-content\/uploads\/2022\/03\/62352694_893372227678902_6147707378792923136_o.jpg\" alt=\"\" class=\"wp-image-2385\" srcset=\"http:\/\/biblioteka-milicz.pl\/wp-content\/uploads\/2022\/03\/62352694_893372227678902_6147707378792923136_o.jpg 536w, http:\/\/biblioteka-milicz.pl\/wp-content\/uploads\/2022\/03\/62352694_893372227678902_6147707378792923136_o-168x300.jpg 168w\" sizes=\"auto, (max-width: 536px) 100vw, 536px\" \/><\/figure>\n\n\n\n<figure class=\"wp-block-image size-large\"><img loading=\"lazy\" decoding=\"async\" width=\"536\" height=\"960\" data-id=\"2384\" src=\"http:\/\/biblioteka-milicz.pl\/wp-content\/uploads\/2022\/03\/65450089_893371904345601_138893886528421888_o.jpg\" alt=\"\" class=\"wp-image-2384\" srcset=\"http:\/\/biblioteka-milicz.pl\/wp-content\/uploads\/2022\/03\/65450089_893371904345601_138893886528421888_o.jpg 536w, http:\/\/biblioteka-milicz.pl\/wp-content\/uploads\/2022\/03\/65450089_893371904345601_138893886528421888_o-168x300.jpg 168w\" sizes=\"auto, (max-width: 536px) 100vw, 536px\" \/><\/figure>\n\n\n\n<figure class=\"wp-block-image size-large\"><img loading=\"lazy\" decoding=\"async\" width=\"536\" height=\"960\" data-id=\"2387\" src=\"http:\/\/biblioteka-milicz.pl\/wp-content\/uploads\/2022\/03\/65454808_893372017678923_5669752886834233344_o.jpg\" alt=\"\" class=\"wp-image-2387\" srcset=\"http:\/\/biblioteka-milicz.pl\/wp-content\/uploads\/2022\/03\/65454808_893372017678923_5669752886834233344_o.jpg 536w, http:\/\/biblioteka-milicz.pl\/wp-content\/uploads\/2022\/03\/65454808_893372017678923_5669752886834233344_o-168x300.jpg 168w\" sizes=\"auto, (max-width: 536px) 100vw, 536px\" \/><\/figure>\n\n\n\n<figure class=\"wp-block-image size-large\"><img loading=\"lazy\" decoding=\"async\" width=\"960\" height=\"540\" data-id=\"2386\" src=\"http:\/\/biblioteka-milicz.pl\/wp-content\/uploads\/2022\/03\/65640185_893372054345586_692767019275124736_o-1.jpg\" alt=\"\" class=\"wp-image-2386\" srcset=\"http:\/\/biblioteka-milicz.pl\/wp-content\/uploads\/2022\/03\/65640185_893372054345586_692767019275124736_o-1.jpg 960w, http:\/\/biblioteka-milicz.pl\/wp-content\/uploads\/2022\/03\/65640185_893372054345586_692767019275124736_o-1-300x169.jpg 300w, http:\/\/biblioteka-milicz.pl\/wp-content\/uploads\/2022\/03\/65640185_893372054345586_692767019275124736_o-1-768x432.jpg 768w\" sizes=\"auto, (max-width: 960px) 100vw, 960px\" \/><\/figure>\n\n\n\n<figure class=\"wp-block-image size-large\"><img loading=\"lazy\" decoding=\"async\" width=\"536\" height=\"960\" data-id=\"2388\" src=\"http:\/\/biblioteka-milicz.pl\/wp-content\/uploads\/2022\/03\/65726684_893372137678911_5408698456686460928_o.jpg\" alt=\"\" class=\"wp-image-2388\" srcset=\"http:\/\/biblioteka-milicz.pl\/wp-content\/uploads\/2022\/03\/65726684_893372137678911_5408698456686460928_o.jpg 536w, http:\/\/biblioteka-milicz.pl\/wp-content\/uploads\/2022\/03\/65726684_893372137678911_5408698456686460928_o-168x300.jpg 168w\" sizes=\"auto, (max-width: 536px) 100vw, 536px\" \/><\/figure>\n<\/figure>\n","protected":false},"excerpt":{"rendered":"<p>27 czerwca, wyj\u0105tkowo przed po\u0142udniem, spotka\u0142y si\u0119 cz\u0142onkinie dzia\u0142aj\u0105cego w su\u0142owskiej filii klubu czytelniczego &#8222;Przepi\u015bnik&#8221;. Wyj\u0105tkowa by\u0142a te\u017c oprawa tego spotkania. Pachnia\u0142o ono bowiem lawend\u0105, mi\u0119t\u0105, bazyli\u0105, rumiankiem, ca\u0142\u0105 gam\u0105 zapach\u00f3w rozgrzanego lata. Tego&#46;&#46;&#46;<\/p>\n","protected":false},"author":1,"featured_media":638,"comment_status":"closed","ping_status":"open","sticky":false,"template":"","format":"standard","meta":{"_uag_custom_page_level_css":"","footnotes":""},"categories":[3],"tags":[],"class_list":["post-637","post","type-post","status-publish","format-standard","has-post-thumbnail","hentry","category-aktualnosci"],"uagb_featured_image_src":{"full":["http:\/\/biblioteka-milicz.pl\/wp-content\/uploads\/2022\/03\/65640185_893372054345586_692767019275124736_o.jpg",960,540,false],"thumbnail":["http:\/\/biblioteka-milicz.pl\/wp-content\/uploads\/2022\/03\/65640185_893372054345586_692767019275124736_o-150x150.jpg",150,150,true],"medium":["http:\/\/biblioteka-milicz.pl\/wp-content\/uploads\/2022\/03\/65640185_893372054345586_692767019275124736_o-300x169.jpg",300,169,true],"medium_large":["http:\/\/biblioteka-milicz.pl\/wp-content\/uploads\/2022\/03\/65640185_893372054345586_692767019275124736_o-768x432.jpg",768,432,true],"large":["http:\/\/biblioteka-milicz.pl\/wp-content\/uploads\/2022\/03\/65640185_893372054345586_692767019275124736_o.jpg",960,540,false],"1536x1536":["http:\/\/biblioteka-milicz.pl\/wp-content\/uploads\/2022\/03\/65640185_893372054345586_692767019275124736_o.jpg",960,540,false],"2048x2048":["http:\/\/biblioteka-milicz.pl\/wp-content\/uploads\/2022\/03\/65640185_893372054345586_692767019275124736_o.jpg",960,540,false],"thumb-small":["http:\/\/biblioteka-milicz.pl\/wp-content\/uploads\/2022\/03\/65640185_893372054345586_692767019275124736_o-80x80.jpg",80,80,true],"thumb-standard":["http:\/\/biblioteka-milicz.pl\/wp-content\/uploads\/2022\/03\/65640185_893372054345586_692767019275124736_o-320x320.jpg",320,320,true],"thumb-medium":["http:\/\/biblioteka-milicz.pl\/wp-content\/uploads\/2022\/03\/65640185_893372054345586_692767019275124736_o-520x245.jpg",520,245,true],"thumb-large":["http:\/\/biblioteka-milicz.pl\/wp-content\/uploads\/2022\/03\/65640185_893372054345586_692767019275124736_o-720x340.jpg",720,340,true],"thumb-xlarge":["http:\/\/biblioteka-milicz.pl\/wp-content\/uploads\/2022\/03\/65640185_893372054345586_692767019275124736_o-960x450.jpg",960,450,true],"thumb-xxlarge":["http:\/\/biblioteka-milicz.pl\/wp-content\/uploads\/2022\/03\/65640185_893372054345586_692767019275124736_o-960x500.jpg",960,500,true]},"uagb_author_info":{"display_name":"admin","author_link":"http:\/\/biblioteka-milicz.pl\/index.php\/author\/admin\/"},"uagb_comment_info":0,"uagb_excerpt":"27 czerwca, wyj\u0105tkowo przed po\u0142udniem, spotka\u0142y si\u0119 cz\u0142onkinie dzia\u0142aj\u0105cego w su\u0142owskiej filii klubu czytelniczego &#8222;Przepi\u015bnik&#8221;. Wyj\u0105tkowa by\u0142a te\u017c oprawa tego spotkania. Pachnia\u0142o ono bowiem lawend\u0105, mi\u0119t\u0105, bazyli\u0105, rumiankiem, ca\u0142\u0105 gam\u0105 zapach\u00f3w rozgrzanego lata. Tego&#46;&#46;&#46;","_links":{"self":[{"href":"http:\/\/biblioteka-milicz.pl\/index.php\/wp-json\/wp\/v2\/posts\/637","targetHints":{"allow":["GET"]}}],"collection":[{"href":"http:\/\/biblioteka-milicz.pl\/index.php\/wp-json\/wp\/v2\/posts"}],"about":[{"href":"http:\/\/biblioteka-milicz.pl\/index.php\/wp-json\/wp\/v2\/types\/post"}],"author":[{"embeddable":true,"href":"http:\/\/biblioteka-milicz.pl\/index.php\/wp-json\/wp\/v2\/users\/1"}],"replies":[{"embeddable":true,"href":"http:\/\/biblioteka-milicz.pl\/index.php\/wp-json\/wp\/v2\/comments?post=637"}],"version-history":[{"count":2,"href":"http:\/\/biblioteka-milicz.pl\/index.php\/wp-json\/wp\/v2\/posts\/637\/revisions"}],"predecessor-version":[{"id":2389,"href":"http:\/\/biblioteka-milicz.pl\/index.php\/wp-json\/wp\/v2\/posts\/637\/revisions\/2389"}],"wp:featuredmedia":[{"embeddable":true,"href":"http:\/\/biblioteka-milicz.pl\/index.php\/wp-json\/wp\/v2\/media\/638"}],"wp:attachment":[{"href":"http:\/\/biblioteka-milicz.pl\/index.php\/wp-json\/wp\/v2\/media?parent=637"}],"wp:term":[{"taxonomy":"category","embeddable":true,"href":"http:\/\/biblioteka-milicz.pl\/index.php\/wp-json\/wp\/v2\/categories?post=637"},{"taxonomy":"post_tag","embeddable":true,"href":"http:\/\/biblioteka-milicz.pl\/index.php\/wp-json\/wp\/v2\/tags?post=637"}],"curies":[{"name":"wp","href":"https:\/\/api.w.org\/{rel}","templated":true}]}}