{"id":6029,"date":"2025-05-14T13:09:24","date_gmt":"2025-05-14T11:09:24","guid":{"rendered":"https:\/\/biblioteka-milicz.pl\/?p=6029"},"modified":"2025-06-12T13:17:45","modified_gmt":"2025-06-12T11:17:45","slug":"klub-czytamy-o-skradzionej-mlodosci-ewy-krason","status":"publish","type":"post","link":"http:\/\/biblioteka-milicz.pl\/index.php\/2025\/05\/14\/klub-czytamy-o-skradzionej-mlodosci-ewy-krason\/","title":{"rendered":"Klub CzytaMy o \u201eSkradzionej m\u0142odo\u015bci\u201d Ewy Kraso\u0144"},"content":{"rendered":"\n<p>Pi\u0105tkowe przedpo\u0142udnie &#8211; 9 maja &#8211; z <strong>Klubem CzytaMy <\/strong>up\u0142yn\u0119\u0142o w wyj\u0105tkowej atmosferze \u2013 pe\u0142nej spokoju, refleksji i ciep\u0142a. Spotkali\u015bmy si\u0119 w kameralnym gronie, by wsp\u00f3lnie porozmawia\u0107 o poruszaj\u0105cej ksi\u0105\u017cce Ewy Kraso\u0144 pt. <strong>\u201eSkradziona m\u0142odo\u015b\u0107\u201d<\/strong>. Towarzyszy\u0142y nam aromatyczna kawa, domowe wypieki i \u2013 co najwa\u017cniejsze \u2013 prawdziwa, g\u0142\u0119boka rozmowa.<\/p>\n\n\n\n<p>Tym razem si\u0119gn\u0119li\u015bmy po literatur\u0119 faktu, kt\u00f3ra porusza i zostaje w pami\u0119ci na d\u0142ugo. Ksi\u0105\u017cka opowiada autentyczn\u0105 histori\u0119 m\u0142odej dziewczyny, kt\u00f3ra w czasie II wojny \u015bwiatowej zosta\u0142a przymusowo wywieziona na roboty do Niemiec. To opowie\u015b\u0107 o dramacie roz\u0142\u0105ki z rodzin\u0105, o strachu, upokorzeniu, ale te\u017c o niezwyk\u0142ej sile i determinacji. Autorka z ogromn\u0105 wra\u017cliwo\u015bci\u0105 oddaje emocje bohaterki, a jednocze\u015bnie ukazuje realia wojennej codzienno\u015bci, kt\u00f3rej ofiar\u0105 pad\u0142y tysi\u0105ce m\u0142odych ludzi.<\/p>\n\n\n\n<p>Dyskusja by\u0142a pe\u0142na emocji i wzrusze\u0144 \u2013 ka\u017cda z uczestniczek dzieli\u0142a si\u0119 swoimi refleksjami i przemy\u015bleniami. Poruszyli\u015bmy r\u00f3wnie\u017c temat pami\u0119ci historycznej i znaczenia takich \u015bwiadectw dla wsp\u00f3\u0142czesnych pokole\u0144. To by\u0142o spotkanie nie tylko literackie, ale i bardzo osobiste.<\/p>\n\n\n\n<p>Serdecznie dzi\u0119kujemy wszystkim Paniom za obecno\u015b\u0107, otwarto\u015b\u0107 i wsp\u00f3lnie sp\u0119dzony czas. Takie chwile pokazuj\u0105, \u017ce ksi\u0105\u017cka mo\u017ce by\u0107 pocz\u0105tkiem g\u0142\u0119bokiej rozmowy, a spotkania klubowe to co\u015b wi\u0119cej ni\u017c tylko analiza lektury \u2013 to tak\u017ce wsp\u00f3lne prze\u017cywanie, odkrywanie i budowanie wi\u0119zi.<\/p>\n\n\n\n<p>Ju\u017c nie mo\u017cemy si\u0119 doczeka\u0107 kolejnego spotkania Klubu<strong> CzytaMy<\/strong>. Do zobaczenia wkr\u00f3tce!<\/p>\n\n\n\n<figure class=\"wp-block-gallery has-nested-images columns-default is-cropped wp-block-gallery-1 is-layout-flex wp-block-gallery-is-layout-flex\">\n<figure class=\"wp-block-image size-large\"><img loading=\"lazy\" decoding=\"async\" width=\"1024\" height=\"561\" data-id=\"6033\" src=\"https:\/\/biblioteka-milicz.pl\/wp-content\/uploads\/2025\/06\/497610465_1096003362565648_2704364215241536369_n-1024x561.jpg\" alt=\"\" class=\"wp-image-6033\" srcset=\"http:\/\/biblioteka-milicz.pl\/wp-content\/uploads\/2025\/06\/497610465_1096003362565648_2704364215241536369_n-1024x561.jpg 1024w, http:\/\/biblioteka-milicz.pl\/wp-content\/uploads\/2025\/06\/497610465_1096003362565648_2704364215241536369_n-300x164.jpg 300w, http:\/\/biblioteka-milicz.pl\/wp-content\/uploads\/2025\/06\/497610465_1096003362565648_2704364215241536369_n-768x420.jpg 768w, http:\/\/biblioteka-milicz.pl\/wp-content\/uploads\/2025\/06\/497610465_1096003362565648_2704364215241536369_n-1536x841.jpg 1536w, http:\/\/biblioteka-milicz.pl\/wp-content\/uploads\/2025\/06\/497610465_1096003362565648_2704364215241536369_n.jpg 1600w\" sizes=\"auto, (max-width: 1024px) 100vw, 1024px\" \/><\/figure>\n\n\n\n<figure class=\"wp-block-image size-large\"><img loading=\"lazy\" decoding=\"async\" width=\"1024\" height=\"698\" data-id=\"6031\" src=\"https:\/\/biblioteka-milicz.pl\/wp-content\/uploads\/2025\/06\/497671145_1096003459232305_872037255644463392_n-1024x698.jpg\" alt=\"\" class=\"wp-image-6031\" srcset=\"http:\/\/biblioteka-milicz.pl\/wp-content\/uploads\/2025\/06\/497671145_1096003459232305_872037255644463392_n-1024x698.jpg 1024w, http:\/\/biblioteka-milicz.pl\/wp-content\/uploads\/2025\/06\/497671145_1096003459232305_872037255644463392_n-300x204.jpg 300w, http:\/\/biblioteka-milicz.pl\/wp-content\/uploads\/2025\/06\/497671145_1096003459232305_872037255644463392_n-768x523.jpg 768w, http:\/\/biblioteka-milicz.pl\/wp-content\/uploads\/2025\/06\/497671145_1096003459232305_872037255644463392_n-1536x1046.jpg 1536w, http:\/\/biblioteka-milicz.pl\/wp-content\/uploads\/2025\/06\/497671145_1096003459232305_872037255644463392_n.jpg 1600w\" sizes=\"auto, (max-width: 1024px) 100vw, 1024px\" \/><\/figure>\n\n\n\n<figure class=\"wp-block-image size-large\"><img loading=\"lazy\" decoding=\"async\" width=\"1024\" height=\"585\" data-id=\"6032\" src=\"https:\/\/biblioteka-milicz.pl\/wp-content\/uploads\/2025\/06\/497962074_1096003589232292_8070988493246656058_n-1024x585.jpg\" alt=\"\" class=\"wp-image-6032\" srcset=\"http:\/\/biblioteka-milicz.pl\/wp-content\/uploads\/2025\/06\/497962074_1096003589232292_8070988493246656058_n-1024x585.jpg 1024w, http:\/\/biblioteka-milicz.pl\/wp-content\/uploads\/2025\/06\/497962074_1096003589232292_8070988493246656058_n-300x171.jpg 300w, http:\/\/biblioteka-milicz.pl\/wp-content\/uploads\/2025\/06\/497962074_1096003589232292_8070988493246656058_n-768x439.jpg 768w, http:\/\/biblioteka-milicz.pl\/wp-content\/uploads\/2025\/06\/497962074_1096003589232292_8070988493246656058_n-1536x877.jpg 1536w, http:\/\/biblioteka-milicz.pl\/wp-content\/uploads\/2025\/06\/497962074_1096003589232292_8070988493246656058_n.jpg 1600w\" sizes=\"auto, (max-width: 1024px) 100vw, 1024px\" \/><\/figure>\n\n\n\n<figure class=\"wp-block-image size-large\"><img loading=\"lazy\" decoding=\"async\" width=\"926\" height=\"1024\" data-id=\"6030\" src=\"https:\/\/biblioteka-milicz.pl\/wp-content\/uploads\/2025\/06\/497562463_1096003395898978_3277201976113768052_n-926x1024.jpg\" alt=\"\" class=\"wp-image-6030\" srcset=\"http:\/\/biblioteka-milicz.pl\/wp-content\/uploads\/2025\/06\/497562463_1096003395898978_3277201976113768052_n-926x1024.jpg 926w, http:\/\/biblioteka-milicz.pl\/wp-content\/uploads\/2025\/06\/497562463_1096003395898978_3277201976113768052_n-271x300.jpg 271w, http:\/\/biblioteka-milicz.pl\/wp-content\/uploads\/2025\/06\/497562463_1096003395898978_3277201976113768052_n-768x849.jpg 768w, http:\/\/biblioteka-milicz.pl\/wp-content\/uploads\/2025\/06\/497562463_1096003395898978_3277201976113768052_n-1389x1536.jpg 1389w, http:\/\/biblioteka-milicz.pl\/wp-content\/uploads\/2025\/06\/497562463_1096003395898978_3277201976113768052_n.jpg 1447w\" sizes=\"auto, (max-width: 926px) 100vw, 926px\" \/><\/figure>\n<\/figure>\n","protected":false},"excerpt":{"rendered":"<p>Pi\u0105tkowe przedpo\u0142udnie &#8211; 9 maja &#8211; z Klubem CzytaMy up\u0142yn\u0119\u0142o w wyj\u0105tkowej atmosferze \u2013 pe\u0142nej spokoju, refleksji i ciep\u0142a. Spotkali\u015bmy si\u0119 w kameralnym gronie, by wsp\u00f3lnie porozmawia\u0107 o poruszaj\u0105cej ksi\u0105\u017cce Ewy Kraso\u0144 pt. \u201eSkradziona&#46;&#46;&#46;<\/p>\n","protected":false},"author":2,"featured_media":6034,"comment_status":"closed","ping_status":"closed","sticky":false,"template":"","format":"standard","meta":{"_uag_custom_page_level_css":"","footnotes":""},"categories":[3],"tags":[],"class_list":["post-6029","post","type-post","status-publish","format-standard","has-post-thumbnail","hentry","category-aktualnosci"],"uagb_featured_image_src":{"full":["http:\/\/biblioteka-milicz.pl\/wp-content\/uploads\/2025\/06\/skradzione.jpg",1447,1085,false],"thumbnail":["http:\/\/biblioteka-milicz.pl\/wp-content\/uploads\/2025\/06\/skradzione-150x150.jpg",150,150,true],"medium":["http:\/\/biblioteka-milicz.pl\/wp-content\/uploads\/2025\/06\/skradzione-300x225.jpg",300,225,true],"medium_large":["http:\/\/biblioteka-milicz.pl\/wp-content\/uploads\/2025\/06\/skradzione-768x576.jpg",768,576,true],"large":["http:\/\/biblioteka-milicz.pl\/wp-content\/uploads\/2025\/06\/skradzione-1024x768.jpg",1024,768,true],"1536x1536":["http:\/\/biblioteka-milicz.pl\/wp-content\/uploads\/2025\/06\/skradzione.jpg",1447,1085,false],"2048x2048":["http:\/\/biblioteka-milicz.pl\/wp-content\/uploads\/2025\/06\/skradzione.jpg",1447,1085,false],"thumb-small":["http:\/\/biblioteka-milicz.pl\/wp-content\/uploads\/2025\/06\/skradzione-80x80.jpg",80,80,true],"thumb-standard":["http:\/\/biblioteka-milicz.pl\/wp-content\/uploads\/2025\/06\/skradzione-320x320.jpg",320,320,true],"thumb-medium":["http:\/\/biblioteka-milicz.pl\/wp-content\/uploads\/2025\/06\/skradzione-520x245.jpg",520,245,true],"thumb-large":["http:\/\/biblioteka-milicz.pl\/wp-content\/uploads\/2025\/06\/skradzione-720x340.jpg",720,340,true],"thumb-xlarge":["http:\/\/biblioteka-milicz.pl\/wp-content\/uploads\/2025\/06\/skradzione-980x450.jpg",980,450,true],"thumb-xxlarge":["http:\/\/biblioteka-milicz.pl\/wp-content\/uploads\/2025\/06\/skradzione-1320x500.jpg",1320,500,true]},"uagb_author_info":{"display_name":"Marlena Grodzi\u0144ska","author_link":"http:\/\/biblioteka-milicz.pl\/index.php\/author\/marlena\/"},"uagb_comment_info":0,"uagb_excerpt":"Pi\u0105tkowe przedpo\u0142udnie &#8211; 9 maja &#8211; z Klubem CzytaMy up\u0142yn\u0119\u0142o w wyj\u0105tkowej atmosferze \u2013 pe\u0142nej spokoju, refleksji i ciep\u0142a. Spotkali\u015bmy si\u0119 w kameralnym gronie, by wsp\u00f3lnie porozmawia\u0107 o poruszaj\u0105cej ksi\u0105\u017cce Ewy Kraso\u0144 pt. \u201eSkradziona&#46;&#46;&#46;","_links":{"self":[{"href":"http:\/\/biblioteka-milicz.pl\/index.php\/wp-json\/wp\/v2\/posts\/6029","targetHints":{"allow":["GET"]}}],"collection":[{"href":"http:\/\/biblioteka-milicz.pl\/index.php\/wp-json\/wp\/v2\/posts"}],"about":[{"href":"http:\/\/biblioteka-milicz.pl\/index.php\/wp-json\/wp\/v2\/types\/post"}],"author":[{"embeddable":true,"href":"http:\/\/biblioteka-milicz.pl\/index.php\/wp-json\/wp\/v2\/users\/2"}],"replies":[{"embeddable":true,"href":"http:\/\/biblioteka-milicz.pl\/index.php\/wp-json\/wp\/v2\/comments?post=6029"}],"version-history":[{"count":1,"href":"http:\/\/biblioteka-milicz.pl\/index.php\/wp-json\/wp\/v2\/posts\/6029\/revisions"}],"predecessor-version":[{"id":6035,"href":"http:\/\/biblioteka-milicz.pl\/index.php\/wp-json\/wp\/v2\/posts\/6029\/revisions\/6035"}],"wp:featuredmedia":[{"embeddable":true,"href":"http:\/\/biblioteka-milicz.pl\/index.php\/wp-json\/wp\/v2\/media\/6034"}],"wp:attachment":[{"href":"http:\/\/biblioteka-milicz.pl\/index.php\/wp-json\/wp\/v2\/media?parent=6029"}],"wp:term":[{"taxonomy":"category","embeddable":true,"href":"http:\/\/biblioteka-milicz.pl\/index.php\/wp-json\/wp\/v2\/categories?post=6029"},{"taxonomy":"post_tag","embeddable":true,"href":"http:\/\/biblioteka-milicz.pl\/index.php\/wp-json\/wp\/v2\/tags?post=6029"}],"curies":[{"name":"wp","href":"https:\/\/api.w.org\/{rel}","templated":true}]}}