{"id":5994,"date":"2025-05-16T11:55:23","date_gmt":"2025-05-16T09:55:23","guid":{"rendered":"https:\/\/biblioteka-milicz.pl\/?p=5994"},"modified":"2025-06-13T10:43:56","modified_gmt":"2025-06-13T08:43:56","slug":"motylki-i-pszczolki-na-spotkaniu-z-malgorzata-zoltaszek","status":"publish","type":"post","link":"http:\/\/biblioteka-milicz.pl\/index.php\/2025\/05\/16\/motylki-i-pszczolki-na-spotkaniu-z-malgorzata-zoltaszek\/","title":{"rendered":"Motylki i Pszcz\u00f3\u0142ki na spotkaniu z Ma\u0142gorzat\u0105 \u017b\u00f3\u0142taszek"},"content":{"rendered":"\n<p>15 maja w milickim Oddziale Dzieci\u0119cym odby\u0142o si\u0119 kolejne, pe\u0142ne emocji <strong>spotkanie autorskie z Ma\u0142gorzat\u0105 \u017b\u00f3\u0142taszek<\/strong> \u2013 pisark\u0105, edukatork\u0105 i promotork\u0105 pozytywnej komunikacji.<\/p>\n\n\n\n<p>Tym razem naszymi go\u015b\u0107mi by\u0142y dzieci z <strong>Przedszkola Parafialnego w Miliczu<\/strong> \u2013 grupy Motylki i Pszcz\u00f3\u0142ki.<\/p>\n\n\n\n<p>Pani Ma\u0142gosia poprowadzi\u0142a zaj\u0119cia z du\u017c\u0105 dawk\u0105 energii \u2013 dzieci tworzy\u0142y w\u0142asne teatrzyki, \u015bpiewa\u0142y, \u0107wiczy\u0142y i wsp\u00f3lnie odkrywa\u0142y, jak wygl\u0105da praca autora ksi\u0105\u017cek. Wszystkie maluchy by\u0142y aktywne i zaanga\u017cowane, zaskakuj\u0105c pomys\u0142owo\u015bci\u0105 i otwarto\u015bci\u0105.<\/p>\n\n\n\n<p>Warsztaty mia\u0142y charakter interaktywny \u2013 dzieci bra\u0142y czynny udzia\u0142 w ka\u017cdym elemencie spotkania, co pozwoli\u0142o im jeszcze lepiej pozna\u0107 \u015bwiat literatury i zobaczy\u0107, \u017ce ksi\u0105\u017cki to nie tylko czytanie, ale te\u017c przygoda, tw\u00f3rczo\u015b\u0107 i zabawa.<\/p>\n\n\n\n<p>Na koniec zaj\u0119\u0107 dzieci mia\u0142y mo\u017cliwo\u015b\u0107 zakupu ksi\u0105\u017cek autorki i zdobycia autografu, co by\u0142o dla nich ogromn\u0105 frajd\u0105 i pami\u0105tk\u0105 na d\u0142ugie lata.<\/p>\n\n\n\n<p>Dzi\u0119kujemy wszystkim uczestnikom oraz ich opiekunkom za obecno\u015b\u0107 i wspania\u0142\u0105 atmosfer\u0119. Dzi\u0119kujemy tak\u017ce Pani Ma\u0142gorzacie \u017b\u00f3\u0142taszek za pe\u0142ne ciep\u0142a i inspiracji spotkanie \u2013 z niecierpliwo\u015bci\u0105 czekamy na kolejne!<\/p>\n\n\n\n<figure class=\"wp-block-gallery has-nested-images columns-default is-cropped wp-block-gallery-1 is-layout-flex wp-block-gallery-is-layout-flex\">\n<figure class=\"wp-block-image size-large\"><img loading=\"lazy\" decoding=\"async\" width=\"1024\" height=\"768\" data-id=\"5995\" src=\"https:\/\/biblioteka-milicz.pl\/wp-content\/uploads\/2025\/06\/496949456_1096614722504512_3164937867293839214_n-1024x768.jpg\" alt=\"\" class=\"wp-image-5995\" srcset=\"http:\/\/biblioteka-milicz.pl\/wp-content\/uploads\/2025\/06\/496949456_1096614722504512_3164937867293839214_n-1024x768.jpg 1024w, http:\/\/biblioteka-milicz.pl\/wp-content\/uploads\/2025\/06\/496949456_1096614722504512_3164937867293839214_n-300x225.jpg 300w, http:\/\/biblioteka-milicz.pl\/wp-content\/uploads\/2025\/06\/496949456_1096614722504512_3164937867293839214_n-768x576.jpg 768w, http:\/\/biblioteka-milicz.pl\/wp-content\/uploads\/2025\/06\/496949456_1096614722504512_3164937867293839214_n-1536x1152.jpg 1536w, http:\/\/biblioteka-milicz.pl\/wp-content\/uploads\/2025\/06\/496949456_1096614722504512_3164937867293839214_n.jpg 2048w\" sizes=\"auto, (max-width: 1024px) 100vw, 1024px\" \/><\/figure>\n\n\n\n<figure class=\"wp-block-image size-large\"><img loading=\"lazy\" decoding=\"async\" width=\"1024\" height=\"768\" data-id=\"5996\" src=\"https:\/\/biblioteka-milicz.pl\/wp-content\/uploads\/2025\/06\/496969087_1096614879171163_1342166879837585051_n-1024x768.jpg\" alt=\"\" class=\"wp-image-5996\" srcset=\"http:\/\/biblioteka-milicz.pl\/wp-content\/uploads\/2025\/06\/496969087_1096614879171163_1342166879837585051_n-1024x768.jpg 1024w, http:\/\/biblioteka-milicz.pl\/wp-content\/uploads\/2025\/06\/496969087_1096614879171163_1342166879837585051_n-300x225.jpg 300w, http:\/\/biblioteka-milicz.pl\/wp-content\/uploads\/2025\/06\/496969087_1096614879171163_1342166879837585051_n-768x576.jpg 768w, http:\/\/biblioteka-milicz.pl\/wp-content\/uploads\/2025\/06\/496969087_1096614879171163_1342166879837585051_n-1536x1152.jpg 1536w, http:\/\/biblioteka-milicz.pl\/wp-content\/uploads\/2025\/06\/496969087_1096614879171163_1342166879837585051_n.jpg 2048w\" sizes=\"auto, (max-width: 1024px) 100vw, 1024px\" \/><\/figure>\n\n\n\n<figure class=\"wp-block-image size-large\"><img loading=\"lazy\" decoding=\"async\" width=\"1024\" height=\"768\" data-id=\"6001\" src=\"https:\/\/biblioteka-milicz.pl\/wp-content\/uploads\/2025\/06\/497252259_1096612299171421_4144461092567980918_n-1024x768.jpg\" alt=\"\" class=\"wp-image-6001\" srcset=\"http:\/\/biblioteka-milicz.pl\/wp-content\/uploads\/2025\/06\/497252259_1096612299171421_4144461092567980918_n-1024x768.jpg 1024w, http:\/\/biblioteka-milicz.pl\/wp-content\/uploads\/2025\/06\/497252259_1096612299171421_4144461092567980918_n-300x225.jpg 300w, http:\/\/biblioteka-milicz.pl\/wp-content\/uploads\/2025\/06\/497252259_1096612299171421_4144461092567980918_n-768x576.jpg 768w, http:\/\/biblioteka-milicz.pl\/wp-content\/uploads\/2025\/06\/497252259_1096612299171421_4144461092567980918_n-1536x1152.jpg 1536w, http:\/\/biblioteka-milicz.pl\/wp-content\/uploads\/2025\/06\/497252259_1096612299171421_4144461092567980918_n.jpg 2048w\" sizes=\"auto, (max-width: 1024px) 100vw, 1024px\" \/><\/figure>\n\n\n\n<figure class=\"wp-block-image size-large\"><img loading=\"lazy\" decoding=\"async\" width=\"1024\" height=\"768\" data-id=\"5999\" src=\"https:\/\/biblioteka-milicz.pl\/wp-content\/uploads\/2025\/06\/497455505_1096612509171400_5771790696203798468_n-1024x768.jpg\" alt=\"\" class=\"wp-image-5999\" srcset=\"http:\/\/biblioteka-milicz.pl\/wp-content\/uploads\/2025\/06\/497455505_1096612509171400_5771790696203798468_n-1024x768.jpg 1024w, http:\/\/biblioteka-milicz.pl\/wp-content\/uploads\/2025\/06\/497455505_1096612509171400_5771790696203798468_n-300x225.jpg 300w, http:\/\/biblioteka-milicz.pl\/wp-content\/uploads\/2025\/06\/497455505_1096612509171400_5771790696203798468_n-768x576.jpg 768w, http:\/\/biblioteka-milicz.pl\/wp-content\/uploads\/2025\/06\/497455505_1096612509171400_5771790696203798468_n-1536x1152.jpg 1536w, http:\/\/biblioteka-milicz.pl\/wp-content\/uploads\/2025\/06\/497455505_1096612509171400_5771790696203798468_n.jpg 2048w\" sizes=\"auto, (max-width: 1024px) 100vw, 1024px\" \/><\/figure>\n\n\n\n<figure class=\"wp-block-image size-large\"><img loading=\"lazy\" decoding=\"async\" width=\"1024\" height=\"768\" data-id=\"6003\" src=\"https:\/\/biblioteka-milicz.pl\/wp-content\/uploads\/2025\/06\/497490714_1096614859171165_3171738018126821749_n-1024x768.jpg\" alt=\"\" class=\"wp-image-6003\" srcset=\"http:\/\/biblioteka-milicz.pl\/wp-content\/uploads\/2025\/06\/497490714_1096614859171165_3171738018126821749_n-1024x768.jpg 1024w, http:\/\/biblioteka-milicz.pl\/wp-content\/uploads\/2025\/06\/497490714_1096614859171165_3171738018126821749_n-300x225.jpg 300w, http:\/\/biblioteka-milicz.pl\/wp-content\/uploads\/2025\/06\/497490714_1096614859171165_3171738018126821749_n-768x576.jpg 768w, http:\/\/biblioteka-milicz.pl\/wp-content\/uploads\/2025\/06\/497490714_1096614859171165_3171738018126821749_n-1536x1152.jpg 1536w, http:\/\/biblioteka-milicz.pl\/wp-content\/uploads\/2025\/06\/497490714_1096614859171165_3171738018126821749_n.jpg 2048w\" sizes=\"auto, (max-width: 1024px) 100vw, 1024px\" \/><\/figure>\n\n\n\n<figure class=\"wp-block-image size-large\"><img loading=\"lazy\" decoding=\"async\" width=\"1024\" height=\"768\" data-id=\"6000\" src=\"https:\/\/biblioteka-milicz.pl\/wp-content\/uploads\/2025\/06\/497524111_1096613232504661_1208222818790465626_n-1024x768.jpg\" alt=\"\" class=\"wp-image-6000\" srcset=\"http:\/\/biblioteka-milicz.pl\/wp-content\/uploads\/2025\/06\/497524111_1096613232504661_1208222818790465626_n-1024x768.jpg 1024w, http:\/\/biblioteka-milicz.pl\/wp-content\/uploads\/2025\/06\/497524111_1096613232504661_1208222818790465626_n-300x225.jpg 300w, http:\/\/biblioteka-milicz.pl\/wp-content\/uploads\/2025\/06\/497524111_1096613232504661_1208222818790465626_n-768x576.jpg 768w, http:\/\/biblioteka-milicz.pl\/wp-content\/uploads\/2025\/06\/497524111_1096613232504661_1208222818790465626_n-1536x1152.jpg 1536w, http:\/\/biblioteka-milicz.pl\/wp-content\/uploads\/2025\/06\/497524111_1096613232504661_1208222818790465626_n.jpg 2048w\" sizes=\"auto, (max-width: 1024px) 100vw, 1024px\" \/><\/figure>\n\n\n\n<figure class=\"wp-block-image size-large\"><img loading=\"lazy\" decoding=\"async\" width=\"1024\" height=\"768\" data-id=\"6004\" src=\"https:\/\/biblioteka-milicz.pl\/wp-content\/uploads\/2025\/06\/497622121_1096612939171357_4075708476500419075_n-1024x768.jpg\" alt=\"\" class=\"wp-image-6004\" srcset=\"http:\/\/biblioteka-milicz.pl\/wp-content\/uploads\/2025\/06\/497622121_1096612939171357_4075708476500419075_n-1024x768.jpg 1024w, http:\/\/biblioteka-milicz.pl\/wp-content\/uploads\/2025\/06\/497622121_1096612939171357_4075708476500419075_n-300x225.jpg 300w, http:\/\/biblioteka-milicz.pl\/wp-content\/uploads\/2025\/06\/497622121_1096612939171357_4075708476500419075_n-768x576.jpg 768w, http:\/\/biblioteka-milicz.pl\/wp-content\/uploads\/2025\/06\/497622121_1096612939171357_4075708476500419075_n-1536x1152.jpg 1536w, http:\/\/biblioteka-milicz.pl\/wp-content\/uploads\/2025\/06\/497622121_1096612939171357_4075708476500419075_n.jpg 2048w\" sizes=\"auto, (max-width: 1024px) 100vw, 1024px\" \/><\/figure>\n\n\n\n<figure class=\"wp-block-image size-large\"><img loading=\"lazy\" decoding=\"async\" width=\"1024\" height=\"768\" data-id=\"6005\" src=\"https:\/\/biblioteka-milicz.pl\/wp-content\/uploads\/2025\/06\/497825001_1096612359171415_2223378325178485054_n-1024x768.jpg\" alt=\"\" class=\"wp-image-6005\" srcset=\"http:\/\/biblioteka-milicz.pl\/wp-content\/uploads\/2025\/06\/497825001_1096612359171415_2223378325178485054_n-1024x768.jpg 1024w, http:\/\/biblioteka-milicz.pl\/wp-content\/uploads\/2025\/06\/497825001_1096612359171415_2223378325178485054_n-300x225.jpg 300w, http:\/\/biblioteka-milicz.pl\/wp-content\/uploads\/2025\/06\/497825001_1096612359171415_2223378325178485054_n-768x576.jpg 768w, http:\/\/biblioteka-milicz.pl\/wp-content\/uploads\/2025\/06\/497825001_1096612359171415_2223378325178485054_n-1536x1152.jpg 1536w, http:\/\/biblioteka-milicz.pl\/wp-content\/uploads\/2025\/06\/497825001_1096612359171415_2223378325178485054_n.jpg 2048w\" sizes=\"auto, (max-width: 1024px) 100vw, 1024px\" \/><\/figure>\n\n\n\n<figure class=\"wp-block-image size-large\"><img loading=\"lazy\" decoding=\"async\" width=\"1024\" height=\"818\" data-id=\"5998\" src=\"https:\/\/biblioteka-milicz.pl\/wp-content\/uploads\/2025\/06\/498163732_1096615252504459_6303639755276731508_n-1024x818.jpg\" alt=\"\" class=\"wp-image-5998\" srcset=\"http:\/\/biblioteka-milicz.pl\/wp-content\/uploads\/2025\/06\/498163732_1096615252504459_6303639755276731508_n-1024x818.jpg 1024w, http:\/\/biblioteka-milicz.pl\/wp-content\/uploads\/2025\/06\/498163732_1096615252504459_6303639755276731508_n-300x240.jpg 300w, http:\/\/biblioteka-milicz.pl\/wp-content\/uploads\/2025\/06\/498163732_1096615252504459_6303639755276731508_n-768x613.jpg 768w, http:\/\/biblioteka-milicz.pl\/wp-content\/uploads\/2025\/06\/498163732_1096615252504459_6303639755276731508_n-1536x1226.jpg 1536w, http:\/\/biblioteka-milicz.pl\/wp-content\/uploads\/2025\/06\/498163732_1096615252504459_6303639755276731508_n.jpg 2048w\" sizes=\"auto, (max-width: 1024px) 100vw, 1024px\" \/><\/figure>\n\n\n\n<figure class=\"wp-block-image size-large\"><img loading=\"lazy\" decoding=\"async\" width=\"1024\" height=\"710\" data-id=\"6002\" src=\"https:\/\/biblioteka-milicz.pl\/wp-content\/uploads\/2025\/06\/497747524_1096615345837783_1998796687268060693_n-1024x710.jpg\" alt=\"\" class=\"wp-image-6002\" srcset=\"http:\/\/biblioteka-milicz.pl\/wp-content\/uploads\/2025\/06\/497747524_1096615345837783_1998796687268060693_n-1024x710.jpg 1024w, http:\/\/biblioteka-milicz.pl\/wp-content\/uploads\/2025\/06\/497747524_1096615345837783_1998796687268060693_n-300x208.jpg 300w, http:\/\/biblioteka-milicz.pl\/wp-content\/uploads\/2025\/06\/497747524_1096615345837783_1998796687268060693_n-768x533.jpg 768w, http:\/\/biblioteka-milicz.pl\/wp-content\/uploads\/2025\/06\/497747524_1096615345837783_1998796687268060693_n-1536x1065.jpg 1536w, http:\/\/biblioteka-milicz.pl\/wp-content\/uploads\/2025\/06\/497747524_1096615345837783_1998796687268060693_n.jpg 2048w\" sizes=\"auto, (max-width: 1024px) 100vw, 1024px\" \/><\/figure>\n<\/figure>\n","protected":false},"excerpt":{"rendered":"<p>15 maja w milickim Oddziale Dzieci\u0119cym odby\u0142o si\u0119 kolejne, pe\u0142ne emocji spotkanie autorskie z Ma\u0142gorzat\u0105 \u017b\u00f3\u0142taszek \u2013 pisark\u0105, edukatork\u0105 i promotork\u0105 pozytywnej komunikacji. Tym razem naszymi go\u015b\u0107mi by\u0142y dzieci z Przedszkola Parafialnego w Miliczu&#46;&#46;&#46;<\/p>\n","protected":false},"author":2,"featured_media":6002,"comment_status":"closed","ping_status":"closed","sticky":false,"template":"","format":"standard","meta":{"_uag_custom_page_level_css":"","footnotes":""},"categories":[3],"tags":[],"class_list":["post-5994","post","type-post","status-publish","format-standard","has-post-thumbnail","hentry","category-aktualnosci"],"uagb_featured_image_src":{"full":["http:\/\/biblioteka-milicz.pl\/wp-content\/uploads\/2025\/06\/497747524_1096615345837783_1998796687268060693_n.jpg",2048,1420,false],"thumbnail":["http:\/\/biblioteka-milicz.pl\/wp-content\/uploads\/2025\/06\/497747524_1096615345837783_1998796687268060693_n-150x150.jpg",150,150,true],"medium":["http:\/\/biblioteka-milicz.pl\/wp-content\/uploads\/2025\/06\/497747524_1096615345837783_1998796687268060693_n-300x208.jpg",300,208,true],"medium_large":["http:\/\/biblioteka-milicz.pl\/wp-content\/uploads\/2025\/06\/497747524_1096615345837783_1998796687268060693_n-768x533.jpg",768,533,true],"large":["http:\/\/biblioteka-milicz.pl\/wp-content\/uploads\/2025\/06\/497747524_1096615345837783_1998796687268060693_n-1024x710.jpg",1024,710,true],"1536x1536":["http:\/\/biblioteka-milicz.pl\/wp-content\/uploads\/2025\/06\/497747524_1096615345837783_1998796687268060693_n-1536x1065.jpg",1536,1065,true],"2048x2048":["http:\/\/biblioteka-milicz.pl\/wp-content\/uploads\/2025\/06\/497747524_1096615345837783_1998796687268060693_n.jpg",2048,1420,false],"thumb-small":["http:\/\/biblioteka-milicz.pl\/wp-content\/uploads\/2025\/06\/497747524_1096615345837783_1998796687268060693_n-80x80.jpg",80,80,true],"thumb-standard":["http:\/\/biblioteka-milicz.pl\/wp-content\/uploads\/2025\/06\/497747524_1096615345837783_1998796687268060693_n-320x320.jpg",320,320,true],"thumb-medium":["http:\/\/biblioteka-milicz.pl\/wp-content\/uploads\/2025\/06\/497747524_1096615345837783_1998796687268060693_n-520x245.jpg",520,245,true],"thumb-large":["http:\/\/biblioteka-milicz.pl\/wp-content\/uploads\/2025\/06\/497747524_1096615345837783_1998796687268060693_n-720x340.jpg",720,340,true],"thumb-xlarge":["http:\/\/biblioteka-milicz.pl\/wp-content\/uploads\/2025\/06\/497747524_1096615345837783_1998796687268060693_n-980x450.jpg",980,450,true],"thumb-xxlarge":["http:\/\/biblioteka-milicz.pl\/wp-content\/uploads\/2025\/06\/497747524_1096615345837783_1998796687268060693_n-1320x500.jpg",1320,500,true]},"uagb_author_info":{"display_name":"Marlena Grodzi\u0144ska","author_link":"http:\/\/biblioteka-milicz.pl\/index.php\/author\/marlena\/"},"uagb_comment_info":0,"uagb_excerpt":"15 maja w milickim Oddziale Dzieci\u0119cym odby\u0142o si\u0119 kolejne, pe\u0142ne emocji spotkanie autorskie z Ma\u0142gorzat\u0105 \u017b\u00f3\u0142taszek \u2013 pisark\u0105, edukatork\u0105 i promotork\u0105 pozytywnej komunikacji. Tym razem naszymi go\u015b\u0107mi by\u0142y dzieci z Przedszkola Parafialnego w Miliczu&#46;&#46;&#46;","_links":{"self":[{"href":"http:\/\/biblioteka-milicz.pl\/index.php\/wp-json\/wp\/v2\/posts\/5994","targetHints":{"allow":["GET"]}}],"collection":[{"href":"http:\/\/biblioteka-milicz.pl\/index.php\/wp-json\/wp\/v2\/posts"}],"about":[{"href":"http:\/\/biblioteka-milicz.pl\/index.php\/wp-json\/wp\/v2\/types\/post"}],"author":[{"embeddable":true,"href":"http:\/\/biblioteka-milicz.pl\/index.php\/wp-json\/wp\/v2\/users\/2"}],"replies":[{"embeddable":true,"href":"http:\/\/biblioteka-milicz.pl\/index.php\/wp-json\/wp\/v2\/comments?post=5994"}],"version-history":[{"count":2,"href":"http:\/\/biblioteka-milicz.pl\/index.php\/wp-json\/wp\/v2\/posts\/5994\/revisions"}],"predecessor-version":[{"id":6115,"href":"http:\/\/biblioteka-milicz.pl\/index.php\/wp-json\/wp\/v2\/posts\/5994\/revisions\/6115"}],"wp:featuredmedia":[{"embeddable":true,"href":"http:\/\/biblioteka-milicz.pl\/index.php\/wp-json\/wp\/v2\/media\/6002"}],"wp:attachment":[{"href":"http:\/\/biblioteka-milicz.pl\/index.php\/wp-json\/wp\/v2\/media?parent=5994"}],"wp:term":[{"taxonomy":"category","embeddable":true,"href":"http:\/\/biblioteka-milicz.pl\/index.php\/wp-json\/wp\/v2\/categories?post=5994"},{"taxonomy":"post_tag","embeddable":true,"href":"http:\/\/biblioteka-milicz.pl\/index.php\/wp-json\/wp\/v2\/tags?post=5994"}],"curies":[{"name":"wp","href":"https:\/\/api.w.org\/{rel}","templated":true}]}}