{"id":5949,"date":"2025-05-15T11:01:31","date_gmt":"2025-05-15T09:01:31","guid":{"rendered":"https:\/\/biblioteka-milicz.pl\/?p=5949"},"modified":"2025-06-12T11:07:08","modified_gmt":"2025-06-12T09:07:08","slug":"literacka-podroz-z-patrycja-dzien","status":"publish","type":"post","link":"http:\/\/biblioteka-milicz.pl\/index.php\/2025\/05\/15\/literacka-podroz-z-patrycja-dzien\/","title":{"rendered":"Literacka podr\u00f3\u017c z Patrycj\u0105 Dzie\u0144"},"content":{"rendered":"\n<p>13 maja, w ramach obchod\u00f3w <strong>Tygodnia Bibliotek<\/strong>, w Bibliotece Publicznej w Miliczu odby\u0142o si\u0119 wyj\u0105tkowe <strong>spotkanie autorskie z Patrycj\u0105 Dzie\u0144<\/strong>, autork\u0105 powie\u015bci <em>\u201eDalia\u201d<\/em>.<\/p>\n\n\n\n<p>Czytelnicy, kt\u00f3rzy tego dnia odwiedzili bibliotek\u0119, mieli okazj\u0119 nie tylko pos\u0142ucha\u0107 o historii tytu\u0142owej Dalii, ale tak\u017ce pozna\u0107 autork\u0119 od mniej oficjalnej, bardziej osobistej strony. <\/p>\n\n\n\n<p>Patrycja Dzie\u0144 ch\u0119tnie dzieli\u0142a si\u0119 swoimi do\u015bwiadczeniami zwi\u0105zanymi z pisaniem i debiutem literackim. Opowiada\u0142a o wyzwaniach, jakie towarzyszy\u0142y jej przy wydaniu ksi\u0105\u017cki, ale te\u017c o rado\u015bci z pierwszych czytelniczych reakcji. Wiele emocji wzbudzi\u0142y r\u00f3wnie\u017c tematy zwi\u0105zane z budowaniem bohater\u00f3w i przekazywaniem wa\u017cnych, cz\u0119sto trudnych emocji w powie\u015bci.<\/p>\n\n\n\n<p>Spotkanie mia\u0142o kameralny, serdeczny charakter i zostawi\u0142o po sobie bardzo pozytywne wra\u017cenia. Czytelnicy podkre\u015blali, \u017ce rozmowa z autork\u0105 by\u0142a inspiruj\u0105ca i zach\u0119caj\u0105ca do si\u0119gni\u0119cia po ksi\u0105\u017ck\u0119 \u2013 a niekt\u00f3rzy ju\u017c podczas wydarzenia nabyli w\u0142asne egzemplarze <em>\u201eDalii\u201d<\/em>.<\/p>\n\n\n\n<p>Dzi\u0119kujemy Patrycji Dzie\u0144 za odwiedziny w milickiej bibliotece i czekamy na kolejne spotkania z jej tw\u00f3rczo\u015bci\u0105.<\/p>\n\n\n\n<figure class=\"wp-block-gallery has-nested-images columns-default is-cropped wp-block-gallery-1 is-layout-flex wp-block-gallery-is-layout-flex\">\n<figure class=\"wp-block-image size-large\"><img loading=\"lazy\" decoding=\"async\" width=\"1024\" height=\"768\" data-id=\"5952\" src=\"https:\/\/biblioteka-milicz.pl\/wp-content\/uploads\/2025\/06\/IMG_7647-1024x768.jpg\" alt=\"\" class=\"wp-image-5952\" srcset=\"http:\/\/biblioteka-milicz.pl\/wp-content\/uploads\/2025\/06\/IMG_7647-1024x768.jpg 1024w, http:\/\/biblioteka-milicz.pl\/wp-content\/uploads\/2025\/06\/IMG_7647-300x225.jpg 300w, http:\/\/biblioteka-milicz.pl\/wp-content\/uploads\/2025\/06\/IMG_7647-768x576.jpg 768w, http:\/\/biblioteka-milicz.pl\/wp-content\/uploads\/2025\/06\/IMG_7647-1536x1152.jpg 1536w, http:\/\/biblioteka-milicz.pl\/wp-content\/uploads\/2025\/06\/IMG_7647-2048x1536.jpg 2048w\" sizes=\"auto, (max-width: 1024px) 100vw, 1024px\" \/><\/figure>\n\n\n\n<figure class=\"wp-block-image size-large\"><img loading=\"lazy\" decoding=\"async\" width=\"1024\" height=\"768\" data-id=\"5953\" src=\"https:\/\/biblioteka-milicz.pl\/wp-content\/uploads\/2025\/06\/IMG_6996-1024x768.jpg\" alt=\"\" class=\"wp-image-5953\" srcset=\"http:\/\/biblioteka-milicz.pl\/wp-content\/uploads\/2025\/06\/IMG_6996-1024x768.jpg 1024w, http:\/\/biblioteka-milicz.pl\/wp-content\/uploads\/2025\/06\/IMG_6996-300x225.jpg 300w, http:\/\/biblioteka-milicz.pl\/wp-content\/uploads\/2025\/06\/IMG_6996-768x576.jpg 768w, http:\/\/biblioteka-milicz.pl\/wp-content\/uploads\/2025\/06\/IMG_6996-1536x1152.jpg 1536w, http:\/\/biblioteka-milicz.pl\/wp-content\/uploads\/2025\/06\/IMG_6996-2048x1536.jpg 2048w\" sizes=\"auto, (max-width: 1024px) 100vw, 1024px\" \/><\/figure>\n\n\n\n<figure class=\"wp-block-image size-large\"><img loading=\"lazy\" decoding=\"async\" width=\"1024\" height=\"768\" data-id=\"5950\" src=\"https:\/\/biblioteka-milicz.pl\/wp-content\/uploads\/2025\/06\/IMG_7651-1024x768.jpg\" alt=\"\" class=\"wp-image-5950\" srcset=\"http:\/\/biblioteka-milicz.pl\/wp-content\/uploads\/2025\/06\/IMG_7651-1024x768.jpg 1024w, http:\/\/biblioteka-milicz.pl\/wp-content\/uploads\/2025\/06\/IMG_7651-300x225.jpg 300w, http:\/\/biblioteka-milicz.pl\/wp-content\/uploads\/2025\/06\/IMG_7651-768x576.jpg 768w, http:\/\/biblioteka-milicz.pl\/wp-content\/uploads\/2025\/06\/IMG_7651-1536x1152.jpg 1536w, http:\/\/biblioteka-milicz.pl\/wp-content\/uploads\/2025\/06\/IMG_7651-2048x1536.jpg 2048w\" sizes=\"auto, (max-width: 1024px) 100vw, 1024px\" \/><\/figure>\n\n\n\n<figure class=\"wp-block-image size-large\"><img loading=\"lazy\" decoding=\"async\" width=\"1024\" height=\"768\" data-id=\"5951\" src=\"https:\/\/biblioteka-milicz.pl\/wp-content\/uploads\/2025\/06\/IMG_7652-1024x768.jpg\" alt=\"\" class=\"wp-image-5951\" srcset=\"http:\/\/biblioteka-milicz.pl\/wp-content\/uploads\/2025\/06\/IMG_7652-1024x768.jpg 1024w, http:\/\/biblioteka-milicz.pl\/wp-content\/uploads\/2025\/06\/IMG_7652-300x225.jpg 300w, http:\/\/biblioteka-milicz.pl\/wp-content\/uploads\/2025\/06\/IMG_7652-768x576.jpg 768w, http:\/\/biblioteka-milicz.pl\/wp-content\/uploads\/2025\/06\/IMG_7652-1536x1152.jpg 1536w, http:\/\/biblioteka-milicz.pl\/wp-content\/uploads\/2025\/06\/IMG_7652-2048x1536.jpg 2048w\" sizes=\"auto, (max-width: 1024px) 100vw, 1024px\" \/><\/figure>\n\n\n\n<figure class=\"wp-block-image size-large\"><img loading=\"lazy\" decoding=\"async\" width=\"1024\" height=\"768\" data-id=\"5954\" src=\"https:\/\/biblioteka-milicz.pl\/wp-content\/uploads\/2025\/06\/IMG_7654-1024x768.jpg\" alt=\"\" class=\"wp-image-5954\" srcset=\"http:\/\/biblioteka-milicz.pl\/wp-content\/uploads\/2025\/06\/IMG_7654-1024x768.jpg 1024w, http:\/\/biblioteka-milicz.pl\/wp-content\/uploads\/2025\/06\/IMG_7654-300x225.jpg 300w, http:\/\/biblioteka-milicz.pl\/wp-content\/uploads\/2025\/06\/IMG_7654-768x576.jpg 768w, http:\/\/biblioteka-milicz.pl\/wp-content\/uploads\/2025\/06\/IMG_7654-1536x1152.jpg 1536w, http:\/\/biblioteka-milicz.pl\/wp-content\/uploads\/2025\/06\/IMG_7654-2048x1536.jpg 2048w\" sizes=\"auto, (max-width: 1024px) 100vw, 1024px\" \/><\/figure>\n<\/figure>\n\n\n\n<p><\/p>\n","protected":false},"excerpt":{"rendered":"<p>13 maja, w ramach obchod\u00f3w Tygodnia Bibliotek, w Bibliotece Publicznej w Miliczu odby\u0142o si\u0119 wyj\u0105tkowe spotkanie autorskie z Patrycj\u0105 Dzie\u0144, autork\u0105 powie\u015bci \u201eDalia\u201d. Czytelnicy, kt\u00f3rzy tego dnia odwiedzili bibliotek\u0119, mieli okazj\u0119 nie tylko pos\u0142ucha\u0107&#46;&#46;&#46;<\/p>\n","protected":false},"author":2,"featured_media":5954,"comment_status":"closed","ping_status":"closed","sticky":false,"template":"","format":"standard","meta":{"_uag_custom_page_level_css":"","footnotes":""},"categories":[3],"tags":[],"class_list":["post-5949","post","type-post","status-publish","format-standard","has-post-thumbnail","hentry","category-aktualnosci"],"uagb_featured_image_src":{"full":["http:\/\/biblioteka-milicz.pl\/wp-content\/uploads\/2025\/06\/IMG_7654-scaled.jpg",2560,1920,false],"thumbnail":["http:\/\/biblioteka-milicz.pl\/wp-content\/uploads\/2025\/06\/IMG_7654-150x150.jpg",150,150,true],"medium":["http:\/\/biblioteka-milicz.pl\/wp-content\/uploads\/2025\/06\/IMG_7654-300x225.jpg",300,225,true],"medium_large":["http:\/\/biblioteka-milicz.pl\/wp-content\/uploads\/2025\/06\/IMG_7654-768x576.jpg",768,576,true],"large":["http:\/\/biblioteka-milicz.pl\/wp-content\/uploads\/2025\/06\/IMG_7654-1024x768.jpg",1024,768,true],"1536x1536":["http:\/\/biblioteka-milicz.pl\/wp-content\/uploads\/2025\/06\/IMG_7654-1536x1152.jpg",1536,1152,true],"2048x2048":["http:\/\/biblioteka-milicz.pl\/wp-content\/uploads\/2025\/06\/IMG_7654-2048x1536.jpg",2048,1536,true],"thumb-small":["http:\/\/biblioteka-milicz.pl\/wp-content\/uploads\/2025\/06\/IMG_7654-80x80.jpg",80,80,true],"thumb-standard":["http:\/\/biblioteka-milicz.pl\/wp-content\/uploads\/2025\/06\/IMG_7654-320x320.jpg",320,320,true],"thumb-medium":["http:\/\/biblioteka-milicz.pl\/wp-content\/uploads\/2025\/06\/IMG_7654-520x245.jpg",520,245,true],"thumb-large":["http:\/\/biblioteka-milicz.pl\/wp-content\/uploads\/2025\/06\/IMG_7654-720x340.jpg",720,340,true],"thumb-xlarge":["http:\/\/biblioteka-milicz.pl\/wp-content\/uploads\/2025\/06\/IMG_7654-980x450.jpg",980,450,true],"thumb-xxlarge":["http:\/\/biblioteka-milicz.pl\/wp-content\/uploads\/2025\/06\/IMG_7654-1320x500.jpg",1320,500,true]},"uagb_author_info":{"display_name":"Marlena Grodzi\u0144ska","author_link":"http:\/\/biblioteka-milicz.pl\/index.php\/author\/marlena\/"},"uagb_comment_info":0,"uagb_excerpt":"13 maja, w ramach obchod\u00f3w Tygodnia Bibliotek, w Bibliotece Publicznej w Miliczu odby\u0142o si\u0119 wyj\u0105tkowe spotkanie autorskie z Patrycj\u0105 Dzie\u0144, autork\u0105 powie\u015bci \u201eDalia\u201d. Czytelnicy, kt\u00f3rzy tego dnia odwiedzili bibliotek\u0119, mieli okazj\u0119 nie tylko pos\u0142ucha\u0107&#46;&#46;&#46;","_links":{"self":[{"href":"http:\/\/biblioteka-milicz.pl\/index.php\/wp-json\/wp\/v2\/posts\/5949","targetHints":{"allow":["GET"]}}],"collection":[{"href":"http:\/\/biblioteka-milicz.pl\/index.php\/wp-json\/wp\/v2\/posts"}],"about":[{"href":"http:\/\/biblioteka-milicz.pl\/index.php\/wp-json\/wp\/v2\/types\/post"}],"author":[{"embeddable":true,"href":"http:\/\/biblioteka-milicz.pl\/index.php\/wp-json\/wp\/v2\/users\/2"}],"replies":[{"embeddable":true,"href":"http:\/\/biblioteka-milicz.pl\/index.php\/wp-json\/wp\/v2\/comments?post=5949"}],"version-history":[{"count":1,"href":"http:\/\/biblioteka-milicz.pl\/index.php\/wp-json\/wp\/v2\/posts\/5949\/revisions"}],"predecessor-version":[{"id":5955,"href":"http:\/\/biblioteka-milicz.pl\/index.php\/wp-json\/wp\/v2\/posts\/5949\/revisions\/5955"}],"wp:featuredmedia":[{"embeddable":true,"href":"http:\/\/biblioteka-milicz.pl\/index.php\/wp-json\/wp\/v2\/media\/5954"}],"wp:attachment":[{"href":"http:\/\/biblioteka-milicz.pl\/index.php\/wp-json\/wp\/v2\/media?parent=5949"}],"wp:term":[{"taxonomy":"category","embeddable":true,"href":"http:\/\/biblioteka-milicz.pl\/index.php\/wp-json\/wp\/v2\/categories?post=5949"},{"taxonomy":"post_tag","embeddable":true,"href":"http:\/\/biblioteka-milicz.pl\/index.php\/wp-json\/wp\/v2\/tags?post=5949"}],"curies":[{"name":"wp","href":"https:\/\/api.w.org\/{rel}","templated":true}]}}