{"id":5941,"date":"2025-05-16T12:31:52","date_gmt":"2025-05-16T10:31:52","guid":{"rendered":"https:\/\/biblioteka-milicz.pl\/?p=5941"},"modified":"2025-06-11T12:40:27","modified_gmt":"2025-06-11T10:40:27","slug":"spotkanie-autorskie-z-patrycja-dzien","status":"publish","type":"post","link":"http:\/\/biblioteka-milicz.pl\/index.php\/2025\/05\/16\/spotkanie-autorskie-z-patrycja-dzien\/","title":{"rendered":"Spotkanie autorskie z Patrycj\u0105 Dzie\u0144"},"content":{"rendered":"\n<p>W czwartek, 15 maja, w ramach Tygodnia Bibliotek, filia biblioteczna w Su\u0142owie go\u015bci\u0142a <strong>Patrycj\u0119 Dzie\u0144<\/strong>, autork\u0119 powie\u015bci <em>\u201eDalia\u201d<\/em>. Tego popo\u0142udnia czytelnia zamieni\u0142a si\u0119 w kameraln\u0105, przytuln\u0105 przestrze\u0144 \u2013 niemal jak literacka kawiarenka \u2013 idealn\u0105 do rozm\u00f3w o ksi\u0105\u017ckach, pisaniu i pasjach.<\/p>\n\n\n\n<p>Spotkanie mia\u0142o bardzo swobodny i otwarty charakter. Autorka nie ograniczy\u0142a si\u0119 do klasycznego wyst\u0105pienia \u2013 z rado\u015bci\u0105 wchodzi\u0142a w dialog z publiczno\u015bci\u0105, kt\u00f3ra ch\u0119tnie dzieli\u0142a si\u0119 swoimi przemy\u015bleniami i pytaniami.<\/p>\n\n\n\n<p>Rozmowa dotyczy\u0142a zar\u00f3wno fabu\u0142y powie\u015bci <em>\u201eDalia\u201d<\/em>, jak i procesu tw\u00f3rczego, drogi do wydania ksi\u0105\u017cki, a tak\u017ce reali\u00f3w promowania debiutanckiej literatury. Uczestnicy mieli okazj\u0119 pozna\u0107 kulisy pracy autorki, a tak\u017ce dowiedzie\u0107 si\u0119, jak wygl\u0105da wsp\u00f3\u0142czesna \u015bcie\u017cka debiutanta w \u015bwiecie literackim.<\/p>\n\n\n\n<p>Dzi\u0119kujemy Patrycji Dzie\u0144 za obecno\u015b\u0107, otwarto\u015b\u0107 i inspiruj\u0105c\u0105 rozmow\u0119. Mamy nadziej\u0119, \u017ce to nie ostatnia wizyta autorki w naszej bibliotece!<\/p>\n\n\n\n<figure class=\"wp-block-gallery has-nested-images columns-default is-cropped wp-block-gallery-1 is-layout-flex wp-block-gallery-is-layout-flex\">\n<figure class=\"wp-block-image size-large\"><img loading=\"lazy\" decoding=\"async\" width=\"1024\" height=\"768\" data-id=\"5945\" src=\"https:\/\/biblioteka-milicz.pl\/wp-content\/uploads\/2025\/06\/497600128_1097210262444958_3551820212164291314_n-1024x768.jpg\" alt=\"\" class=\"wp-image-5945\" srcset=\"http:\/\/biblioteka-milicz.pl\/wp-content\/uploads\/2025\/06\/497600128_1097210262444958_3551820212164291314_n-1024x768.jpg 1024w, http:\/\/biblioteka-milicz.pl\/wp-content\/uploads\/2025\/06\/497600128_1097210262444958_3551820212164291314_n-300x225.jpg 300w, http:\/\/biblioteka-milicz.pl\/wp-content\/uploads\/2025\/06\/497600128_1097210262444958_3551820212164291314_n-768x576.jpg 768w, http:\/\/biblioteka-milicz.pl\/wp-content\/uploads\/2025\/06\/497600128_1097210262444958_3551820212164291314_n-1536x1152.jpg 1536w, http:\/\/biblioteka-milicz.pl\/wp-content\/uploads\/2025\/06\/497600128_1097210262444958_3551820212164291314_n.jpg 2048w\" sizes=\"auto, (max-width: 1024px) 100vw, 1024px\" \/><\/figure>\n\n\n\n<figure class=\"wp-block-image size-large\"><img loading=\"lazy\" decoding=\"async\" width=\"1024\" height=\"768\" data-id=\"5942\" src=\"https:\/\/biblioteka-milicz.pl\/wp-content\/uploads\/2025\/06\/dalia-1024x768.jpg\" alt=\"\" class=\"wp-image-5942\" srcset=\"http:\/\/biblioteka-milicz.pl\/wp-content\/uploads\/2025\/06\/dalia-1024x768.jpg 1024w, http:\/\/biblioteka-milicz.pl\/wp-content\/uploads\/2025\/06\/dalia-300x225.jpg 300w, http:\/\/biblioteka-milicz.pl\/wp-content\/uploads\/2025\/06\/dalia-768x576.jpg 768w, http:\/\/biblioteka-milicz.pl\/wp-content\/uploads\/2025\/06\/dalia.jpg 1536w\" sizes=\"auto, (max-width: 1024px) 100vw, 1024px\" \/><\/figure>\n\n\n\n<figure class=\"wp-block-image size-large\"><img loading=\"lazy\" decoding=\"async\" width=\"1024\" height=\"768\" data-id=\"5946\" src=\"https:\/\/biblioteka-milicz.pl\/wp-content\/uploads\/2025\/06\/497857563_1097210385778279_4486743183802704170_n-1024x768.jpg\" alt=\"\" class=\"wp-image-5946\" srcset=\"http:\/\/biblioteka-milicz.pl\/wp-content\/uploads\/2025\/06\/497857563_1097210385778279_4486743183802704170_n-1024x768.jpg 1024w, http:\/\/biblioteka-milicz.pl\/wp-content\/uploads\/2025\/06\/497857563_1097210385778279_4486743183802704170_n-300x225.jpg 300w, http:\/\/biblioteka-milicz.pl\/wp-content\/uploads\/2025\/06\/497857563_1097210385778279_4486743183802704170_n-768x576.jpg 768w, http:\/\/biblioteka-milicz.pl\/wp-content\/uploads\/2025\/06\/497857563_1097210385778279_4486743183802704170_n-1536x1152.jpg 1536w, http:\/\/biblioteka-milicz.pl\/wp-content\/uploads\/2025\/06\/497857563_1097210385778279_4486743183802704170_n.jpg 2048w\" sizes=\"auto, (max-width: 1024px) 100vw, 1024px\" \/><\/figure>\n\n\n\n<figure class=\"wp-block-image size-large\"><img loading=\"lazy\" decoding=\"async\" width=\"768\" height=\"1024\" data-id=\"5947\" src=\"https:\/\/biblioteka-milicz.pl\/wp-content\/uploads\/2025\/06\/497602865_1097210115778306_6696827416594128722_n-768x1024.jpg\" alt=\"\" class=\"wp-image-5947\" srcset=\"http:\/\/biblioteka-milicz.pl\/wp-content\/uploads\/2025\/06\/497602865_1097210115778306_6696827416594128722_n-768x1024.jpg 768w, http:\/\/biblioteka-milicz.pl\/wp-content\/uploads\/2025\/06\/497602865_1097210115778306_6696827416594128722_n-225x300.jpg 225w, http:\/\/biblioteka-milicz.pl\/wp-content\/uploads\/2025\/06\/497602865_1097210115778306_6696827416594128722_n-1152x1536.jpg 1152w, http:\/\/biblioteka-milicz.pl\/wp-content\/uploads\/2025\/06\/497602865_1097210115778306_6696827416594128722_n.jpg 1536w\" sizes=\"auto, (max-width: 768px) 100vw, 768px\" \/><\/figure>\n<\/figure>\n","protected":false},"excerpt":{"rendered":"<p>W czwartek, 15 maja, w ramach Tygodnia Bibliotek, filia biblioteczna w Su\u0142owie go\u015bci\u0142a Patrycj\u0119 Dzie\u0144, autork\u0119 powie\u015bci \u201eDalia\u201d. Tego popo\u0142udnia czytelnia zamieni\u0142a si\u0119 w kameraln\u0105, przytuln\u0105 przestrze\u0144 \u2013 niemal jak literacka kawiarenka \u2013 idealn\u0105&#46;&#46;&#46;<\/p>\n","protected":false},"author":2,"featured_media":5942,"comment_status":"closed","ping_status":"closed","sticky":false,"template":"","format":"standard","meta":{"_uag_custom_page_level_css":"","footnotes":""},"categories":[3],"tags":[],"class_list":["post-5941","post","type-post","status-publish","format-standard","has-post-thumbnail","hentry","category-aktualnosci"],"uagb_featured_image_src":{"full":["http:\/\/biblioteka-milicz.pl\/wp-content\/uploads\/2025\/06\/dalia.jpg",1536,1152,false],"thumbnail":["http:\/\/biblioteka-milicz.pl\/wp-content\/uploads\/2025\/06\/dalia-150x150.jpg",150,150,true],"medium":["http:\/\/biblioteka-milicz.pl\/wp-content\/uploads\/2025\/06\/dalia-300x225.jpg",300,225,true],"medium_large":["http:\/\/biblioteka-milicz.pl\/wp-content\/uploads\/2025\/06\/dalia-768x576.jpg",768,576,true],"large":["http:\/\/biblioteka-milicz.pl\/wp-content\/uploads\/2025\/06\/dalia-1024x768.jpg",1024,768,true],"1536x1536":["http:\/\/biblioteka-milicz.pl\/wp-content\/uploads\/2025\/06\/dalia.jpg",1536,1152,false],"2048x2048":["http:\/\/biblioteka-milicz.pl\/wp-content\/uploads\/2025\/06\/dalia.jpg",1536,1152,false],"thumb-small":["http:\/\/biblioteka-milicz.pl\/wp-content\/uploads\/2025\/06\/dalia-80x80.jpg",80,80,true],"thumb-standard":["http:\/\/biblioteka-milicz.pl\/wp-content\/uploads\/2025\/06\/dalia-320x320.jpg",320,320,true],"thumb-medium":["http:\/\/biblioteka-milicz.pl\/wp-content\/uploads\/2025\/06\/dalia-520x245.jpg",520,245,true],"thumb-large":["http:\/\/biblioteka-milicz.pl\/wp-content\/uploads\/2025\/06\/dalia-720x340.jpg",720,340,true],"thumb-xlarge":["http:\/\/biblioteka-milicz.pl\/wp-content\/uploads\/2025\/06\/dalia-980x450.jpg",980,450,true],"thumb-xxlarge":["http:\/\/biblioteka-milicz.pl\/wp-content\/uploads\/2025\/06\/dalia-1320x500.jpg",1320,500,true]},"uagb_author_info":{"display_name":"Marlena Grodzi\u0144ska","author_link":"http:\/\/biblioteka-milicz.pl\/index.php\/author\/marlena\/"},"uagb_comment_info":0,"uagb_excerpt":"W czwartek, 15 maja, w ramach Tygodnia Bibliotek, filia biblioteczna w Su\u0142owie go\u015bci\u0142a Patrycj\u0119 Dzie\u0144, autork\u0119 powie\u015bci \u201eDalia\u201d. Tego popo\u0142udnia czytelnia zamieni\u0142a si\u0119 w kameraln\u0105, przytuln\u0105 przestrze\u0144 \u2013 niemal jak literacka kawiarenka \u2013 idealn\u0105&#46;&#46;&#46;","_links":{"self":[{"href":"http:\/\/biblioteka-milicz.pl\/index.php\/wp-json\/wp\/v2\/posts\/5941","targetHints":{"allow":["GET"]}}],"collection":[{"href":"http:\/\/biblioteka-milicz.pl\/index.php\/wp-json\/wp\/v2\/posts"}],"about":[{"href":"http:\/\/biblioteka-milicz.pl\/index.php\/wp-json\/wp\/v2\/types\/post"}],"author":[{"embeddable":true,"href":"http:\/\/biblioteka-milicz.pl\/index.php\/wp-json\/wp\/v2\/users\/2"}],"replies":[{"embeddable":true,"href":"http:\/\/biblioteka-milicz.pl\/index.php\/wp-json\/wp\/v2\/comments?post=5941"}],"version-history":[{"count":1,"href":"http:\/\/biblioteka-milicz.pl\/index.php\/wp-json\/wp\/v2\/posts\/5941\/revisions"}],"predecessor-version":[{"id":5948,"href":"http:\/\/biblioteka-milicz.pl\/index.php\/wp-json\/wp\/v2\/posts\/5941\/revisions\/5948"}],"wp:featuredmedia":[{"embeddable":true,"href":"http:\/\/biblioteka-milicz.pl\/index.php\/wp-json\/wp\/v2\/media\/5942"}],"wp:attachment":[{"href":"http:\/\/biblioteka-milicz.pl\/index.php\/wp-json\/wp\/v2\/media?parent=5941"}],"wp:term":[{"taxonomy":"category","embeddable":true,"href":"http:\/\/biblioteka-milicz.pl\/index.php\/wp-json\/wp\/v2\/categories?post=5941"},{"taxonomy":"post_tag","embeddable":true,"href":"http:\/\/biblioteka-milicz.pl\/index.php\/wp-json\/wp\/v2\/tags?post=5941"}],"curies":[{"name":"wp","href":"https:\/\/api.w.org\/{rel}","templated":true}]}}