{"id":5933,"date":"2025-05-16T12:19:19","date_gmt":"2025-05-16T10:19:19","guid":{"rendered":"https:\/\/biblioteka-milicz.pl\/?p=5933"},"modified":"2025-06-11T12:23:43","modified_gmt":"2025-06-11T10:23:43","slug":"magiczne-zakonczenie-tygodnia-bibliotek-w-sulowie","status":"publish","type":"post","link":"http:\/\/biblioteka-milicz.pl\/index.php\/2025\/05\/16\/magiczne-zakonczenie-tygodnia-bibliotek-w-sulowie\/","title":{"rendered":"Magiczne zako\u0144czenie Tygodnia Bibliotek w Su\u0142owie"},"content":{"rendered":"\n<p>Zwie\u0144czeniem tegorocznych obchod\u00f3w <strong>Tygodnia Bibliotek<\/strong> w filii bibliotecznej w Su\u0142owie by\u0142 wyj\u0105tkowy spektakl teatralny w wykonaniu aktor\u00f3w krakowskiego teatru <strong>Krak-Art<\/strong>. Dzieci mia\u0142y okazj\u0119 obejrze\u0107 pe\u0142n\u0105 przyg\u00f3d i pozytywnego przes\u0142ania sztuk\u0119 pt. <em>\u201eKsi\u0119ga marze\u0144\u201d<\/em>.<\/p>\n\n\n\n<p>Tego dnia sala widowiskowa w Su\u0142owie wype\u0142ni\u0142a si\u0119 po brzegi najm\u0142odsz\u0105 publiczno\u015bci\u0105. W\u015br\u00f3d dzieci da\u0142o si\u0119 wyczu\u0107 ekscytacj\u0119 i niecierpliwo\u015b\u0107 w oczekiwaniu na rozpocz\u0119cie spektaklu. Gdy tylko zgas\u0142y \u015bwiat\u0142a, zapad\u0142a cisza, a magia teatru zacz\u0119\u0142a dzia\u0142a\u0107.<\/p>\n\n\n\n<p>Spektakl przeni\u00f3s\u0142 widz\u00f3w do \u015bwiata wyobra\u017ani i marze\u0144, gdzie g\u0142\u00f3wni bohaterowie \u2013 Zosia i Feliks \u2013 pokazali, jak wa\u017cna jest odwaga, wiara w siebie oraz si\u0142a marze\u0144. Dzieci reagowa\u0142y \u017cywo i z entuzjazmem na rozwijaj\u0105c\u0105 si\u0119 akcj\u0119, a niekt\u00f3re z nich mia\u0142y nawet okazj\u0119 pojawi\u0107 si\u0119 na scenie i na chwil\u0119 poczu\u0107 si\u0119 jak prawdziwi aktorzy.<\/p>\n\n\n\n<p>Wyst\u0119p zako\u0144czy\u0142 si\u0119 gromkimi brawami, kt\u00f3re by\u0142y najlepszym dowodem na to, jak bardzo spektakl spodoba\u0142 si\u0119 m\u0142odej publiczno\u015bci.<\/p>\n\n\n\n<p>Dzi\u0119kujemy Teatrowi Krak-Art za pi\u0119kne zako\u0144czenie Tygodnia Bibliotek w Su\u0142owie i niezapomniane emocje, jakie przynios\u0142a <em>\u201eKsi\u0119ga marze\u0144\u201d<\/em>.<\/p>\n\n\n\n<figure class=\"wp-block-gallery has-nested-images columns-default is-cropped wp-block-gallery-1 is-layout-flex wp-block-gallery-is-layout-flex\">\n<figure class=\"wp-block-image size-large\"><img loading=\"lazy\" decoding=\"async\" width=\"768\" height=\"1024\" data-id=\"5934\" src=\"https:\/\/biblioteka-milicz.pl\/wp-content\/uploads\/2025\/06\/497518919_1097244315774886_8027215937816320799_n-768x1024.jpg\" alt=\"\" class=\"wp-image-5934\" srcset=\"http:\/\/biblioteka-milicz.pl\/wp-content\/uploads\/2025\/06\/497518919_1097244315774886_8027215937816320799_n-768x1024.jpg 768w, http:\/\/biblioteka-milicz.pl\/wp-content\/uploads\/2025\/06\/497518919_1097244315774886_8027215937816320799_n-225x300.jpg 225w, http:\/\/biblioteka-milicz.pl\/wp-content\/uploads\/2025\/06\/497518919_1097244315774886_8027215937816320799_n-1152x1536.jpg 1152w, http:\/\/biblioteka-milicz.pl\/wp-content\/uploads\/2025\/06\/497518919_1097244315774886_8027215937816320799_n.jpg 1536w\" sizes=\"auto, (max-width: 768px) 100vw, 768px\" \/><\/figure>\n\n\n\n<figure class=\"wp-block-image size-large\"><img loading=\"lazy\" decoding=\"async\" width=\"768\" height=\"1024\" data-id=\"5939\" src=\"https:\/\/biblioteka-milicz.pl\/wp-content\/uploads\/2025\/06\/497822685_1097244055774912_5868674741984114242_n-768x1024.jpg\" alt=\"\" class=\"wp-image-5939\" srcset=\"http:\/\/biblioteka-milicz.pl\/wp-content\/uploads\/2025\/06\/497822685_1097244055774912_5868674741984114242_n-768x1024.jpg 768w, http:\/\/biblioteka-milicz.pl\/wp-content\/uploads\/2025\/06\/497822685_1097244055774912_5868674741984114242_n-225x300.jpg 225w, http:\/\/biblioteka-milicz.pl\/wp-content\/uploads\/2025\/06\/497822685_1097244055774912_5868674741984114242_n-1152x1536.jpg 1152w, http:\/\/biblioteka-milicz.pl\/wp-content\/uploads\/2025\/06\/497822685_1097244055774912_5868674741984114242_n.jpg 1536w\" sizes=\"auto, (max-width: 768px) 100vw, 768px\" \/><\/figure>\n\n\n\n<figure class=\"wp-block-image size-large\"><img loading=\"lazy\" decoding=\"async\" width=\"768\" height=\"1024\" data-id=\"5936\" src=\"https:\/\/biblioteka-milicz.pl\/wp-content\/uploads\/2025\/06\/499244824_1097244155774902_3470451784363848612_n-768x1024.jpg\" alt=\"\" class=\"wp-image-5936\" srcset=\"http:\/\/biblioteka-milicz.pl\/wp-content\/uploads\/2025\/06\/499244824_1097244155774902_3470451784363848612_n-768x1024.jpg 768w, http:\/\/biblioteka-milicz.pl\/wp-content\/uploads\/2025\/06\/499244824_1097244155774902_3470451784363848612_n-225x300.jpg 225w, http:\/\/biblioteka-milicz.pl\/wp-content\/uploads\/2025\/06\/499244824_1097244155774902_3470451784363848612_n-1152x1536.jpg 1152w, http:\/\/biblioteka-milicz.pl\/wp-content\/uploads\/2025\/06\/499244824_1097244155774902_3470451784363848612_n.jpg 1536w\" sizes=\"auto, (max-width: 768px) 100vw, 768px\" \/><\/figure>\n\n\n\n<figure class=\"wp-block-image size-large\"><img loading=\"lazy\" decoding=\"async\" width=\"1024\" height=\"768\" data-id=\"5937\" src=\"https:\/\/biblioteka-milicz.pl\/wp-content\/uploads\/2025\/06\/498329950_1097243812441603_6354540476061262281_n-1024x768.jpg\" alt=\"\" class=\"wp-image-5937\" srcset=\"http:\/\/biblioteka-milicz.pl\/wp-content\/uploads\/2025\/06\/498329950_1097243812441603_6354540476061262281_n-1024x768.jpg 1024w, http:\/\/biblioteka-milicz.pl\/wp-content\/uploads\/2025\/06\/498329950_1097243812441603_6354540476061262281_n-300x225.jpg 300w, http:\/\/biblioteka-milicz.pl\/wp-content\/uploads\/2025\/06\/498329950_1097243812441603_6354540476061262281_n-768x576.jpg 768w, http:\/\/biblioteka-milicz.pl\/wp-content\/uploads\/2025\/06\/498329950_1097243812441603_6354540476061262281_n-1536x1152.jpg 1536w, http:\/\/biblioteka-milicz.pl\/wp-content\/uploads\/2025\/06\/498329950_1097243812441603_6354540476061262281_n.jpg 2048w\" sizes=\"auto, (max-width: 1024px) 100vw, 1024px\" \/><\/figure>\n\n\n\n<figure class=\"wp-block-image size-large\"><img loading=\"lazy\" decoding=\"async\" width=\"1024\" height=\"768\" data-id=\"5935\" src=\"https:\/\/biblioteka-milicz.pl\/wp-content\/uploads\/2025\/06\/497642853_1097243935774924_8835361559942815505_n-1024x768.jpg\" alt=\"\" class=\"wp-image-5935\" srcset=\"http:\/\/biblioteka-milicz.pl\/wp-content\/uploads\/2025\/06\/497642853_1097243935774924_8835361559942815505_n-1024x768.jpg 1024w, http:\/\/biblioteka-milicz.pl\/wp-content\/uploads\/2025\/06\/497642853_1097243935774924_8835361559942815505_n-300x225.jpg 300w, http:\/\/biblioteka-milicz.pl\/wp-content\/uploads\/2025\/06\/497642853_1097243935774924_8835361559942815505_n-768x576.jpg 768w, http:\/\/biblioteka-milicz.pl\/wp-content\/uploads\/2025\/06\/497642853_1097243935774924_8835361559942815505_n-1536x1152.jpg 1536w, http:\/\/biblioteka-milicz.pl\/wp-content\/uploads\/2025\/06\/497642853_1097243935774924_8835361559942815505_n.jpg 2048w\" sizes=\"auto, (max-width: 1024px) 100vw, 1024px\" \/><\/figure>\n\n\n\n<figure class=\"wp-block-image size-large\"><img loading=\"lazy\" decoding=\"async\" width=\"1024\" height=\"768\" data-id=\"5938\" src=\"https:\/\/biblioteka-milicz.pl\/wp-content\/uploads\/2025\/06\/499407174_1097244355774882_6182156588452123737_n-1024x768.jpg\" alt=\"\" class=\"wp-image-5938\" srcset=\"http:\/\/biblioteka-milicz.pl\/wp-content\/uploads\/2025\/06\/499407174_1097244355774882_6182156588452123737_n-1024x768.jpg 1024w, http:\/\/biblioteka-milicz.pl\/wp-content\/uploads\/2025\/06\/499407174_1097244355774882_6182156588452123737_n-300x225.jpg 300w, http:\/\/biblioteka-milicz.pl\/wp-content\/uploads\/2025\/06\/499407174_1097244355774882_6182156588452123737_n-768x576.jpg 768w, http:\/\/biblioteka-milicz.pl\/wp-content\/uploads\/2025\/06\/499407174_1097244355774882_6182156588452123737_n-1536x1152.jpg 1536w, http:\/\/biblioteka-milicz.pl\/wp-content\/uploads\/2025\/06\/499407174_1097244355774882_6182156588452123737_n.jpg 2048w\" sizes=\"auto, (max-width: 1024px) 100vw, 1024px\" \/><\/figure>\n<\/figure>\n","protected":false},"excerpt":{"rendered":"<p>Zwie\u0144czeniem tegorocznych obchod\u00f3w Tygodnia Bibliotek w filii bibliotecznej w Su\u0142owie by\u0142 wyj\u0105tkowy spektakl teatralny w wykonaniu aktor\u00f3w krakowskiego teatru Krak-Art. Dzieci mia\u0142y okazj\u0119 obejrze\u0107 pe\u0142n\u0105 przyg\u00f3d i pozytywnego przes\u0142ania sztuk\u0119 pt. \u201eKsi\u0119ga marze\u0144\u201d. Tego&#46;&#46;&#46;<\/p>\n","protected":false},"author":2,"featured_media":5938,"comment_status":"closed","ping_status":"closed","sticky":false,"template":"","format":"standard","meta":{"_uag_custom_page_level_css":"","footnotes":""},"categories":[3],"tags":[],"class_list":["post-5933","post","type-post","status-publish","format-standard","has-post-thumbnail","hentry","category-aktualnosci"],"uagb_featured_image_src":{"full":["http:\/\/biblioteka-milicz.pl\/wp-content\/uploads\/2025\/06\/499407174_1097244355774882_6182156588452123737_n.jpg",2048,1536,false],"thumbnail":["http:\/\/biblioteka-milicz.pl\/wp-content\/uploads\/2025\/06\/499407174_1097244355774882_6182156588452123737_n-150x150.jpg",150,150,true],"medium":["http:\/\/biblioteka-milicz.pl\/wp-content\/uploads\/2025\/06\/499407174_1097244355774882_6182156588452123737_n-300x225.jpg",300,225,true],"medium_large":["http:\/\/biblioteka-milicz.pl\/wp-content\/uploads\/2025\/06\/499407174_1097244355774882_6182156588452123737_n-768x576.jpg",768,576,true],"large":["http:\/\/biblioteka-milicz.pl\/wp-content\/uploads\/2025\/06\/499407174_1097244355774882_6182156588452123737_n-1024x768.jpg",1024,768,true],"1536x1536":["http:\/\/biblioteka-milicz.pl\/wp-content\/uploads\/2025\/06\/499407174_1097244355774882_6182156588452123737_n-1536x1152.jpg",1536,1152,true],"2048x2048":["http:\/\/biblioteka-milicz.pl\/wp-content\/uploads\/2025\/06\/499407174_1097244355774882_6182156588452123737_n.jpg",2048,1536,false],"thumb-small":["http:\/\/biblioteka-milicz.pl\/wp-content\/uploads\/2025\/06\/499407174_1097244355774882_6182156588452123737_n-80x80.jpg",80,80,true],"thumb-standard":["http:\/\/biblioteka-milicz.pl\/wp-content\/uploads\/2025\/06\/499407174_1097244355774882_6182156588452123737_n-320x320.jpg",320,320,true],"thumb-medium":["http:\/\/biblioteka-milicz.pl\/wp-content\/uploads\/2025\/06\/499407174_1097244355774882_6182156588452123737_n-520x245.jpg",520,245,true],"thumb-large":["http:\/\/biblioteka-milicz.pl\/wp-content\/uploads\/2025\/06\/499407174_1097244355774882_6182156588452123737_n-720x340.jpg",720,340,true],"thumb-xlarge":["http:\/\/biblioteka-milicz.pl\/wp-content\/uploads\/2025\/06\/499407174_1097244355774882_6182156588452123737_n-980x450.jpg",980,450,true],"thumb-xxlarge":["http:\/\/biblioteka-milicz.pl\/wp-content\/uploads\/2025\/06\/499407174_1097244355774882_6182156588452123737_n-1320x500.jpg",1320,500,true]},"uagb_author_info":{"display_name":"Marlena Grodzi\u0144ska","author_link":"http:\/\/biblioteka-milicz.pl\/index.php\/author\/marlena\/"},"uagb_comment_info":0,"uagb_excerpt":"Zwie\u0144czeniem tegorocznych obchod\u00f3w Tygodnia Bibliotek w filii bibliotecznej w Su\u0142owie by\u0142 wyj\u0105tkowy spektakl teatralny w wykonaniu aktor\u00f3w krakowskiego teatru Krak-Art. Dzieci mia\u0142y okazj\u0119 obejrze\u0107 pe\u0142n\u0105 przyg\u00f3d i pozytywnego przes\u0142ania sztuk\u0119 pt. \u201eKsi\u0119ga marze\u0144\u201d. Tego&#46;&#46;&#46;","_links":{"self":[{"href":"http:\/\/biblioteka-milicz.pl\/index.php\/wp-json\/wp\/v2\/posts\/5933","targetHints":{"allow":["GET"]}}],"collection":[{"href":"http:\/\/biblioteka-milicz.pl\/index.php\/wp-json\/wp\/v2\/posts"}],"about":[{"href":"http:\/\/biblioteka-milicz.pl\/index.php\/wp-json\/wp\/v2\/types\/post"}],"author":[{"embeddable":true,"href":"http:\/\/biblioteka-milicz.pl\/index.php\/wp-json\/wp\/v2\/users\/2"}],"replies":[{"embeddable":true,"href":"http:\/\/biblioteka-milicz.pl\/index.php\/wp-json\/wp\/v2\/comments?post=5933"}],"version-history":[{"count":1,"href":"http:\/\/biblioteka-milicz.pl\/index.php\/wp-json\/wp\/v2\/posts\/5933\/revisions"}],"predecessor-version":[{"id":5940,"href":"http:\/\/biblioteka-milicz.pl\/index.php\/wp-json\/wp\/v2\/posts\/5933\/revisions\/5940"}],"wp:featuredmedia":[{"embeddable":true,"href":"http:\/\/biblioteka-milicz.pl\/index.php\/wp-json\/wp\/v2\/media\/5938"}],"wp:attachment":[{"href":"http:\/\/biblioteka-milicz.pl\/index.php\/wp-json\/wp\/v2\/media?parent=5933"}],"wp:term":[{"taxonomy":"category","embeddable":true,"href":"http:\/\/biblioteka-milicz.pl\/index.php\/wp-json\/wp\/v2\/categories?post=5933"},{"taxonomy":"post_tag","embeddable":true,"href":"http:\/\/biblioteka-milicz.pl\/index.php\/wp-json\/wp\/v2\/tags?post=5933"}],"curies":[{"name":"wp","href":"https:\/\/api.w.org\/{rel}","templated":true}]}}