{"id":592,"date":"2019-07-30T13:09:00","date_gmt":"2019-07-30T11:09:00","guid":{"rendered":"http:\/\/biblioteka-milicz.pl\/?p=592"},"modified":"2022-03-13T19:50:25","modified_gmt":"2022-03-13T18:50:25","slug":"kredkowy-deszcz","status":"publish","type":"post","link":"http:\/\/biblioteka-milicz.pl\/index.php\/2019\/07\/30\/kredkowy-deszcz\/","title":{"rendered":"Kredkowy deszcz"},"content":{"rendered":"\n<p>Kolejnego dnia wakacyjnych zaj\u0119\u0107 nasi mali czytelnicy zapoznali si\u0119 inn\u0105 sztuk\u0105 tworzenia obraz\u00f3w, tym razem przy pomocy roztapianych \u015bwiecowych kredek. Po wybraniu obrazka, wyci\u0119ciu go i przyklejeniu na kartk\u0119 trzeba by\u0142o ozdobi\u0107 go kolorowymi kredkami, jednak dopiero ich rozpuszczenie dawa\u0142o najlepszy efekt, kiedy to kredki sp\u0142ywa\u0142y po kartce tworz\u0105c wzory, kt\u00f3re wygl\u0105da\u0142y jak kolorowy deszcz.<\/p>\n\n\n\n<figure class=\"wp-block-gallery has-nested-images columns-default is-cropped wp-block-gallery-1 is-layout-flex wp-block-gallery-is-layout-flex\">\n<figure class=\"wp-block-image size-large\"><img loading=\"lazy\" decoding=\"async\" width=\"960\" height=\"480\" data-id=\"2277\" src=\"http:\/\/biblioteka-milicz.pl\/wp-content\/uploads\/2022\/03\/67452211_912295665786558_4952075637062893568_n-1.jpg\" alt=\"\" class=\"wp-image-2277\" srcset=\"http:\/\/biblioteka-milicz.pl\/wp-content\/uploads\/2022\/03\/67452211_912295665786558_4952075637062893568_n-1.jpg 960w, http:\/\/biblioteka-milicz.pl\/wp-content\/uploads\/2022\/03\/67452211_912295665786558_4952075637062893568_n-1-300x150.jpg 300w, http:\/\/biblioteka-milicz.pl\/wp-content\/uploads\/2022\/03\/67452211_912295665786558_4952075637062893568_n-1-768x384.jpg 768w\" sizes=\"auto, (max-width: 960px) 100vw, 960px\" \/><\/figure>\n\n\n\n<figure class=\"wp-block-image size-full\"><img loading=\"lazy\" decoding=\"async\" width=\"540\" height=\"960\" data-id=\"2279\" src=\"http:\/\/biblioteka-milicz.pl\/wp-content\/uploads\/2022\/03\/67747593_912295552453236_7293585772689489920_n.jpg\" alt=\"\" class=\"wp-image-2279\" srcset=\"http:\/\/biblioteka-milicz.pl\/wp-content\/uploads\/2022\/03\/67747593_912295552453236_7293585772689489920_n.jpg 540w, http:\/\/biblioteka-milicz.pl\/wp-content\/uploads\/2022\/03\/67747593_912295552453236_7293585772689489920_n-169x300.jpg 169w\" sizes=\"auto, (max-width: 540px) 100vw, 540px\" \/><\/figure>\n\n\n\n<figure class=\"wp-block-image size-full\"><img loading=\"lazy\" decoding=\"async\" width=\"540\" height=\"960\" data-id=\"2279\" src=\"http:\/\/biblioteka-milicz.pl\/wp-content\/uploads\/2022\/03\/67747593_912295552453236_7293585772689489920_n.jpg\" alt=\"\" class=\"wp-image-2279\" srcset=\"http:\/\/biblioteka-milicz.pl\/wp-content\/uploads\/2022\/03\/67747593_912295552453236_7293585772689489920_n.jpg 540w, http:\/\/biblioteka-milicz.pl\/wp-content\/uploads\/2022\/03\/67747593_912295552453236_7293585772689489920_n-169x300.jpg 169w\" sizes=\"auto, (max-width: 540px) 100vw, 540px\" \/><\/figure>\n\n\n\n<figure class=\"wp-block-image size-full\"><img loading=\"lazy\" decoding=\"async\" width=\"750\" height=\"422\" data-id=\"2273\" src=\"http:\/\/biblioteka-milicz.pl\/wp-content\/uploads\/2022\/03\/67617509_912295525786572_3845480328315535360_n.jpg\" alt=\"\" class=\"wp-image-2273\" srcset=\"http:\/\/biblioteka-milicz.pl\/wp-content\/uploads\/2022\/03\/67617509_912295525786572_3845480328315535360_n.jpg 750w, http:\/\/biblioteka-milicz.pl\/wp-content\/uploads\/2022\/03\/67617509_912295525786572_3845480328315535360_n-300x169.jpg 300w\" sizes=\"auto, (max-width: 750px) 100vw, 750px\" \/><\/figure>\n\n\n\n<figure class=\"wp-block-image size-full\"><img loading=\"lazy\" decoding=\"async\" width=\"540\" height=\"960\" data-id=\"2279\" src=\"http:\/\/biblioteka-milicz.pl\/wp-content\/uploads\/2022\/03\/67747593_912295552453236_7293585772689489920_n.jpg\" alt=\"\" class=\"wp-image-2279\" srcset=\"http:\/\/biblioteka-milicz.pl\/wp-content\/uploads\/2022\/03\/67747593_912295552453236_7293585772689489920_n.jpg 540w, http:\/\/biblioteka-milicz.pl\/wp-content\/uploads\/2022\/03\/67747593_912295552453236_7293585772689489920_n-169x300.jpg 169w\" sizes=\"auto, (max-width: 540px) 100vw, 540px\" \/><\/figure>\n\n\n\n<figure class=\"wp-block-image size-full\"><img loading=\"lazy\" decoding=\"async\" width=\"540\" height=\"960\" data-id=\"2279\" src=\"http:\/\/biblioteka-milicz.pl\/wp-content\/uploads\/2022\/03\/67747593_912295552453236_7293585772689489920_n.jpg\" alt=\"\" class=\"wp-image-2279\" srcset=\"http:\/\/biblioteka-milicz.pl\/wp-content\/uploads\/2022\/03\/67747593_912295552453236_7293585772689489920_n.jpg 540w, http:\/\/biblioteka-milicz.pl\/wp-content\/uploads\/2022\/03\/67747593_912295552453236_7293585772689489920_n-169x300.jpg 169w\" sizes=\"auto, (max-width: 540px) 100vw, 540px\" \/><\/figure>\n\n\n\n<figure class=\"wp-block-image\"><img decoding=\"async\" src=\"blob:http:\/\/biblioteka-milicz.pl\/34f154da-cd05-49ae-993d-92a5c76b8e95\" alt=\"\"\/><\/figure>\n<\/figure>\n","protected":false},"excerpt":{"rendered":"<p>Kolejnego dnia wakacyjnych zaj\u0119\u0107 nasi mali czytelnicy zapoznali si\u0119 inn\u0105 sztuk\u0105 tworzenia obraz\u00f3w, tym razem przy pomocy roztapianych \u015bwiecowych kredek. Po wybraniu obrazka, wyci\u0119ciu go i przyklejeniu na kartk\u0119 trzeba by\u0142o ozdobi\u0107 go kolorowymi&#46;&#46;&#46;<\/p>\n","protected":false},"author":1,"featured_media":593,"comment_status":"closed","ping_status":"open","sticky":false,"template":"","format":"standard","meta":{"_uag_custom_page_level_css":"","footnotes":""},"categories":[3],"tags":[],"class_list":["post-592","post","type-post","status-publish","format-standard","has-post-thumbnail","hentry","category-aktualnosci"],"uagb_featured_image_src":{"full":["http:\/\/biblioteka-milicz.pl\/wp-content\/uploads\/2022\/03\/67452211_912295665786558_4952075637062893568_n.jpg",960,480,false],"thumbnail":["http:\/\/biblioteka-milicz.pl\/wp-content\/uploads\/2022\/03\/67452211_912295665786558_4952075637062893568_n-150x150.jpg",150,150,true],"medium":["http:\/\/biblioteka-milicz.pl\/wp-content\/uploads\/2022\/03\/67452211_912295665786558_4952075637062893568_n-300x150.jpg",300,150,true],"medium_large":["http:\/\/biblioteka-milicz.pl\/wp-content\/uploads\/2022\/03\/67452211_912295665786558_4952075637062893568_n-768x384.jpg",768,384,true],"large":["http:\/\/biblioteka-milicz.pl\/wp-content\/uploads\/2022\/03\/67452211_912295665786558_4952075637062893568_n.jpg",960,480,false],"1536x1536":["http:\/\/biblioteka-milicz.pl\/wp-content\/uploads\/2022\/03\/67452211_912295665786558_4952075637062893568_n.jpg",960,480,false],"2048x2048":["http:\/\/biblioteka-milicz.pl\/wp-content\/uploads\/2022\/03\/67452211_912295665786558_4952075637062893568_n.jpg",960,480,false],"thumb-small":["http:\/\/biblioteka-milicz.pl\/wp-content\/uploads\/2022\/03\/67452211_912295665786558_4952075637062893568_n-80x80.jpg",80,80,true],"thumb-standard":["http:\/\/biblioteka-milicz.pl\/wp-content\/uploads\/2022\/03\/67452211_912295665786558_4952075637062893568_n-320x320.jpg",320,320,true],"thumb-medium":["http:\/\/biblioteka-milicz.pl\/wp-content\/uploads\/2022\/03\/67452211_912295665786558_4952075637062893568_n-520x245.jpg",520,245,true],"thumb-large":["http:\/\/biblioteka-milicz.pl\/wp-content\/uploads\/2022\/03\/67452211_912295665786558_4952075637062893568_n-720x340.jpg",720,340,true],"thumb-xlarge":["http:\/\/biblioteka-milicz.pl\/wp-content\/uploads\/2022\/03\/67452211_912295665786558_4952075637062893568_n-960x450.jpg",960,450,true],"thumb-xxlarge":["http:\/\/biblioteka-milicz.pl\/wp-content\/uploads\/2022\/03\/67452211_912295665786558_4952075637062893568_n.jpg",960,480,false]},"uagb_author_info":{"display_name":"admin","author_link":"http:\/\/biblioteka-milicz.pl\/index.php\/author\/admin\/"},"uagb_comment_info":0,"uagb_excerpt":"Kolejnego dnia wakacyjnych zaj\u0119\u0107 nasi mali czytelnicy zapoznali si\u0119 inn\u0105 sztuk\u0105 tworzenia obraz\u00f3w, tym razem przy pomocy roztapianych \u015bwiecowych kredek. Po wybraniu obrazka, wyci\u0119ciu go i przyklejeniu na kartk\u0119 trzeba by\u0142o ozdobi\u0107 go kolorowymi&#46;&#46;&#46;","_links":{"self":[{"href":"http:\/\/biblioteka-milicz.pl\/index.php\/wp-json\/wp\/v2\/posts\/592","targetHints":{"allow":["GET"]}}],"collection":[{"href":"http:\/\/biblioteka-milicz.pl\/index.php\/wp-json\/wp\/v2\/posts"}],"about":[{"href":"http:\/\/biblioteka-milicz.pl\/index.php\/wp-json\/wp\/v2\/types\/post"}],"author":[{"embeddable":true,"href":"http:\/\/biblioteka-milicz.pl\/index.php\/wp-json\/wp\/v2\/users\/1"}],"replies":[{"embeddable":true,"href":"http:\/\/biblioteka-milicz.pl\/index.php\/wp-json\/wp\/v2\/comments?post=592"}],"version-history":[{"count":2,"href":"http:\/\/biblioteka-milicz.pl\/index.php\/wp-json\/wp\/v2\/posts\/592\/revisions"}],"predecessor-version":[{"id":2281,"href":"http:\/\/biblioteka-milicz.pl\/index.php\/wp-json\/wp\/v2\/posts\/592\/revisions\/2281"}],"wp:featuredmedia":[{"embeddable":true,"href":"http:\/\/biblioteka-milicz.pl\/index.php\/wp-json\/wp\/v2\/media\/593"}],"wp:attachment":[{"href":"http:\/\/biblioteka-milicz.pl\/index.php\/wp-json\/wp\/v2\/media?parent=592"}],"wp:term":[{"taxonomy":"category","embeddable":true,"href":"http:\/\/biblioteka-milicz.pl\/index.php\/wp-json\/wp\/v2\/categories?post=592"},{"taxonomy":"post_tag","embeddable":true,"href":"http:\/\/biblioteka-milicz.pl\/index.php\/wp-json\/wp\/v2\/tags?post=592"}],"curies":[{"name":"wp","href":"https:\/\/api.w.org\/{rel}","templated":true}]}}