{"id":568,"date":"2019-08-28T13:02:00","date_gmt":"2019-08-28T11:02:00","guid":{"rendered":"http:\/\/biblioteka-milicz.pl\/?p=568"},"modified":"2022-03-13T19:06:48","modified_gmt":"2022-03-13T18:06:48","slug":"zajecia-na-swiezym-powietrzu","status":"publish","type":"post","link":"http:\/\/biblioteka-milicz.pl\/index.php\/2019\/08\/28\/zajecia-na-swiezym-powietrzu\/","title":{"rendered":"Zaj\u0119cia na \u015bwie\u017cym powietrzu"},"content":{"rendered":"\n<p>Wakacje ju\u017c zbli\u017caj\u0105 si\u0119 do ko\u0144ca, ale pogoda wci\u0105\u017c rozpieszcza nas s\u0142o\u0144cem i ciep\u0142em. Aby wykorzysta\u0107 ten letni czas swobody, w Su\u0142owie, O\u015brodek Kultury i Biblioteka zorganizowa\u0142y dla dzieci dwudniowe zaj\u0119cia w plenerze. Dzisiaj za\u017cywali\u015bmy ruchu w pi\u0119knym otoczeniu przyrody. By\u0142y gry i zabawy zespo\u0142owe, du\u017co emocji i du\u017co \u015bmiechu. A na koniec symboliczne nagrody dla wszystkich zawodnik\u00f3w.<\/p>\n\n\n\n<figure class=\"wp-block-gallery has-nested-images columns-default is-cropped wp-block-gallery-1 is-layout-flex wp-block-gallery-is-layout-flex\">\n<figure class=\"wp-block-image size-large\"><img loading=\"lazy\" decoding=\"async\" width=\"540\" height=\"960\" data-id=\"2190\" src=\"http:\/\/biblioteka-milicz.pl\/wp-content\/uploads\/2022\/03\/69097094_931491627200295_2832215998940053504_n.jpg\" alt=\"\" class=\"wp-image-2190\" srcset=\"http:\/\/biblioteka-milicz.pl\/wp-content\/uploads\/2022\/03\/69097094_931491627200295_2832215998940053504_n.jpg 540w, http:\/\/biblioteka-milicz.pl\/wp-content\/uploads\/2022\/03\/69097094_931491627200295_2832215998940053504_n-169x300.jpg 169w\" sizes=\"auto, (max-width: 540px) 100vw, 540px\" \/><\/figure>\n\n\n\n<figure class=\"wp-block-image size-large\"><img loading=\"lazy\" decoding=\"async\" width=\"960\" height=\"540\" data-id=\"2192\" src=\"http:\/\/biblioteka-milicz.pl\/wp-content\/uploads\/2022\/03\/69103269_931491700533621_7175003400684175360_n.jpg\" alt=\"\" class=\"wp-image-2192\" srcset=\"http:\/\/biblioteka-milicz.pl\/wp-content\/uploads\/2022\/03\/69103269_931491700533621_7175003400684175360_n.jpg 960w, http:\/\/biblioteka-milicz.pl\/wp-content\/uploads\/2022\/03\/69103269_931491700533621_7175003400684175360_n-300x169.jpg 300w, http:\/\/biblioteka-milicz.pl\/wp-content\/uploads\/2022\/03\/69103269_931491700533621_7175003400684175360_n-768x432.jpg 768w\" sizes=\"auto, (max-width: 960px) 100vw, 960px\" \/><\/figure>\n\n\n\n<figure class=\"wp-block-image size-large\"><img loading=\"lazy\" decoding=\"async\" width=\"960\" height=\"540\" data-id=\"2189\" src=\"http:\/\/biblioteka-milicz.pl\/wp-content\/uploads\/2022\/03\/69111739_931491673866957_8962288877670760448_n.jpg\" alt=\"\" class=\"wp-image-2189\" srcset=\"http:\/\/biblioteka-milicz.pl\/wp-content\/uploads\/2022\/03\/69111739_931491673866957_8962288877670760448_n.jpg 960w, http:\/\/biblioteka-milicz.pl\/wp-content\/uploads\/2022\/03\/69111739_931491673866957_8962288877670760448_n-300x169.jpg 300w, http:\/\/biblioteka-milicz.pl\/wp-content\/uploads\/2022\/03\/69111739_931491673866957_8962288877670760448_n-768x432.jpg 768w\" sizes=\"auto, (max-width: 960px) 100vw, 960px\" \/><\/figure>\n\n\n\n<figure class=\"wp-block-image size-large\"><img loading=\"lazy\" decoding=\"async\" width=\"960\" height=\"720\" data-id=\"2191\" src=\"http:\/\/biblioteka-milicz.pl\/wp-content\/uploads\/2022\/03\/69263773_931491797200278_4354974706453970944_n.jpg\" alt=\"\" class=\"wp-image-2191\" srcset=\"http:\/\/biblioteka-milicz.pl\/wp-content\/uploads\/2022\/03\/69263773_931491797200278_4354974706453970944_n.jpg 960w, http:\/\/biblioteka-milicz.pl\/wp-content\/uploads\/2022\/03\/69263773_931491797200278_4354974706453970944_n-300x225.jpg 300w, http:\/\/biblioteka-milicz.pl\/wp-content\/uploads\/2022\/03\/69263773_931491797200278_4354974706453970944_n-768x576.jpg 768w\" sizes=\"auto, (max-width: 960px) 100vw, 960px\" \/><\/figure>\n\n\n\n<figure class=\"wp-block-image size-large\"><img loading=\"lazy\" decoding=\"async\" width=\"540\" height=\"960\" data-id=\"2193\" src=\"http:\/\/biblioteka-milicz.pl\/wp-content\/uploads\/2022\/03\/69483695_931491713866953_5511763919305179136_n.jpg\" alt=\"\" class=\"wp-image-2193\" srcset=\"http:\/\/biblioteka-milicz.pl\/wp-content\/uploads\/2022\/03\/69483695_931491713866953_5511763919305179136_n.jpg 540w, http:\/\/biblioteka-milicz.pl\/wp-content\/uploads\/2022\/03\/69483695_931491713866953_5511763919305179136_n-169x300.jpg 169w\" sizes=\"auto, (max-width: 540px) 100vw, 540px\" \/><\/figure>\n\n\n\n<figure class=\"wp-block-image size-large\"><img loading=\"lazy\" decoding=\"async\" width=\"750\" height=\"422\" data-id=\"2188\" src=\"http:\/\/biblioteka-milicz.pl\/wp-content\/uploads\/2022\/03\/69520286_931491600533631_5604760449573715968_n-1.jpg\" alt=\"\" class=\"wp-image-2188\" srcset=\"http:\/\/biblioteka-milicz.pl\/wp-content\/uploads\/2022\/03\/69520286_931491600533631_5604760449573715968_n-1.jpg 750w, http:\/\/biblioteka-milicz.pl\/wp-content\/uploads\/2022\/03\/69520286_931491600533631_5604760449573715968_n-1-300x169.jpg 300w\" sizes=\"auto, (max-width: 750px) 100vw, 750px\" \/><\/figure>\n\n\n\n<figure class=\"wp-block-image size-large\"><img loading=\"lazy\" decoding=\"async\" width=\"540\" height=\"960\" data-id=\"2194\" src=\"http:\/\/biblioteka-milicz.pl\/wp-content\/uploads\/2022\/03\/69664190_931491683866956_1565856578320465920_n.jpg\" alt=\"\" class=\"wp-image-2194\" srcset=\"http:\/\/biblioteka-milicz.pl\/wp-content\/uploads\/2022\/03\/69664190_931491683866956_1565856578320465920_n.jpg 540w, http:\/\/biblioteka-milicz.pl\/wp-content\/uploads\/2022\/03\/69664190_931491683866956_1565856578320465920_n-169x300.jpg 169w\" sizes=\"auto, (max-width: 540px) 100vw, 540px\" \/><\/figure>\n<\/figure>\n","protected":false},"excerpt":{"rendered":"<p>Wakacje ju\u017c zbli\u017caj\u0105 si\u0119 do ko\u0144ca, ale pogoda wci\u0105\u017c rozpieszcza nas s\u0142o\u0144cem i ciep\u0142em. Aby wykorzysta\u0107 ten letni czas swobody, w Su\u0142owie, O\u015brodek Kultury i Biblioteka zorganizowa\u0142y dla dzieci dwudniowe zaj\u0119cia w plenerze. Dzisiaj&#46;&#46;&#46;<\/p>\n","protected":false},"author":1,"featured_media":569,"comment_status":"closed","ping_status":"open","sticky":false,"template":"","format":"standard","meta":{"_uag_custom_page_level_css":"","footnotes":""},"categories":[3],"tags":[],"class_list":["post-568","post","type-post","status-publish","format-standard","has-post-thumbnail","hentry","category-aktualnosci"],"uagb_featured_image_src":{"full":["http:\/\/biblioteka-milicz.pl\/wp-content\/uploads\/2022\/03\/69520286_931491600533631_5604760449573715968_n.jpg",750,422,false],"thumbnail":["http:\/\/biblioteka-milicz.pl\/wp-content\/uploads\/2022\/03\/69520286_931491600533631_5604760449573715968_n-150x150.jpg",150,150,true],"medium":["http:\/\/biblioteka-milicz.pl\/wp-content\/uploads\/2022\/03\/69520286_931491600533631_5604760449573715968_n-300x169.jpg",300,169,true],"medium_large":["http:\/\/biblioteka-milicz.pl\/wp-content\/uploads\/2022\/03\/69520286_931491600533631_5604760449573715968_n.jpg",750,422,false],"large":["http:\/\/biblioteka-milicz.pl\/wp-content\/uploads\/2022\/03\/69520286_931491600533631_5604760449573715968_n.jpg",750,422,false],"1536x1536":["http:\/\/biblioteka-milicz.pl\/wp-content\/uploads\/2022\/03\/69520286_931491600533631_5604760449573715968_n.jpg",750,422,false],"2048x2048":["http:\/\/biblioteka-milicz.pl\/wp-content\/uploads\/2022\/03\/69520286_931491600533631_5604760449573715968_n.jpg",750,422,false],"thumb-small":["http:\/\/biblioteka-milicz.pl\/wp-content\/uploads\/2022\/03\/69520286_931491600533631_5604760449573715968_n-80x80.jpg",80,80,true],"thumb-standard":["http:\/\/biblioteka-milicz.pl\/wp-content\/uploads\/2022\/03\/69520286_931491600533631_5604760449573715968_n-320x320.jpg",320,320,true],"thumb-medium":["http:\/\/biblioteka-milicz.pl\/wp-content\/uploads\/2022\/03\/69520286_931491600533631_5604760449573715968_n-520x245.jpg",520,245,true],"thumb-large":["http:\/\/biblioteka-milicz.pl\/wp-content\/uploads\/2022\/03\/69520286_931491600533631_5604760449573715968_n-720x340.jpg",720,340,true],"thumb-xlarge":["http:\/\/biblioteka-milicz.pl\/wp-content\/uploads\/2022\/03\/69520286_931491600533631_5604760449573715968_n.jpg",750,422,false],"thumb-xxlarge":["http:\/\/biblioteka-milicz.pl\/wp-content\/uploads\/2022\/03\/69520286_931491600533631_5604760449573715968_n.jpg",750,422,false]},"uagb_author_info":{"display_name":"admin","author_link":"http:\/\/biblioteka-milicz.pl\/index.php\/author\/admin\/"},"uagb_comment_info":0,"uagb_excerpt":"Wakacje ju\u017c zbli\u017caj\u0105 si\u0119 do ko\u0144ca, ale pogoda wci\u0105\u017c rozpieszcza nas s\u0142o\u0144cem i ciep\u0142em. Aby wykorzysta\u0107 ten letni czas swobody, w Su\u0142owie, O\u015brodek Kultury i Biblioteka zorganizowa\u0142y dla dzieci dwudniowe zaj\u0119cia w plenerze. Dzisiaj&#46;&#46;&#46;","_links":{"self":[{"href":"http:\/\/biblioteka-milicz.pl\/index.php\/wp-json\/wp\/v2\/posts\/568","targetHints":{"allow":["GET"]}}],"collection":[{"href":"http:\/\/biblioteka-milicz.pl\/index.php\/wp-json\/wp\/v2\/posts"}],"about":[{"href":"http:\/\/biblioteka-milicz.pl\/index.php\/wp-json\/wp\/v2\/types\/post"}],"author":[{"embeddable":true,"href":"http:\/\/biblioteka-milicz.pl\/index.php\/wp-json\/wp\/v2\/users\/1"}],"replies":[{"embeddable":true,"href":"http:\/\/biblioteka-milicz.pl\/index.php\/wp-json\/wp\/v2\/comments?post=568"}],"version-history":[{"count":2,"href":"http:\/\/biblioteka-milicz.pl\/index.php\/wp-json\/wp\/v2\/posts\/568\/revisions"}],"predecessor-version":[{"id":2195,"href":"http:\/\/biblioteka-milicz.pl\/index.php\/wp-json\/wp\/v2\/posts\/568\/revisions\/2195"}],"wp:featuredmedia":[{"embeddable":true,"href":"http:\/\/biblioteka-milicz.pl\/index.php\/wp-json\/wp\/v2\/media\/569"}],"wp:attachment":[{"href":"http:\/\/biblioteka-milicz.pl\/index.php\/wp-json\/wp\/v2\/media?parent=568"}],"wp:term":[{"taxonomy":"category","embeddable":true,"href":"http:\/\/biblioteka-milicz.pl\/index.php\/wp-json\/wp\/v2\/categories?post=568"},{"taxonomy":"post_tag","embeddable":true,"href":"http:\/\/biblioteka-milicz.pl\/index.php\/wp-json\/wp\/v2\/tags?post=568"}],"curies":[{"name":"wp","href":"https:\/\/api.w.org\/{rel}","templated":true}]}}