{"id":4555,"date":"2023-05-08T10:10:38","date_gmt":"2023-05-08T08:10:38","guid":{"rendered":"https:\/\/biblioteka-milicz.pl\/?p=4555"},"modified":"2023-06-28T10:26:01","modified_gmt":"2023-06-28T08:26:01","slug":"po-nitce-do-klebka","status":"publish","type":"post","link":"http:\/\/biblioteka-milicz.pl\/index.php\/2023\/05\/08\/po-nitce-do-klebka\/","title":{"rendered":"&#8222;Po nitce do k\u0142\u0119bka&#8221;"},"content":{"rendered":"\n<p>W poniedzia\u0142kowy poranek, 8 maja m\u0142odzi Czytelnicy naszej biblioteki uczestniczyli w spotkaniu autorskim, z Pani\u0105 Urszul\u0105 Ewertowsk\u0105, mieszkank\u0105 gminy milickiej, autork\u0105 ksi\u0105\u017cek dla dzieci i m\u0142odzie\u017cy.<\/p>\n\n\n\n<p>&#8222;Po nitce do k\u0142\u0119bka&#8221; &#8211; tak brzmia\u0142 tajemniczy temat przewodni spotkania. Rozmawiali\u015bmy o marzeniach, kt\u00f3re ka\u017cdy z nas powinien mie\u0107 i wsp\u00f3lnie doszli\u015bmy do wniosku, \u017ce nale\u017cy robi\u0107 wszystko, aby si\u0119 zi\u015bci\u0142y.  Temat ciekawy, intryguj\u0105cy i na pewno dociekliwy.<\/p>\n\n\n\n<p>Pani Ula przytoczy\u0142a wiele ciekawych wspomnie\u0144 ze swojego \u017cyciorysu oraz historii zwi\u0105zanych ze zbieraniem materia\u0142\u00f3w do tworzenia swoich powie\u015bci. Ksi\u0105\u017cka &#8222;Moja Wyspa Bali&#8221; to pe\u0142na ciep\u0142a i humoru wakacyjna opowie\u015b\u0107 o tw\u00f3rczej wyobra\u017ani grupy dzieci, mi\u0119dzy kt\u00f3rymi, mimo wielkich r\u00f3\u017cnic charakteru, panuje przyja\u017a\u0144. To drogowskaz do dobrej zabawy. To \u015bci\u0105ga dobrych pomys\u0142\u00f3w, by wolny czas sp\u0119dzi\u0107 na \u015bwie\u017cym powietrzu, graj\u0105c w &#8222;desk\u0119&#8221; czy &#8222;wy\u015bcig pokoju&#8221;. Zach\u0119ca do wyj\u015bcia z domu, do zabaw bez telefon\u00f3w i laptop\u00f3w.<\/p>\n\n\n\n<p>Urszula Ewertowska &#8211;  konsultant ds. edukacji wczesnoszkolnej w PCEiK w Ole\u015bnicy. Wyk\u0142adowca akademicki. Szkolny Organizator Rozwoju Edukacji. Certyfikowany coach. Autorka ksi\u0105\u017cek dla dzieci i m\u0142odzie\u017cy.<\/p>\n\n\n\n<p>W spotkaniu uczestniczyli uczniowie kl. III a i b ze Szko\u0142y Podstawowej im. Miko\u0142aja Kopernika w Miliczu. <\/p>\n\n\n\n<figure class=\"wp-block-gallery has-nested-images columns-default is-cropped wp-block-gallery-1 is-layout-flex wp-block-gallery-is-layout-flex\">\n<figure class=\"wp-block-image size-large\"><img loading=\"lazy\" decoding=\"async\" width=\"1024\" height=\"768\" data-id=\"4557\" src=\"https:\/\/biblioteka-milicz.pl\/wp-content\/uploads\/2023\/06\/345437752_1887626371592804_6393481004634733684_n-1024x768.jpg\" alt=\"\" class=\"wp-image-4557\" srcset=\"http:\/\/biblioteka-milicz.pl\/wp-content\/uploads\/2023\/06\/345437752_1887626371592804_6393481004634733684_n-1024x768.jpg 1024w, http:\/\/biblioteka-milicz.pl\/wp-content\/uploads\/2023\/06\/345437752_1887626371592804_6393481004634733684_n-300x225.jpg 300w, http:\/\/biblioteka-milicz.pl\/wp-content\/uploads\/2023\/06\/345437752_1887626371592804_6393481004634733684_n-768x576.jpg 768w, http:\/\/biblioteka-milicz.pl\/wp-content\/uploads\/2023\/06\/345437752_1887626371592804_6393481004634733684_n-1536x1152.jpg 1536w, http:\/\/biblioteka-milicz.pl\/wp-content\/uploads\/2023\/06\/345437752_1887626371592804_6393481004634733684_n.jpg 2048w\" sizes=\"auto, (max-width: 1024px) 100vw, 1024px\" \/><\/figure>\n\n\n\n<figure class=\"wp-block-image size-large\"><img loading=\"lazy\" decoding=\"async\" width=\"1024\" height=\"768\" data-id=\"4559\" src=\"https:\/\/biblioteka-milicz.pl\/wp-content\/uploads\/2023\/06\/345445005_932115598036517_252807781841979213_n-1024x768.jpg\" alt=\"\" class=\"wp-image-4559\" srcset=\"http:\/\/biblioteka-milicz.pl\/wp-content\/uploads\/2023\/06\/345445005_932115598036517_252807781841979213_n-1024x768.jpg 1024w, http:\/\/biblioteka-milicz.pl\/wp-content\/uploads\/2023\/06\/345445005_932115598036517_252807781841979213_n-300x225.jpg 300w, http:\/\/biblioteka-milicz.pl\/wp-content\/uploads\/2023\/06\/345445005_932115598036517_252807781841979213_n-768x576.jpg 768w, http:\/\/biblioteka-milicz.pl\/wp-content\/uploads\/2023\/06\/345445005_932115598036517_252807781841979213_n-1536x1152.jpg 1536w, http:\/\/biblioteka-milicz.pl\/wp-content\/uploads\/2023\/06\/345445005_932115598036517_252807781841979213_n.jpg 2048w\" sizes=\"auto, (max-width: 1024px) 100vw, 1024px\" \/><\/figure>\n\n\n\n<figure class=\"wp-block-image size-large\"><img loading=\"lazy\" decoding=\"async\" width=\"1024\" height=\"768\" data-id=\"4563\" src=\"https:\/\/biblioteka-milicz.pl\/wp-content\/uploads\/2023\/06\/345446532_812221413795749_3018524243507311230_n-1024x768.jpg\" alt=\"\" class=\"wp-image-4563\" srcset=\"http:\/\/biblioteka-milicz.pl\/wp-content\/uploads\/2023\/06\/345446532_812221413795749_3018524243507311230_n-1024x768.jpg 1024w, http:\/\/biblioteka-milicz.pl\/wp-content\/uploads\/2023\/06\/345446532_812221413795749_3018524243507311230_n-300x225.jpg 300w, http:\/\/biblioteka-milicz.pl\/wp-content\/uploads\/2023\/06\/345446532_812221413795749_3018524243507311230_n-768x576.jpg 768w, http:\/\/biblioteka-milicz.pl\/wp-content\/uploads\/2023\/06\/345446532_812221413795749_3018524243507311230_n-1536x1152.jpg 1536w, http:\/\/biblioteka-milicz.pl\/wp-content\/uploads\/2023\/06\/345446532_812221413795749_3018524243507311230_n.jpg 2048w\" sizes=\"auto, (max-width: 1024px) 100vw, 1024px\" \/><\/figure>\n\n\n\n<figure class=\"wp-block-image size-large\"><img loading=\"lazy\" decoding=\"async\" width=\"1024\" height=\"768\" data-id=\"4562\" src=\"https:\/\/biblioteka-milicz.pl\/wp-content\/uploads\/2023\/06\/345451209_195426563376192_624293433615316991_n-1024x768.jpg\" alt=\"\" class=\"wp-image-4562\" srcset=\"http:\/\/biblioteka-milicz.pl\/wp-content\/uploads\/2023\/06\/345451209_195426563376192_624293433615316991_n-1024x768.jpg 1024w, http:\/\/biblioteka-milicz.pl\/wp-content\/uploads\/2023\/06\/345451209_195426563376192_624293433615316991_n-300x225.jpg 300w, http:\/\/biblioteka-milicz.pl\/wp-content\/uploads\/2023\/06\/345451209_195426563376192_624293433615316991_n-768x576.jpg 768w, http:\/\/biblioteka-milicz.pl\/wp-content\/uploads\/2023\/06\/345451209_195426563376192_624293433615316991_n-1536x1152.jpg 1536w, http:\/\/biblioteka-milicz.pl\/wp-content\/uploads\/2023\/06\/345451209_195426563376192_624293433615316991_n.jpg 2048w\" sizes=\"auto, (max-width: 1024px) 100vw, 1024px\" \/><\/figure>\n\n\n\n<figure class=\"wp-block-image size-large\"><img loading=\"lazy\" decoding=\"async\" width=\"1024\" height=\"768\" data-id=\"4561\" src=\"https:\/\/biblioteka-milicz.pl\/wp-content\/uploads\/2023\/06\/345632386_1230540181157610_8334459627100078605_n-1024x768.jpg\" alt=\"\" class=\"wp-image-4561\" srcset=\"http:\/\/biblioteka-milicz.pl\/wp-content\/uploads\/2023\/06\/345632386_1230540181157610_8334459627100078605_n-1024x768.jpg 1024w, http:\/\/biblioteka-milicz.pl\/wp-content\/uploads\/2023\/06\/345632386_1230540181157610_8334459627100078605_n-300x225.jpg 300w, http:\/\/biblioteka-milicz.pl\/wp-content\/uploads\/2023\/06\/345632386_1230540181157610_8334459627100078605_n-768x576.jpg 768w, http:\/\/biblioteka-milicz.pl\/wp-content\/uploads\/2023\/06\/345632386_1230540181157610_8334459627100078605_n-1536x1152.jpg 1536w, http:\/\/biblioteka-milicz.pl\/wp-content\/uploads\/2023\/06\/345632386_1230540181157610_8334459627100078605_n.jpg 2048w\" sizes=\"auto, (max-width: 1024px) 100vw, 1024px\" \/><\/figure>\n\n\n\n<figure class=\"wp-block-image size-large\"><img loading=\"lazy\" decoding=\"async\" width=\"1024\" height=\"768\" data-id=\"4560\" src=\"https:\/\/biblioteka-milicz.pl\/wp-content\/uploads\/2023\/06\/345657031_1419078325571525_3166509397777186707_n-1024x768.jpg\" alt=\"\" class=\"wp-image-4560\" srcset=\"http:\/\/biblioteka-milicz.pl\/wp-content\/uploads\/2023\/06\/345657031_1419078325571525_3166509397777186707_n-1024x768.jpg 1024w, http:\/\/biblioteka-milicz.pl\/wp-content\/uploads\/2023\/06\/345657031_1419078325571525_3166509397777186707_n-300x225.jpg 300w, http:\/\/biblioteka-milicz.pl\/wp-content\/uploads\/2023\/06\/345657031_1419078325571525_3166509397777186707_n-768x576.jpg 768w, http:\/\/biblioteka-milicz.pl\/wp-content\/uploads\/2023\/06\/345657031_1419078325571525_3166509397777186707_n-1536x1152.jpg 1536w, http:\/\/biblioteka-milicz.pl\/wp-content\/uploads\/2023\/06\/345657031_1419078325571525_3166509397777186707_n.jpg 2048w\" sizes=\"auto, (max-width: 1024px) 100vw, 1024px\" \/><\/figure>\n\n\n\n<figure class=\"wp-block-image size-large\"><img loading=\"lazy\" decoding=\"async\" width=\"768\" height=\"1024\" data-id=\"4558\" src=\"https:\/\/biblioteka-milicz.pl\/wp-content\/uploads\/2023\/06\/345437246_636800134980414_3210306289548825133_n-768x1024.jpg\" alt=\"\" class=\"wp-image-4558\" srcset=\"http:\/\/biblioteka-milicz.pl\/wp-content\/uploads\/2023\/06\/345437246_636800134980414_3210306289548825133_n-768x1024.jpg 768w, http:\/\/biblioteka-milicz.pl\/wp-content\/uploads\/2023\/06\/345437246_636800134980414_3210306289548825133_n-225x300.jpg 225w, http:\/\/biblioteka-milicz.pl\/wp-content\/uploads\/2023\/06\/345437246_636800134980414_3210306289548825133_n-1152x1536.jpg 1152w, http:\/\/biblioteka-milicz.pl\/wp-content\/uploads\/2023\/06\/345437246_636800134980414_3210306289548825133_n.jpg 1536w\" sizes=\"auto, (max-width: 768px) 100vw, 768px\" \/><\/figure>\n\n\n\n<figure class=\"wp-block-image size-large\"><img loading=\"lazy\" decoding=\"async\" width=\"1024\" height=\"984\" data-id=\"4564\" src=\"https:\/\/biblioteka-milicz.pl\/wp-content\/uploads\/2023\/06\/345664558_754090849527395_6396695578493842175_n-1024x984.jpg\" alt=\"\" class=\"wp-image-4564\" srcset=\"http:\/\/biblioteka-milicz.pl\/wp-content\/uploads\/2023\/06\/345664558_754090849527395_6396695578493842175_n-1024x984.jpg 1024w, http:\/\/biblioteka-milicz.pl\/wp-content\/uploads\/2023\/06\/345664558_754090849527395_6396695578493842175_n-300x288.jpg 300w, http:\/\/biblioteka-milicz.pl\/wp-content\/uploads\/2023\/06\/345664558_754090849527395_6396695578493842175_n-768x738.jpg 768w, http:\/\/biblioteka-milicz.pl\/wp-content\/uploads\/2023\/06\/345664558_754090849527395_6396695578493842175_n-1536x1476.jpg 1536w, http:\/\/biblioteka-milicz.pl\/wp-content\/uploads\/2023\/06\/345664558_754090849527395_6396695578493842175_n.jpg 2048w\" sizes=\"auto, (max-width: 1024px) 100vw, 1024px\" \/><\/figure>\n<\/figure>\n","protected":false},"excerpt":{"rendered":"<p>W poniedzia\u0142kowy poranek, 8 maja m\u0142odzi Czytelnicy naszej biblioteki uczestniczyli w spotkaniu autorskim, z Pani\u0105 Urszul\u0105 Ewertowsk\u0105, mieszkank\u0105 gminy milickiej, autork\u0105 ksi\u0105\u017cek dla dzieci i m\u0142odzie\u017cy. &#8222;Po nitce do k\u0142\u0119bka&#8221; &#8211; tak brzmia\u0142 tajemniczy&#46;&#46;&#46;<\/p>\n","protected":false},"author":2,"featured_media":4562,"comment_status":"closed","ping_status":"closed","sticky":false,"template":"","format":"standard","meta":{"_uag_custom_page_level_css":"","footnotes":""},"categories":[3],"tags":[],"class_list":["post-4555","post","type-post","status-publish","format-standard","has-post-thumbnail","hentry","category-aktualnosci"],"uagb_featured_image_src":{"full":["http:\/\/biblioteka-milicz.pl\/wp-content\/uploads\/2023\/06\/345451209_195426563376192_624293433615316991_n.jpg",2048,1536,false],"thumbnail":["http:\/\/biblioteka-milicz.pl\/wp-content\/uploads\/2023\/06\/345451209_195426563376192_624293433615316991_n-150x150.jpg",150,150,true],"medium":["http:\/\/biblioteka-milicz.pl\/wp-content\/uploads\/2023\/06\/345451209_195426563376192_624293433615316991_n-300x225.jpg",300,225,true],"medium_large":["http:\/\/biblioteka-milicz.pl\/wp-content\/uploads\/2023\/06\/345451209_195426563376192_624293433615316991_n-768x576.jpg",768,576,true],"large":["http:\/\/biblioteka-milicz.pl\/wp-content\/uploads\/2023\/06\/345451209_195426563376192_624293433615316991_n-1024x768.jpg",1024,768,true],"1536x1536":["http:\/\/biblioteka-milicz.pl\/wp-content\/uploads\/2023\/06\/345451209_195426563376192_624293433615316991_n-1536x1152.jpg",1536,1152,true],"2048x2048":["http:\/\/biblioteka-milicz.pl\/wp-content\/uploads\/2023\/06\/345451209_195426563376192_624293433615316991_n.jpg",2048,1536,false],"thumb-small":["http:\/\/biblioteka-milicz.pl\/wp-content\/uploads\/2023\/06\/345451209_195426563376192_624293433615316991_n-80x80.jpg",80,80,true],"thumb-standard":["http:\/\/biblioteka-milicz.pl\/wp-content\/uploads\/2023\/06\/345451209_195426563376192_624293433615316991_n-320x320.jpg",320,320,true],"thumb-medium":["http:\/\/biblioteka-milicz.pl\/wp-content\/uploads\/2023\/06\/345451209_195426563376192_624293433615316991_n-520x245.jpg",520,245,true],"thumb-large":["http:\/\/biblioteka-milicz.pl\/wp-content\/uploads\/2023\/06\/345451209_195426563376192_624293433615316991_n-720x340.jpg",720,340,true],"thumb-xlarge":["http:\/\/biblioteka-milicz.pl\/wp-content\/uploads\/2023\/06\/345451209_195426563376192_624293433615316991_n-980x450.jpg",980,450,true],"thumb-xxlarge":["http:\/\/biblioteka-milicz.pl\/wp-content\/uploads\/2023\/06\/345451209_195426563376192_624293433615316991_n-1320x500.jpg",1320,500,true]},"uagb_author_info":{"display_name":"Marlena Grodzi\u0144ska","author_link":"http:\/\/biblioteka-milicz.pl\/index.php\/author\/marlena\/"},"uagb_comment_info":0,"uagb_excerpt":"W poniedzia\u0142kowy poranek, 8 maja m\u0142odzi Czytelnicy naszej biblioteki uczestniczyli w spotkaniu autorskim, z Pani\u0105 Urszul\u0105 Ewertowsk\u0105, mieszkank\u0105 gminy milickiej, autork\u0105 ksi\u0105\u017cek dla dzieci i m\u0142odzie\u017cy. &#8222;Po nitce do k\u0142\u0119bka&#8221; &#8211; tak brzmia\u0142 tajemniczy&#46;&#46;&#46;","_links":{"self":[{"href":"http:\/\/biblioteka-milicz.pl\/index.php\/wp-json\/wp\/v2\/posts\/4555","targetHints":{"allow":["GET"]}}],"collection":[{"href":"http:\/\/biblioteka-milicz.pl\/index.php\/wp-json\/wp\/v2\/posts"}],"about":[{"href":"http:\/\/biblioteka-milicz.pl\/index.php\/wp-json\/wp\/v2\/types\/post"}],"author":[{"embeddable":true,"href":"http:\/\/biblioteka-milicz.pl\/index.php\/wp-json\/wp\/v2\/users\/2"}],"replies":[{"embeddable":true,"href":"http:\/\/biblioteka-milicz.pl\/index.php\/wp-json\/wp\/v2\/comments?post=4555"}],"version-history":[{"count":2,"href":"http:\/\/biblioteka-milicz.pl\/index.php\/wp-json\/wp\/v2\/posts\/4555\/revisions"}],"predecessor-version":[{"id":4565,"href":"http:\/\/biblioteka-milicz.pl\/index.php\/wp-json\/wp\/v2\/posts\/4555\/revisions\/4565"}],"wp:featuredmedia":[{"embeddable":true,"href":"http:\/\/biblioteka-milicz.pl\/index.php\/wp-json\/wp\/v2\/media\/4562"}],"wp:attachment":[{"href":"http:\/\/biblioteka-milicz.pl\/index.php\/wp-json\/wp\/v2\/media?parent=4555"}],"wp:term":[{"taxonomy":"category","embeddable":true,"href":"http:\/\/biblioteka-milicz.pl\/index.php\/wp-json\/wp\/v2\/categories?post=4555"},{"taxonomy":"post_tag","embeddable":true,"href":"http:\/\/biblioteka-milicz.pl\/index.php\/wp-json\/wp\/v2\/tags?post=4555"}],"curies":[{"name":"wp","href":"https:\/\/api.w.org\/{rel}","templated":true}]}}