{"id":4546,"date":"2023-05-06T11:31:53","date_gmt":"2023-05-06T09:31:53","guid":{"rendered":"https:\/\/biblioteka-milicz.pl\/?p=4546"},"modified":"2023-06-27T11:34:38","modified_gmt":"2023-06-27T09:34:38","slug":"tydzien-bibliotek-2023","status":"publish","type":"post","link":"http:\/\/biblioteka-milicz.pl\/index.php\/2023\/05\/06\/tydzien-bibliotek-2023\/","title":{"rendered":"TYDZIE\u0143 BIBLIOTEK 2023"},"content":{"rendered":"\n<p>Co roku Stowarzyszenie Bibliotekarzy Polskich organizuje w dniach 8-15 maja Tydzie\u0144 Bibliotek &#8211; program promocji czytelnictwa i bibliotek.<\/p>\n\n\n\n<p>W Tygodniu Bibliotek uczestniczy tak\u017ce nasza biblioteka.<\/p>\n\n\n\n<p><a><\/a>Jubileuszowa XX edycja og\u00f3lnopolskiej akcji odb\u0119dzie si\u0119 pod has\u0142em \u201eMoja, Twoja, Nasza \u2013 Biblioteka\u201d.<\/p>\n\n\n\n<p><\/p>\n\n\n\n<figure class=\"wp-block-image size-large\"><img loading=\"lazy\" decoding=\"async\" width=\"724\" height=\"1024\" src=\"https:\/\/biblioteka-milicz.pl\/wp-content\/uploads\/2023\/06\/345144491_836651271172278_8569666125383070936_n-724x1024.jpg\" alt=\"\" class=\"wp-image-4547\" srcset=\"http:\/\/biblioteka-milicz.pl\/wp-content\/uploads\/2023\/06\/345144491_836651271172278_8569666125383070936_n-724x1024.jpg 724w, http:\/\/biblioteka-milicz.pl\/wp-content\/uploads\/2023\/06\/345144491_836651271172278_8569666125383070936_n-212x300.jpg 212w, http:\/\/biblioteka-milicz.pl\/wp-content\/uploads\/2023\/06\/345144491_836651271172278_8569666125383070936_n-768x1086.jpg 768w, http:\/\/biblioteka-milicz.pl\/wp-content\/uploads\/2023\/06\/345144491_836651271172278_8569666125383070936_n-1086x1536.jpg 1086w, http:\/\/biblioteka-milicz.pl\/wp-content\/uploads\/2023\/06\/345144491_836651271172278_8569666125383070936_n.jpg 1448w\" sizes=\"auto, (max-width: 724px) 100vw, 724px\" \/><\/figure>\n","protected":false},"excerpt":{"rendered":"<p>Co roku Stowarzyszenie Bibliotekarzy Polskich organizuje w dniach 8-15 maja Tydzie\u0144 Bibliotek &#8211; program promocji czytelnictwa i bibliotek. W Tygodniu Bibliotek uczestniczy tak\u017ce nasza biblioteka. Jubileuszowa XX edycja og\u00f3lnopolskiej akcji odb\u0119dzie si\u0119 pod has\u0142em&#46;&#46;&#46;<\/p>\n","protected":false},"author":2,"featured_media":4547,"comment_status":"closed","ping_status":"closed","sticky":false,"template":"","format":"standard","meta":{"_uag_custom_page_level_css":"","footnotes":""},"categories":[3],"tags":[],"class_list":["post-4546","post","type-post","status-publish","format-standard","has-post-thumbnail","hentry","category-aktualnosci"],"uagb_featured_image_src":{"full":["http:\/\/biblioteka-milicz.pl\/wp-content\/uploads\/2023\/06\/345144491_836651271172278_8569666125383070936_n.jpg",1448,2048,false],"thumbnail":["http:\/\/biblioteka-milicz.pl\/wp-content\/uploads\/2023\/06\/345144491_836651271172278_8569666125383070936_n-150x150.jpg",150,150,true],"medium":["http:\/\/biblioteka-milicz.pl\/wp-content\/uploads\/2023\/06\/345144491_836651271172278_8569666125383070936_n-212x300.jpg",212,300,true],"medium_large":["http:\/\/biblioteka-milicz.pl\/wp-content\/uploads\/2023\/06\/345144491_836651271172278_8569666125383070936_n-768x1086.jpg",768,1086,true],"large":["http:\/\/biblioteka-milicz.pl\/wp-content\/uploads\/2023\/06\/345144491_836651271172278_8569666125383070936_n-724x1024.jpg",724,1024,true],"1536x1536":["http:\/\/biblioteka-milicz.pl\/wp-content\/uploads\/2023\/06\/345144491_836651271172278_8569666125383070936_n-1086x1536.jpg",1086,1536,true],"2048x2048":["http:\/\/biblioteka-milicz.pl\/wp-content\/uploads\/2023\/06\/345144491_836651271172278_8569666125383070936_n.jpg",1448,2048,false],"thumb-small":["http:\/\/biblioteka-milicz.pl\/wp-content\/uploads\/2023\/06\/345144491_836651271172278_8569666125383070936_n-80x80.jpg",80,80,true],"thumb-standard":["http:\/\/biblioteka-milicz.pl\/wp-content\/uploads\/2023\/06\/345144491_836651271172278_8569666125383070936_n-320x320.jpg",320,320,true],"thumb-medium":["http:\/\/biblioteka-milicz.pl\/wp-content\/uploads\/2023\/06\/345144491_836651271172278_8569666125383070936_n-520x245.jpg",520,245,true],"thumb-large":["http:\/\/biblioteka-milicz.pl\/wp-content\/uploads\/2023\/06\/345144491_836651271172278_8569666125383070936_n-720x340.jpg",720,340,true],"thumb-xlarge":["http:\/\/biblioteka-milicz.pl\/wp-content\/uploads\/2023\/06\/345144491_836651271172278_8569666125383070936_n-980x450.jpg",980,450,true],"thumb-xxlarge":["http:\/\/biblioteka-milicz.pl\/wp-content\/uploads\/2023\/06\/345144491_836651271172278_8569666125383070936_n-1320x500.jpg",1320,500,true]},"uagb_author_info":{"display_name":"Marlena Grodzi\u0144ska","author_link":"http:\/\/biblioteka-milicz.pl\/index.php\/author\/marlena\/"},"uagb_comment_info":0,"uagb_excerpt":"Co roku Stowarzyszenie Bibliotekarzy Polskich organizuje w dniach 8-15 maja Tydzie\u0144 Bibliotek &#8211; program promocji czytelnictwa i bibliotek. W Tygodniu Bibliotek uczestniczy tak\u017ce nasza biblioteka. Jubileuszowa XX edycja og\u00f3lnopolskiej akcji odb\u0119dzie si\u0119 pod has\u0142em&#46;&#46;&#46;","_links":{"self":[{"href":"http:\/\/biblioteka-milicz.pl\/index.php\/wp-json\/wp\/v2\/posts\/4546","targetHints":{"allow":["GET"]}}],"collection":[{"href":"http:\/\/biblioteka-milicz.pl\/index.php\/wp-json\/wp\/v2\/posts"}],"about":[{"href":"http:\/\/biblioteka-milicz.pl\/index.php\/wp-json\/wp\/v2\/types\/post"}],"author":[{"embeddable":true,"href":"http:\/\/biblioteka-milicz.pl\/index.php\/wp-json\/wp\/v2\/users\/2"}],"replies":[{"embeddable":true,"href":"http:\/\/biblioteka-milicz.pl\/index.php\/wp-json\/wp\/v2\/comments?post=4546"}],"version-history":[{"count":1,"href":"http:\/\/biblioteka-milicz.pl\/index.php\/wp-json\/wp\/v2\/posts\/4546\/revisions"}],"predecessor-version":[{"id":4548,"href":"http:\/\/biblioteka-milicz.pl\/index.php\/wp-json\/wp\/v2\/posts\/4546\/revisions\/4548"}],"wp:featuredmedia":[{"embeddable":true,"href":"http:\/\/biblioteka-milicz.pl\/index.php\/wp-json\/wp\/v2\/media\/4547"}],"wp:attachment":[{"href":"http:\/\/biblioteka-milicz.pl\/index.php\/wp-json\/wp\/v2\/media?parent=4546"}],"wp:term":[{"taxonomy":"category","embeddable":true,"href":"http:\/\/biblioteka-milicz.pl\/index.php\/wp-json\/wp\/v2\/categories?post=4546"},{"taxonomy":"post_tag","embeddable":true,"href":"http:\/\/biblioteka-milicz.pl\/index.php\/wp-json\/wp\/v2\/tags?post=4546"}],"curies":[{"name":"wp","href":"https:\/\/api.w.org\/{rel}","templated":true}]}}