{"id":4274,"date":"2023-02-10T13:31:06","date_gmt":"2023-02-10T12:31:06","guid":{"rendered":"https:\/\/biblioteka-milicz.pl\/?p=4274"},"modified":"2023-02-10T13:31:07","modified_gmt":"2023-02-10T12:31:07","slug":"i-ogolnopolski-konkurs-wokalny-milosne-melodie","status":"publish","type":"post","link":"http:\/\/biblioteka-milicz.pl\/index.php\/2023\/02\/10\/i-ogolnopolski-konkurs-wokalny-milosne-melodie\/","title":{"rendered":"I OG\u00d3LNOPOLSKI KONKURS WOKALNY \u201eMi\u0142osne Melodie\u201d"},"content":{"rendered":"\n<p>O\u015brodek Kultury w Miliczu wraz z Bibliotek\u0105 Publiczn\u0105 w Miliczu zapraszaj\u0105 solist\u00f3w do wzi\u0119cia udzia\u0142u w I Og\u00f3lnopolskim Konkursie Wokalnym \u201eMi\u0142osne Melodie\u201d, organizowanym w Miliczu (woj. dolno\u015bl\u0105skie).<\/p>\n\n\n\n<p>Konkurs skierowany jest zar\u00f3wno do m\u0142odzie\u017cy jak i doros\u0142ych. Uczestnicy b\u0119d\u0105 oceniani w trzech kategoriach wiekowych: kat. I \u2013 m\u0142odzie\u017c szk\u00f3\u0142 podstawowych klas 6-8, kat. II \u2013 m\u0142odzie\u017c szk\u00f3\u0142 ponadpodstawowych do 17 roku \u017cycia oraz kat. III \u2013 doro\u015bli w wieku 18 lat i wi\u0119cej.<\/p>\n\n\n\n<p>Aby wzi\u0105\u0107 w nim udzia\u0142 wystarczy za\u015bpiewa\u0107 dowoln\u0105 piosenk\u0119 o tematyce mi\u0142osnej w j\u0119zyku: polskim, angielskim, francuskim, niemieckim, w\u0142oskim, ukrai\u0144skim lub hiszpa\u0144skim. Wyst\u0119p nale\u017cy zarejestrowa\u0107 w postaci wideo, a link do nagrania wraz z kart\u0105 zg\u0142oszeniow\u0105 i niezb\u0119dnymi klauzulami wys\u0142a\u0107 do 3 marca 2023 roku na adres konkursowy (informacja w regulaminie).<\/p>\n\n\n\n<p>Konkurs jest dwuetapowy. Eliminacje do fina\u0142u nast\u0119puj\u0105 w I etapie konkursu. Najlepsi zostan\u0105 zaproszeni do II etapu \u2013 fina\u0142u, kt\u00f3ry odb\u0119dzie si\u0119 1 kwietnia 2023 roku w sali widowiskowo-kinowej Milickiego Kina Capitol.<\/p>\n\n\n\n<p>Szczeg\u00f3\u0142y konkursu w regulaminie, dost\u0119pnym na stronie <a rel=\"noreferrer noopener\" href=\"https:\/\/kultura-milicz.pl\/i-ogolnopolski-konkurs-wokalny-milosne-melodie\/\" target=\"_blank\">https:\/\/kultura-milicz.pl\/i-ogolnopolski-konkurs-wokalny-milosne-melodie\/<\/a><\/p>\n\n\n\n<p>Zapraszamy!<\/p>\n\n\n\n<figure class=\"wp-block-image size-large\"><img loading=\"lazy\" decoding=\"async\" width=\"724\" height=\"1024\" src=\"https:\/\/biblioteka-milicz.pl\/wp-content\/uploads\/2023\/02\/Plakat_I_Ogolnopolski_Konkurs_Piosenki_Milosne_Melodie_Milicz-1-724x1024.png\" alt=\"\" class=\"wp-image-4275\" srcset=\"http:\/\/biblioteka-milicz.pl\/wp-content\/uploads\/2023\/02\/Plakat_I_Ogolnopolski_Konkurs_Piosenki_Milosne_Melodie_Milicz-1-724x1024.png 724w, http:\/\/biblioteka-milicz.pl\/wp-content\/uploads\/2023\/02\/Plakat_I_Ogolnopolski_Konkurs_Piosenki_Milosne_Melodie_Milicz-1-212x300.png 212w, http:\/\/biblioteka-milicz.pl\/wp-content\/uploads\/2023\/02\/Plakat_I_Ogolnopolski_Konkurs_Piosenki_Milosne_Melodie_Milicz-1-768x1086.png 768w, http:\/\/biblioteka-milicz.pl\/wp-content\/uploads\/2023\/02\/Plakat_I_Ogolnopolski_Konkurs_Piosenki_Milosne_Melodie_Milicz-1-1086x1536.png 1086w, http:\/\/biblioteka-milicz.pl\/wp-content\/uploads\/2023\/02\/Plakat_I_Ogolnopolski_Konkurs_Piosenki_Milosne_Melodie_Milicz-1-1448x2048.png 1448w\" sizes=\"auto, (max-width: 724px) 100vw, 724px\" \/><\/figure>\n","protected":false},"excerpt":{"rendered":"<p>O\u015brodek Kultury w Miliczu wraz z Bibliotek\u0105 Publiczn\u0105 w Miliczu zapraszaj\u0105 solist\u00f3w do wzi\u0119cia udzia\u0142u w I Og\u00f3lnopolskim Konkursie Wokalnym \u201eMi\u0142osne Melodie\u201d, organizowanym w Miliczu (woj. dolno\u015bl\u0105skie). Konkurs skierowany jest zar\u00f3wno do m\u0142odzie\u017cy jak&#46;&#46;&#46;<\/p>\n","protected":false},"author":2,"featured_media":4275,"comment_status":"closed","ping_status":"closed","sticky":false,"template":"","format":"standard","meta":{"_uag_custom_page_level_css":"","footnotes":""},"categories":[3],"tags":[],"class_list":["post-4274","post","type-post","status-publish","format-standard","has-post-thumbnail","hentry","category-aktualnosci"],"uagb_featured_image_src":{"full":["http:\/\/biblioteka-milicz.pl\/wp-content\/uploads\/2023\/02\/Plakat_I_Ogolnopolski_Konkurs_Piosenki_Milosne_Melodie_Milicz-1.png",2381,3368,false],"thumbnail":["http:\/\/biblioteka-milicz.pl\/wp-content\/uploads\/2023\/02\/Plakat_I_Ogolnopolski_Konkurs_Piosenki_Milosne_Melodie_Milicz-1-150x150.png",150,150,true],"medium":["http:\/\/biblioteka-milicz.pl\/wp-content\/uploads\/2023\/02\/Plakat_I_Ogolnopolski_Konkurs_Piosenki_Milosne_Melodie_Milicz-1-212x300.png",212,300,true],"medium_large":["http:\/\/biblioteka-milicz.pl\/wp-content\/uploads\/2023\/02\/Plakat_I_Ogolnopolski_Konkurs_Piosenki_Milosne_Melodie_Milicz-1-768x1086.png",768,1086,true],"large":["http:\/\/biblioteka-milicz.pl\/wp-content\/uploads\/2023\/02\/Plakat_I_Ogolnopolski_Konkurs_Piosenki_Milosne_Melodie_Milicz-1-724x1024.png",724,1024,true],"1536x1536":["http:\/\/biblioteka-milicz.pl\/wp-content\/uploads\/2023\/02\/Plakat_I_Ogolnopolski_Konkurs_Piosenki_Milosne_Melodie_Milicz-1-1086x1536.png",1086,1536,true],"2048x2048":["http:\/\/biblioteka-milicz.pl\/wp-content\/uploads\/2023\/02\/Plakat_I_Ogolnopolski_Konkurs_Piosenki_Milosne_Melodie_Milicz-1-1448x2048.png",1448,2048,true],"thumb-small":["http:\/\/biblioteka-milicz.pl\/wp-content\/uploads\/2023\/02\/Plakat_I_Ogolnopolski_Konkurs_Piosenki_Milosne_Melodie_Milicz-1-80x80.png",80,80,true],"thumb-standard":["http:\/\/biblioteka-milicz.pl\/wp-content\/uploads\/2023\/02\/Plakat_I_Ogolnopolski_Konkurs_Piosenki_Milosne_Melodie_Milicz-1-320x320.png",320,320,true],"thumb-medium":["http:\/\/biblioteka-milicz.pl\/wp-content\/uploads\/2023\/02\/Plakat_I_Ogolnopolski_Konkurs_Piosenki_Milosne_Melodie_Milicz-1-520x245.png",520,245,true],"thumb-large":["http:\/\/biblioteka-milicz.pl\/wp-content\/uploads\/2023\/02\/Plakat_I_Ogolnopolski_Konkurs_Piosenki_Milosne_Melodie_Milicz-1-720x340.png",720,340,true],"thumb-xlarge":["http:\/\/biblioteka-milicz.pl\/wp-content\/uploads\/2023\/02\/Plakat_I_Ogolnopolski_Konkurs_Piosenki_Milosne_Melodie_Milicz-1-980x450.png",980,450,true],"thumb-xxlarge":["http:\/\/biblioteka-milicz.pl\/wp-content\/uploads\/2023\/02\/Plakat_I_Ogolnopolski_Konkurs_Piosenki_Milosne_Melodie_Milicz-1-1320x500.png",1320,500,true]},"uagb_author_info":{"display_name":"Marlena Grodzi\u0144ska","author_link":"http:\/\/biblioteka-milicz.pl\/index.php\/author\/marlena\/"},"uagb_comment_info":0,"uagb_excerpt":"O\u015brodek Kultury w Miliczu wraz z Bibliotek\u0105 Publiczn\u0105 w Miliczu zapraszaj\u0105 solist\u00f3w do wzi\u0119cia udzia\u0142u w I Og\u00f3lnopolskim Konkursie Wokalnym \u201eMi\u0142osne Melodie\u201d, organizowanym w Miliczu (woj. dolno\u015bl\u0105skie). Konkurs skierowany jest zar\u00f3wno do m\u0142odzie\u017cy jak&#46;&#46;&#46;","_links":{"self":[{"href":"http:\/\/biblioteka-milicz.pl\/index.php\/wp-json\/wp\/v2\/posts\/4274","targetHints":{"allow":["GET"]}}],"collection":[{"href":"http:\/\/biblioteka-milicz.pl\/index.php\/wp-json\/wp\/v2\/posts"}],"about":[{"href":"http:\/\/biblioteka-milicz.pl\/index.php\/wp-json\/wp\/v2\/types\/post"}],"author":[{"embeddable":true,"href":"http:\/\/biblioteka-milicz.pl\/index.php\/wp-json\/wp\/v2\/users\/2"}],"replies":[{"embeddable":true,"href":"http:\/\/biblioteka-milicz.pl\/index.php\/wp-json\/wp\/v2\/comments?post=4274"}],"version-history":[{"count":1,"href":"http:\/\/biblioteka-milicz.pl\/index.php\/wp-json\/wp\/v2\/posts\/4274\/revisions"}],"predecessor-version":[{"id":4276,"href":"http:\/\/biblioteka-milicz.pl\/index.php\/wp-json\/wp\/v2\/posts\/4274\/revisions\/4276"}],"wp:featuredmedia":[{"embeddable":true,"href":"http:\/\/biblioteka-milicz.pl\/index.php\/wp-json\/wp\/v2\/media\/4275"}],"wp:attachment":[{"href":"http:\/\/biblioteka-milicz.pl\/index.php\/wp-json\/wp\/v2\/media?parent=4274"}],"wp:term":[{"taxonomy":"category","embeddable":true,"href":"http:\/\/biblioteka-milicz.pl\/index.php\/wp-json\/wp\/v2\/categories?post=4274"},{"taxonomy":"post_tag","embeddable":true,"href":"http:\/\/biblioteka-milicz.pl\/index.php\/wp-json\/wp\/v2\/tags?post=4274"}],"curies":[{"name":"wp","href":"https:\/\/api.w.org\/{rel}","templated":true}]}}