{"id":424,"date":"2019-11-22T12:01:00","date_gmt":"2019-11-22T11:01:00","guid":{"rendered":"http:\/\/biblioteka-milicz.pl\/?p=424"},"modified":"2022-03-13T12:36:42","modified_gmt":"2022-03-13T11:36:42","slug":"jesienne-poduszkowanie","status":"publish","type":"post","link":"http:\/\/biblioteka-milicz.pl\/index.php\/2019\/11\/22\/jesienne-poduszkowanie\/","title":{"rendered":"Jesienne poduszkowanie"},"content":{"rendered":"\n<p>W pi\u0105tek, 22 listopada, filia w G\u0105dkowicach zaprosi\u0142a swoich m\u0142odych czytelnik\u00f3w na warsztaty krawieckie pt. Jesienne poduszkowanie. Na pocz\u0105tek wszyscy musieli dokona\u0107 kilku wybor\u00f3w &#8211; kszta\u0142tu poduszki i materia\u0142u z jakiego j\u0105 wykonaj\u0105, po czym przysz\u0142a pora na nieco \u017cmudne zaj\u0119cie jakim jest szycie. Chocia\u017c niekt\u00f3rzy z naszych uczestnik\u00f3w po raz pierwszy mieli do czynienia z ig\u0142\u0105 i nitk\u0105, to wszyscy bez wi\u0119kszych problem\u00f3w poradzili sobie z uszyciem swoich poduszek w kszta\u0142cie li\u015bci, dy\u0144, a tak\u017ce kaktus\u00f3w, kt\u00f3re pojawi\u0142y si\u0119 ju\u017c na innych zaj\u0119ciach poduszkowania w bibliotece. Takie w\u0142asnor\u0119cznie uszyte poduszki na pewno sprawi\u0105, \u017ce wszystkim uczestnikom b\u0119d\u0105 \u015bni\u0142y si\u0119 tylko kolorowe sny.<\/p>\n\n\n\n<figure class=\"wp-block-gallery has-nested-images columns-default is-cropped wp-block-gallery-1 is-layout-flex wp-block-gallery-is-layout-flex\">\n<figure class=\"wp-block-image size-large\"><img loading=\"lazy\" decoding=\"async\" width=\"960\" height=\"720\" data-id=\"1602\" src=\"http:\/\/biblioteka-milicz.pl\/wp-content\/uploads\/2022\/03\/76747493_1004267629922694_3690546323779485696_n.jpg\" alt=\"\" class=\"wp-image-1602\" srcset=\"http:\/\/biblioteka-milicz.pl\/wp-content\/uploads\/2022\/03\/76747493_1004267629922694_3690546323779485696_n.jpg 960w, http:\/\/biblioteka-milicz.pl\/wp-content\/uploads\/2022\/03\/76747493_1004267629922694_3690546323779485696_n-300x225.jpg 300w, http:\/\/biblioteka-milicz.pl\/wp-content\/uploads\/2022\/03\/76747493_1004267629922694_3690546323779485696_n-768x576.jpg 768w\" sizes=\"auto, (max-width: 960px) 100vw, 960px\" \/><\/figure>\n\n\n\n<figure class=\"wp-block-image size-large\"><img loading=\"lazy\" decoding=\"async\" width=\"960\" height=\"720\" data-id=\"1604\" src=\"http:\/\/biblioteka-milicz.pl\/wp-content\/uploads\/2022\/03\/78120296_1004267576589366_2298016101331632128_n-1.jpg\" alt=\"\" class=\"wp-image-1604\" srcset=\"http:\/\/biblioteka-milicz.pl\/wp-content\/uploads\/2022\/03\/78120296_1004267576589366_2298016101331632128_n-1.jpg 960w, http:\/\/biblioteka-milicz.pl\/wp-content\/uploads\/2022\/03\/78120296_1004267576589366_2298016101331632128_n-1-300x225.jpg 300w, http:\/\/biblioteka-milicz.pl\/wp-content\/uploads\/2022\/03\/78120296_1004267576589366_2298016101331632128_n-1-768x576.jpg 768w\" sizes=\"auto, (max-width: 960px) 100vw, 960px\" \/><\/figure>\n\n\n\n<figure class=\"wp-block-image size-large\"><img loading=\"lazy\" decoding=\"async\" width=\"960\" height=\"720\" data-id=\"1603\" src=\"http:\/\/biblioteka-milicz.pl\/wp-content\/uploads\/2022\/03\/78309566_1004267566589367_532751063405559808_n.jpg\" alt=\"\" class=\"wp-image-1603\" srcset=\"http:\/\/biblioteka-milicz.pl\/wp-content\/uploads\/2022\/03\/78309566_1004267566589367_532751063405559808_n.jpg 960w, http:\/\/biblioteka-milicz.pl\/wp-content\/uploads\/2022\/03\/78309566_1004267566589367_532751063405559808_n-300x225.jpg 300w, http:\/\/biblioteka-milicz.pl\/wp-content\/uploads\/2022\/03\/78309566_1004267566589367_532751063405559808_n-768x576.jpg 768w\" sizes=\"auto, (max-width: 960px) 100vw, 960px\" \/><\/figure>\n<\/figure>\n","protected":false},"excerpt":{"rendered":"<p>W pi\u0105tek, 22 listopada, filia w G\u0105dkowicach zaprosi\u0142a swoich m\u0142odych czytelnik\u00f3w na warsztaty krawieckie pt. Jesienne poduszkowanie. Na pocz\u0105tek wszyscy musieli dokona\u0107 kilku wybor\u00f3w &#8211; kszta\u0142tu poduszki i materia\u0142u z jakiego j\u0105 wykonaj\u0105, po&#46;&#46;&#46;<\/p>\n","protected":false},"author":1,"featured_media":425,"comment_status":"closed","ping_status":"open","sticky":false,"template":"","format":"standard","meta":{"_uag_custom_page_level_css":"","footnotes":""},"categories":[3],"tags":[],"class_list":["post-424","post","type-post","status-publish","format-standard","has-post-thumbnail","hentry","category-aktualnosci"],"uagb_featured_image_src":{"full":["http:\/\/biblioteka-milicz.pl\/wp-content\/uploads\/2022\/03\/78120296_1004267576589366_2298016101331632128_n.jpg",960,720,false],"thumbnail":["http:\/\/biblioteka-milicz.pl\/wp-content\/uploads\/2022\/03\/78120296_1004267576589366_2298016101331632128_n-150x150.jpg",150,150,true],"medium":["http:\/\/biblioteka-milicz.pl\/wp-content\/uploads\/2022\/03\/78120296_1004267576589366_2298016101331632128_n-300x225.jpg",300,225,true],"medium_large":["http:\/\/biblioteka-milicz.pl\/wp-content\/uploads\/2022\/03\/78120296_1004267576589366_2298016101331632128_n-768x576.jpg",768,576,true],"large":["http:\/\/biblioteka-milicz.pl\/wp-content\/uploads\/2022\/03\/78120296_1004267576589366_2298016101331632128_n.jpg",960,720,false],"1536x1536":["http:\/\/biblioteka-milicz.pl\/wp-content\/uploads\/2022\/03\/78120296_1004267576589366_2298016101331632128_n.jpg",960,720,false],"2048x2048":["http:\/\/biblioteka-milicz.pl\/wp-content\/uploads\/2022\/03\/78120296_1004267576589366_2298016101331632128_n.jpg",960,720,false],"thumb-small":["http:\/\/biblioteka-milicz.pl\/wp-content\/uploads\/2022\/03\/78120296_1004267576589366_2298016101331632128_n-80x80.jpg",80,80,true],"thumb-standard":["http:\/\/biblioteka-milicz.pl\/wp-content\/uploads\/2022\/03\/78120296_1004267576589366_2298016101331632128_n-320x320.jpg",320,320,true],"thumb-medium":["http:\/\/biblioteka-milicz.pl\/wp-content\/uploads\/2022\/03\/78120296_1004267576589366_2298016101331632128_n-520x245.jpg",520,245,true],"thumb-large":["http:\/\/biblioteka-milicz.pl\/wp-content\/uploads\/2022\/03\/78120296_1004267576589366_2298016101331632128_n-720x340.jpg",720,340,true],"thumb-xlarge":["http:\/\/biblioteka-milicz.pl\/wp-content\/uploads\/2022\/03\/78120296_1004267576589366_2298016101331632128_n-960x450.jpg",960,450,true],"thumb-xxlarge":["http:\/\/biblioteka-milicz.pl\/wp-content\/uploads\/2022\/03\/78120296_1004267576589366_2298016101331632128_n-960x500.jpg",960,500,true]},"uagb_author_info":{"display_name":"admin","author_link":"http:\/\/biblioteka-milicz.pl\/index.php\/author\/admin\/"},"uagb_comment_info":0,"uagb_excerpt":"W pi\u0105tek, 22 listopada, filia w G\u0105dkowicach zaprosi\u0142a swoich m\u0142odych czytelnik\u00f3w na warsztaty krawieckie pt. Jesienne poduszkowanie. Na pocz\u0105tek wszyscy musieli dokona\u0107 kilku wybor\u00f3w &#8211; kszta\u0142tu poduszki i materia\u0142u z jakiego j\u0105 wykonaj\u0105, po&#46;&#46;&#46;","_links":{"self":[{"href":"http:\/\/biblioteka-milicz.pl\/index.php\/wp-json\/wp\/v2\/posts\/424","targetHints":{"allow":["GET"]}}],"collection":[{"href":"http:\/\/biblioteka-milicz.pl\/index.php\/wp-json\/wp\/v2\/posts"}],"about":[{"href":"http:\/\/biblioteka-milicz.pl\/index.php\/wp-json\/wp\/v2\/types\/post"}],"author":[{"embeddable":true,"href":"http:\/\/biblioteka-milicz.pl\/index.php\/wp-json\/wp\/v2\/users\/1"}],"replies":[{"embeddable":true,"href":"http:\/\/biblioteka-milicz.pl\/index.php\/wp-json\/wp\/v2\/comments?post=424"}],"version-history":[{"count":2,"href":"http:\/\/biblioteka-milicz.pl\/index.php\/wp-json\/wp\/v2\/posts\/424\/revisions"}],"predecessor-version":[{"id":1605,"href":"http:\/\/biblioteka-milicz.pl\/index.php\/wp-json\/wp\/v2\/posts\/424\/revisions\/1605"}],"wp:featuredmedia":[{"embeddable":true,"href":"http:\/\/biblioteka-milicz.pl\/index.php\/wp-json\/wp\/v2\/media\/425"}],"wp:attachment":[{"href":"http:\/\/biblioteka-milicz.pl\/index.php\/wp-json\/wp\/v2\/media?parent=424"}],"wp:term":[{"taxonomy":"category","embeddable":true,"href":"http:\/\/biblioteka-milicz.pl\/index.php\/wp-json\/wp\/v2\/categories?post=424"},{"taxonomy":"post_tag","embeddable":true,"href":"http:\/\/biblioteka-milicz.pl\/index.php\/wp-json\/wp\/v2\/tags?post=424"}],"curies":[{"name":"wp","href":"https:\/\/api.w.org\/{rel}","templated":true}]}}