{"id":3992,"date":"2022-12-20T13:15:12","date_gmt":"2022-12-20T12:15:12","guid":{"rendered":"https:\/\/biblioteka-milicz.pl\/?p=3992"},"modified":"2022-12-22T13:22:20","modified_gmt":"2022-12-22T12:22:20","slug":"bozonarodzeniowe-warsztaty-w-potaszni","status":"publish","type":"post","link":"http:\/\/biblioteka-milicz.pl\/index.php\/2022\/12\/20\/bozonarodzeniowe-warsztaty-w-potaszni\/","title":{"rendered":"Bo\u017conarodzeniowe warsztaty w Potaszni"},"content":{"rendered":"\n<p>20 grudnia, w filii bibliotecznej w Potaszni odby\u0142y si\u0119 kolejne warsztaty \u015bwi\u0105teczne. W cz\u0119\u015bci literackiej spotkania, dzieci wys\u0142ucha\u0142y wiersza &#8222;Grudzie\u0144&#8221;, Beaty Ko\u0142odziej. Jego g\u0142\u00f3wnym tematem s\u0105 oczywi\u015bcie \u015awi\u0119ta Bo\u017cego Narodzenia. W drugiej cz\u0119\u015bci zaj\u0119\u0107, przyst\u0105pili\u015bmy do tworzenia kolejnych ozd\u00f3b, kt\u00f3re zawisn\u0105 na choinkach, w domach naszych Czytelnik\u00f3w. Powsta\u0142y tr\u00f3jwymiarowe gwiazdy oraz szyszkowe Miko\u0142aje. Dzi\u0119kujemy dzieciom za obecno\u015b\u0107 i \u017cyczymy Weso\u0142ych \u015awi\u0105t.<\/p>\n\n\n\n<figure class=\"wp-block-image size-large\"><img loading=\"lazy\" decoding=\"async\" width=\"1024\" height=\"731\" src=\"https:\/\/biblioteka-milicz.pl\/wp-content\/uploads\/2022\/12\/image-2-1024x731.png\" alt=\"\" class=\"wp-image-3993\" srcset=\"http:\/\/biblioteka-milicz.pl\/wp-content\/uploads\/2022\/12\/image-2-1024x731.png 1024w, http:\/\/biblioteka-milicz.pl\/wp-content\/uploads\/2022\/12\/image-2-300x214.png 300w, http:\/\/biblioteka-milicz.pl\/wp-content\/uploads\/2022\/12\/image-2-768x548.png 768w, http:\/\/biblioteka-milicz.pl\/wp-content\/uploads\/2022\/12\/image-2.png 1038w\" sizes=\"auto, (max-width: 1024px) 100vw, 1024px\" \/><\/figure>\n","protected":false},"excerpt":{"rendered":"<p>20 grudnia, w filii bibliotecznej w Potaszni odby\u0142y si\u0119 kolejne warsztaty \u015bwi\u0105teczne. W cz\u0119\u015bci literackiej spotkania, dzieci wys\u0142ucha\u0142y wiersza &#8222;Grudzie\u0144&#8221;, Beaty Ko\u0142odziej. Jego g\u0142\u00f3wnym tematem s\u0105 oczywi\u015bcie \u015awi\u0119ta Bo\u017cego Narodzenia. W drugiej cz\u0119\u015bci zaj\u0119\u0107,&#46;&#46;&#46;<\/p>\n","protected":false},"author":2,"featured_media":3993,"comment_status":"closed","ping_status":"closed","sticky":false,"template":"","format":"standard","meta":{"_uag_custom_page_level_css":"","footnotes":""},"categories":[3],"tags":[],"class_list":["post-3992","post","type-post","status-publish","format-standard","has-post-thumbnail","hentry","category-aktualnosci"],"uagb_featured_image_src":{"full":["http:\/\/biblioteka-milicz.pl\/wp-content\/uploads\/2022\/12\/image-2.png",1038,741,false],"thumbnail":["http:\/\/biblioteka-milicz.pl\/wp-content\/uploads\/2022\/12\/image-2-150x150.png",150,150,true],"medium":["http:\/\/biblioteka-milicz.pl\/wp-content\/uploads\/2022\/12\/image-2-300x214.png",300,214,true],"medium_large":["http:\/\/biblioteka-milicz.pl\/wp-content\/uploads\/2022\/12\/image-2-768x548.png",768,548,true],"large":["http:\/\/biblioteka-milicz.pl\/wp-content\/uploads\/2022\/12\/image-2-1024x731.png",1024,731,true],"1536x1536":["http:\/\/biblioteka-milicz.pl\/wp-content\/uploads\/2022\/12\/image-2.png",1038,741,false],"2048x2048":["http:\/\/biblioteka-milicz.pl\/wp-content\/uploads\/2022\/12\/image-2.png",1038,741,false],"thumb-small":["http:\/\/biblioteka-milicz.pl\/wp-content\/uploads\/2022\/12\/image-2-80x80.png",80,80,true],"thumb-standard":["http:\/\/biblioteka-milicz.pl\/wp-content\/uploads\/2022\/12\/image-2-320x320.png",320,320,true],"thumb-medium":["http:\/\/biblioteka-milicz.pl\/wp-content\/uploads\/2022\/12\/image-2-520x245.png",520,245,true],"thumb-large":["http:\/\/biblioteka-milicz.pl\/wp-content\/uploads\/2022\/12\/image-2-720x340.png",720,340,true],"thumb-xlarge":["http:\/\/biblioteka-milicz.pl\/wp-content\/uploads\/2022\/12\/image-2-980x450.png",980,450,true],"thumb-xxlarge":["http:\/\/biblioteka-milicz.pl\/wp-content\/uploads\/2022\/12\/image-2-1038x500.png",1038,500,true]},"uagb_author_info":{"display_name":"Marlena Grodzi\u0144ska","author_link":"http:\/\/biblioteka-milicz.pl\/index.php\/author\/marlena\/"},"uagb_comment_info":0,"uagb_excerpt":"20 grudnia, w filii bibliotecznej w Potaszni odby\u0142y si\u0119 kolejne warsztaty \u015bwi\u0105teczne. W cz\u0119\u015bci literackiej spotkania, dzieci wys\u0142ucha\u0142y wiersza &#8222;Grudzie\u0144&#8221;, Beaty Ko\u0142odziej. Jego g\u0142\u00f3wnym tematem s\u0105 oczywi\u015bcie \u015awi\u0119ta Bo\u017cego Narodzenia. W drugiej cz\u0119\u015bci zaj\u0119\u0107,&#46;&#46;&#46;","_links":{"self":[{"href":"http:\/\/biblioteka-milicz.pl\/index.php\/wp-json\/wp\/v2\/posts\/3992","targetHints":{"allow":["GET"]}}],"collection":[{"href":"http:\/\/biblioteka-milicz.pl\/index.php\/wp-json\/wp\/v2\/posts"}],"about":[{"href":"http:\/\/biblioteka-milicz.pl\/index.php\/wp-json\/wp\/v2\/types\/post"}],"author":[{"embeddable":true,"href":"http:\/\/biblioteka-milicz.pl\/index.php\/wp-json\/wp\/v2\/users\/2"}],"replies":[{"embeddable":true,"href":"http:\/\/biblioteka-milicz.pl\/index.php\/wp-json\/wp\/v2\/comments?post=3992"}],"version-history":[{"count":1,"href":"http:\/\/biblioteka-milicz.pl\/index.php\/wp-json\/wp\/v2\/posts\/3992\/revisions"}],"predecessor-version":[{"id":3994,"href":"http:\/\/biblioteka-milicz.pl\/index.php\/wp-json\/wp\/v2\/posts\/3992\/revisions\/3994"}],"wp:featuredmedia":[{"embeddable":true,"href":"http:\/\/biblioteka-milicz.pl\/index.php\/wp-json\/wp\/v2\/media\/3993"}],"wp:attachment":[{"href":"http:\/\/biblioteka-milicz.pl\/index.php\/wp-json\/wp\/v2\/media?parent=3992"}],"wp:term":[{"taxonomy":"category","embeddable":true,"href":"http:\/\/biblioteka-milicz.pl\/index.php\/wp-json\/wp\/v2\/categories?post=3992"},{"taxonomy":"post_tag","embeddable":true,"href":"http:\/\/biblioteka-milicz.pl\/index.php\/wp-json\/wp\/v2\/tags?post=3992"}],"curies":[{"name":"wp","href":"https:\/\/api.w.org\/{rel}","templated":true}]}}