{"id":314,"date":"2020-01-06T11:14:00","date_gmt":"2020-01-06T10:14:00","guid":{"rendered":"http:\/\/biblioteka-milicz.pl\/?p=314"},"modified":"2022-03-12T11:14:49","modified_gmt":"2022-03-12T10:14:49","slug":"mala-ksiazka-wielki-czlowiek-2","status":"publish","type":"post","link":"http:\/\/biblioteka-milicz.pl\/index.php\/2020\/01\/06\/mala-ksiazka-wielki-czlowiek-2\/","title":{"rendered":"Ma\u0142a ksi\u0105\u017cka &#8211; wielki cz\u0142owiek"},"content":{"rendered":"\n<p>AKCJA &#8222;MA\u0141A KSI\u0104\u017bKA- WIELKI CZ\u0141OWIEK&#8221; WCI\u0104\u017b TRWA.<br>W ramach akcji od pocz\u0105tku stycznia rozdajemy Wyprawki Czytelnicze dzieciom z rocznik\u00f3w 2014-2017.<br>\u201eMa\u0142a ksi\u0105\u017cka &#8211; wielki cz\u0142owiek&#8221; jest projektem organizowanym przez Instytut Ksi\u0105\u017cki skierowanym do dzieci w wieku 3-6 lat . Bezp\u0142atne Wyprawki Czytelnicze czekaj\u0105 na Czytelnik\u00f3w w Oddziale Dzieci\u0119cym Biblioteki Publicznej w Miliczu oraz w naszych plac\u00f3wkach filialnych w Su\u0142owie, Czatkowicach, G\u0105dkowicach, Potaszni oraz Dunkowej.<br>Masz dziecko z rocznika 2014-2017 przyjd\u017a do biblioteki i odbierz wyprawk\u0119 (liczba egzemplarzy ograniczona).<br>Zapraszamy wszystkich rodzic\u00f3w wraz ze swoimi pociechami. Czekamy na Was !!!<\/p>\n","protected":false},"excerpt":{"rendered":"<p>AKCJA &#8222;MA\u0141A KSI\u0104\u017bKA- WIELKI CZ\u0141OWIEK&#8221; WCI\u0104\u017b TRWA.W ramach akcji od pocz\u0105tku stycznia rozdajemy Wyprawki Czytelnicze dzieciom z rocznik\u00f3w 2014-2017.\u201eMa\u0142a ksi\u0105\u017cka &#8211; wielki cz\u0142owiek&#8221; jest projektem organizowanym przez Instytut Ksi\u0105\u017cki skierowanym do dzieci w wieku&#46;&#46;&#46;<\/p>\n","protected":false},"author":1,"featured_media":315,"comment_status":"closed","ping_status":"open","sticky":false,"template":"","format":"standard","meta":{"_uag_custom_page_level_css":"","footnotes":""},"categories":[3],"tags":[],"class_list":["post-314","post","type-post","status-publish","format-standard","has-post-thumbnail","hentry","category-aktualnosci"],"uagb_featured_image_src":{"full":["http:\/\/biblioteka-milicz.pl\/wp-content\/uploads\/2022\/03\/unnamed.png",372,512,false],"thumbnail":["http:\/\/biblioteka-milicz.pl\/wp-content\/uploads\/2022\/03\/unnamed-150x150.png",150,150,true],"medium":["http:\/\/biblioteka-milicz.pl\/wp-content\/uploads\/2022\/03\/unnamed-218x300.png",218,300,true],"medium_large":["http:\/\/biblioteka-milicz.pl\/wp-content\/uploads\/2022\/03\/unnamed.png",372,512,false],"large":["http:\/\/biblioteka-milicz.pl\/wp-content\/uploads\/2022\/03\/unnamed.png",372,512,false],"1536x1536":["http:\/\/biblioteka-milicz.pl\/wp-content\/uploads\/2022\/03\/unnamed.png",372,512,false],"2048x2048":["http:\/\/biblioteka-milicz.pl\/wp-content\/uploads\/2022\/03\/unnamed.png",372,512,false],"thumb-small":["http:\/\/biblioteka-milicz.pl\/wp-content\/uploads\/2022\/03\/unnamed-80x80.png",80,80,true],"thumb-standard":["http:\/\/biblioteka-milicz.pl\/wp-content\/uploads\/2022\/03\/unnamed-320x320.png",320,320,true],"thumb-medium":["http:\/\/biblioteka-milicz.pl\/wp-content\/uploads\/2022\/03\/unnamed-372x245.png",372,245,true],"thumb-large":["http:\/\/biblioteka-milicz.pl\/wp-content\/uploads\/2022\/03\/unnamed-372x340.png",372,340,true],"thumb-xlarge":["http:\/\/biblioteka-milicz.pl\/wp-content\/uploads\/2022\/03\/unnamed-372x450.png",372,450,true],"thumb-xxlarge":["http:\/\/biblioteka-milicz.pl\/wp-content\/uploads\/2022\/03\/unnamed-372x500.png",372,500,true]},"uagb_author_info":{"display_name":"admin","author_link":"http:\/\/biblioteka-milicz.pl\/index.php\/author\/admin\/"},"uagb_comment_info":0,"uagb_excerpt":"AKCJA &#8222;MA\u0141A KSI\u0104\u017bKA- WIELKI CZ\u0141OWIEK&#8221; WCI\u0104\u017b TRWA.W ramach akcji od pocz\u0105tku stycznia rozdajemy Wyprawki Czytelnicze dzieciom z rocznik\u00f3w 2014-2017.\u201eMa\u0142a ksi\u0105\u017cka &#8211; wielki cz\u0142owiek&#8221; jest projektem organizowanym przez Instytut Ksi\u0105\u017cki skierowanym do dzieci w wieku&#46;&#46;&#46;","_links":{"self":[{"href":"http:\/\/biblioteka-milicz.pl\/index.php\/wp-json\/wp\/v2\/posts\/314","targetHints":{"allow":["GET"]}}],"collection":[{"href":"http:\/\/biblioteka-milicz.pl\/index.php\/wp-json\/wp\/v2\/posts"}],"about":[{"href":"http:\/\/biblioteka-milicz.pl\/index.php\/wp-json\/wp\/v2\/types\/post"}],"author":[{"embeddable":true,"href":"http:\/\/biblioteka-milicz.pl\/index.php\/wp-json\/wp\/v2\/users\/1"}],"replies":[{"embeddable":true,"href":"http:\/\/biblioteka-milicz.pl\/index.php\/wp-json\/wp\/v2\/comments?post=314"}],"version-history":[{"count":1,"href":"http:\/\/biblioteka-milicz.pl\/index.php\/wp-json\/wp\/v2\/posts\/314\/revisions"}],"predecessor-version":[{"id":316,"href":"http:\/\/biblioteka-milicz.pl\/index.php\/wp-json\/wp\/v2\/posts\/314\/revisions\/316"}],"wp:featuredmedia":[{"embeddable":true,"href":"http:\/\/biblioteka-milicz.pl\/index.php\/wp-json\/wp\/v2\/media\/315"}],"wp:attachment":[{"href":"http:\/\/biblioteka-milicz.pl\/index.php\/wp-json\/wp\/v2\/media?parent=314"}],"wp:term":[{"taxonomy":"category","embeddable":true,"href":"http:\/\/biblioteka-milicz.pl\/index.php\/wp-json\/wp\/v2\/categories?post=314"},{"taxonomy":"post_tag","embeddable":true,"href":"http:\/\/biblioteka-milicz.pl\/index.php\/wp-json\/wp\/v2\/tags?post=314"}],"curies":[{"name":"wp","href":"https:\/\/api.w.org\/{rel}","templated":true}]}}