{"id":260,"date":"2020-02-12T10:52:00","date_gmt":"2020-02-12T09:52:00","guid":{"rendered":"http:\/\/biblioteka-milicz.pl\/?p=260"},"modified":"2022-03-12T15:14:26","modified_gmt":"2022-03-12T14:14:26","slug":"wieczorny-seans","status":"publish","type":"post","link":"http:\/\/biblioteka-milicz.pl\/index.php\/2020\/02\/12\/wieczorny-seans\/","title":{"rendered":"Wieczorny seans"},"content":{"rendered":"\n<p>Trzeci dzie\u0144 ferii w G\u0105dkowicach sp\u0119dzili\u015bmy na relaksowaniu si\u0119 przy filmie. Po g\u0142osowaniu wybrali\u015bmy film i przypomnieli\u015bmy sobie drug\u0105 cz\u0119\u015b\u0107 kultowej serii &#8222;Alvin i wiewi\u00f3rki&#8221;. Ta zabawna opowie\u015b\u0107 sprawi\u0142a, \u017ce \u015bmiali\u015bmy si\u0119 co chwil\u0119, a przek\u0105ski, kt\u00f3re podjadali\u015bmy umili\u0142y nam czas sp\u0119dzony na ogl\u0105daniu filmu.<\/p>\n\n\n\n<figure class=\"wp-block-gallery has-nested-images columns-default is-cropped wp-block-gallery-1 is-layout-flex wp-block-gallery-is-layout-flex\">\n<figure class=\"wp-block-image size-large\"><img loading=\"lazy\" decoding=\"async\" width=\"960\" height=\"480\" data-id=\"908\" src=\"http:\/\/biblioteka-milicz.pl\/wp-content\/uploads\/2022\/03\/86183508_1074109926271797_3607544607610503168_n.jpg\" alt=\"\" class=\"wp-image-908\" srcset=\"http:\/\/biblioteka-milicz.pl\/wp-content\/uploads\/2022\/03\/86183508_1074109926271797_3607544607610503168_n.jpg 960w, http:\/\/biblioteka-milicz.pl\/wp-content\/uploads\/2022\/03\/86183508_1074109926271797_3607544607610503168_n-300x150.jpg 300w, http:\/\/biblioteka-milicz.pl\/wp-content\/uploads\/2022\/03\/86183508_1074109926271797_3607544607610503168_n-768x384.jpg 768w\" sizes=\"auto, (max-width: 960px) 100vw, 960px\" \/><\/figure>\n\n\n\n<figure class=\"wp-block-image size-large\"><img loading=\"lazy\" decoding=\"async\" width=\"960\" height=\"480\" data-id=\"906\" src=\"http:\/\/biblioteka-milicz.pl\/wp-content\/uploads\/2022\/03\/86187261_1074109929605130_6556235163225817088_n.jpg\" alt=\"\" class=\"wp-image-906\" srcset=\"http:\/\/biblioteka-milicz.pl\/wp-content\/uploads\/2022\/03\/86187261_1074109929605130_6556235163225817088_n.jpg 960w, http:\/\/biblioteka-milicz.pl\/wp-content\/uploads\/2022\/03\/86187261_1074109929605130_6556235163225817088_n-300x150.jpg 300w, http:\/\/biblioteka-milicz.pl\/wp-content\/uploads\/2022\/03\/86187261_1074109929605130_6556235163225817088_n-768x384.jpg 768w\" sizes=\"auto, (max-width: 960px) 100vw, 960px\" \/><\/figure>\n\n\n\n<figure class=\"wp-block-image size-large\"><img loading=\"lazy\" decoding=\"async\" width=\"960\" height=\"480\" data-id=\"907\" src=\"http:\/\/biblioteka-milicz.pl\/wp-content\/uploads\/2022\/03\/86277493_1074109982938458_4307760727969497088_n-1.jpg\" alt=\"\" class=\"wp-image-907\" srcset=\"http:\/\/biblioteka-milicz.pl\/wp-content\/uploads\/2022\/03\/86277493_1074109982938458_4307760727969497088_n-1.jpg 960w, http:\/\/biblioteka-milicz.pl\/wp-content\/uploads\/2022\/03\/86277493_1074109982938458_4307760727969497088_n-1-300x150.jpg 300w, http:\/\/biblioteka-milicz.pl\/wp-content\/uploads\/2022\/03\/86277493_1074109982938458_4307760727969497088_n-1-768x384.jpg 768w\" sizes=\"auto, (max-width: 960px) 100vw, 960px\" \/><\/figure>\n<\/figure>\n","protected":false},"excerpt":{"rendered":"<p>Trzeci dzie\u0144 ferii w G\u0105dkowicach sp\u0119dzili\u015bmy na relaksowaniu si\u0119 przy filmie. Po g\u0142osowaniu wybrali\u015bmy film i przypomnieli\u015bmy sobie drug\u0105 cz\u0119\u015b\u0107 kultowej serii &#8222;Alvin i wiewi\u00f3rki&#8221;. Ta zabawna opowie\u015b\u0107 sprawi\u0142a, \u017ce \u015bmiali\u015bmy si\u0119 co chwil\u0119,&#46;&#46;&#46;<\/p>\n","protected":false},"author":1,"featured_media":261,"comment_status":"closed","ping_status":"open","sticky":false,"template":"","format":"standard","meta":{"_uag_custom_page_level_css":"","footnotes":""},"categories":[3],"tags":[],"class_list":["post-260","post","type-post","status-publish","format-standard","has-post-thumbnail","hentry","category-aktualnosci"],"uagb_featured_image_src":{"full":["http:\/\/biblioteka-milicz.pl\/wp-content\/uploads\/2022\/03\/86277493_1074109982938458_4307760727969497088_n.jpg",960,480,false],"thumbnail":["http:\/\/biblioteka-milicz.pl\/wp-content\/uploads\/2022\/03\/86277493_1074109982938458_4307760727969497088_n-150x150.jpg",150,150,true],"medium":["http:\/\/biblioteka-milicz.pl\/wp-content\/uploads\/2022\/03\/86277493_1074109982938458_4307760727969497088_n-300x150.jpg",300,150,true],"medium_large":["http:\/\/biblioteka-milicz.pl\/wp-content\/uploads\/2022\/03\/86277493_1074109982938458_4307760727969497088_n-768x384.jpg",768,384,true],"large":["http:\/\/biblioteka-milicz.pl\/wp-content\/uploads\/2022\/03\/86277493_1074109982938458_4307760727969497088_n.jpg",960,480,false],"1536x1536":["http:\/\/biblioteka-milicz.pl\/wp-content\/uploads\/2022\/03\/86277493_1074109982938458_4307760727969497088_n.jpg",960,480,false],"2048x2048":["http:\/\/biblioteka-milicz.pl\/wp-content\/uploads\/2022\/03\/86277493_1074109982938458_4307760727969497088_n.jpg",960,480,false],"thumb-small":["http:\/\/biblioteka-milicz.pl\/wp-content\/uploads\/2022\/03\/86277493_1074109982938458_4307760727969497088_n-80x80.jpg",80,80,true],"thumb-standard":["http:\/\/biblioteka-milicz.pl\/wp-content\/uploads\/2022\/03\/86277493_1074109982938458_4307760727969497088_n-320x320.jpg",320,320,true],"thumb-medium":["http:\/\/biblioteka-milicz.pl\/wp-content\/uploads\/2022\/03\/86277493_1074109982938458_4307760727969497088_n-520x245.jpg",520,245,true],"thumb-large":["http:\/\/biblioteka-milicz.pl\/wp-content\/uploads\/2022\/03\/86277493_1074109982938458_4307760727969497088_n-720x340.jpg",720,340,true],"thumb-xlarge":["http:\/\/biblioteka-milicz.pl\/wp-content\/uploads\/2022\/03\/86277493_1074109982938458_4307760727969497088_n-960x450.jpg",960,450,true],"thumb-xxlarge":["http:\/\/biblioteka-milicz.pl\/wp-content\/uploads\/2022\/03\/86277493_1074109982938458_4307760727969497088_n.jpg",960,480,false]},"uagb_author_info":{"display_name":"admin","author_link":"http:\/\/biblioteka-milicz.pl\/index.php\/author\/admin\/"},"uagb_comment_info":0,"uagb_excerpt":"Trzeci dzie\u0144 ferii w G\u0105dkowicach sp\u0119dzili\u015bmy na relaksowaniu si\u0119 przy filmie. Po g\u0142osowaniu wybrali\u015bmy film i przypomnieli\u015bmy sobie drug\u0105 cz\u0119\u015b\u0107 kultowej serii &#8222;Alvin i wiewi\u00f3rki&#8221;. Ta zabawna opowie\u015b\u0107 sprawi\u0142a, \u017ce \u015bmiali\u015bmy si\u0119 co chwil\u0119,&#46;&#46;&#46;","_links":{"self":[{"href":"http:\/\/biblioteka-milicz.pl\/index.php\/wp-json\/wp\/v2\/posts\/260","targetHints":{"allow":["GET"]}}],"collection":[{"href":"http:\/\/biblioteka-milicz.pl\/index.php\/wp-json\/wp\/v2\/posts"}],"about":[{"href":"http:\/\/biblioteka-milicz.pl\/index.php\/wp-json\/wp\/v2\/types\/post"}],"author":[{"embeddable":true,"href":"http:\/\/biblioteka-milicz.pl\/index.php\/wp-json\/wp\/v2\/users\/1"}],"replies":[{"embeddable":true,"href":"http:\/\/biblioteka-milicz.pl\/index.php\/wp-json\/wp\/v2\/comments?post=260"}],"version-history":[{"count":2,"href":"http:\/\/biblioteka-milicz.pl\/index.php\/wp-json\/wp\/v2\/posts\/260\/revisions"}],"predecessor-version":[{"id":909,"href":"http:\/\/biblioteka-milicz.pl\/index.php\/wp-json\/wp\/v2\/posts\/260\/revisions\/909"}],"wp:featuredmedia":[{"embeddable":true,"href":"http:\/\/biblioteka-milicz.pl\/index.php\/wp-json\/wp\/v2\/media\/261"}],"wp:attachment":[{"href":"http:\/\/biblioteka-milicz.pl\/index.php\/wp-json\/wp\/v2\/media?parent=260"}],"wp:term":[{"taxonomy":"category","embeddable":true,"href":"http:\/\/biblioteka-milicz.pl\/index.php\/wp-json\/wp\/v2\/categories?post=260"},{"taxonomy":"post_tag","embeddable":true,"href":"http:\/\/biblioteka-milicz.pl\/index.php\/wp-json\/wp\/v2\/tags?post=260"}],"curies":[{"name":"wp","href":"https:\/\/api.w.org\/{rel}","templated":true}]}}