{"id":135,"date":"2021-03-19T22:22:00","date_gmt":"2021-03-19T21:22:00","guid":{"rendered":"http:\/\/biblioteka-milicz.pl\/?p=135"},"modified":"2022-02-23T11:22:25","modified_gmt":"2022-02-23T10:22:25","slug":"test","status":"publish","type":"post","link":"http:\/\/biblioteka-milicz.pl\/index.php\/2021\/03\/19\/test\/","title":{"rendered":"Wa\u017cna informacja!"},"content":{"rendered":"\n<p>Ze wzgl\u0119du na trudna sytuacj\u0119 epidemiczn\u0105 informujemy, \u017ce z dniem 20 marca wszystkie plac\u00f3wki Biblioteki Publicznej w Miliczu tj. Wypo\u017cyczalnia dla doros\u0142ych, Oddzia\u0142 Dzieci\u0119cy oraz filie biblioteczne w Su\u0142owie, Czatkowicach, G\u0105dkowicach, Potaszni oraz Dunkowej b\u0119d\u0105 nieczynne do odwo\u0142ania.<\/p>\n","protected":false},"excerpt":{"rendered":"<p>Ze wzgl\u0119du na trudna sytuacj\u0119 epidemiczn\u0105 informujemy, \u017ce z dniem 20 marca wszystkie plac\u00f3wki Biblioteki Publicznej w Miliczu tj. Wypo\u017cyczalnia dla doros\u0142ych, Oddzia\u0142 Dzieci\u0119cy oraz filie biblioteczne w Su\u0142owie, Czatkowicach, G\u0105dkowicach, Potaszni oraz Dunkowej&#46;&#46;&#46;<\/p>\n","protected":false},"author":1,"featured_media":157,"comment_status":"closed","ping_status":"open","sticky":false,"template":"","format":"standard","meta":{"_uag_custom_page_level_css":"","footnotes":""},"categories":[3],"tags":[],"class_list":["post-135","post","type-post","status-publish","format-standard","has-post-thumbnail","hentry","category-aktualnosci"],"uagb_featured_image_src":{"full":["http:\/\/biblioteka-milicz.pl\/wp-content\/uploads\/2022\/02\/Komunikat2003.jpg",200,113,false],"thumbnail":["http:\/\/biblioteka-milicz.pl\/wp-content\/uploads\/2022\/02\/Komunikat2003-150x113.jpg",150,113,true],"medium":["http:\/\/biblioteka-milicz.pl\/wp-content\/uploads\/2022\/02\/Komunikat2003.jpg",200,113,false],"medium_large":["http:\/\/biblioteka-milicz.pl\/wp-content\/uploads\/2022\/02\/Komunikat2003.jpg",200,113,false],"large":["http:\/\/biblioteka-milicz.pl\/wp-content\/uploads\/2022\/02\/Komunikat2003.jpg",200,113,false],"1536x1536":["http:\/\/biblioteka-milicz.pl\/wp-content\/uploads\/2022\/02\/Komunikat2003.jpg",200,113,false],"2048x2048":["http:\/\/biblioteka-milicz.pl\/wp-content\/uploads\/2022\/02\/Komunikat2003.jpg",200,113,false],"thumb-small":["http:\/\/biblioteka-milicz.pl\/wp-content\/uploads\/2022\/02\/Komunikat2003-80x80.jpg",80,80,true],"thumb-standard":["http:\/\/biblioteka-milicz.pl\/wp-content\/uploads\/2022\/02\/Komunikat2003.jpg",200,113,false],"thumb-medium":["http:\/\/biblioteka-milicz.pl\/wp-content\/uploads\/2022\/02\/Komunikat2003.jpg",200,113,false],"thumb-large":["http:\/\/biblioteka-milicz.pl\/wp-content\/uploads\/2022\/02\/Komunikat2003.jpg",200,113,false],"thumb-xlarge":["http:\/\/biblioteka-milicz.pl\/wp-content\/uploads\/2022\/02\/Komunikat2003.jpg",200,113,false],"thumb-xxlarge":["http:\/\/biblioteka-milicz.pl\/wp-content\/uploads\/2022\/02\/Komunikat2003.jpg",200,113,false]},"uagb_author_info":{"display_name":"admin","author_link":"http:\/\/biblioteka-milicz.pl\/index.php\/author\/admin\/"},"uagb_comment_info":0,"uagb_excerpt":"Ze wzgl\u0119du na trudna sytuacj\u0119 epidemiczn\u0105 informujemy, \u017ce z dniem 20 marca wszystkie plac\u00f3wki Biblioteki Publicznej w Miliczu tj. Wypo\u017cyczalnia dla doros\u0142ych, Oddzia\u0142 Dzieci\u0119cy oraz filie biblioteczne w Su\u0142owie, Czatkowicach, G\u0105dkowicach, Potaszni oraz Dunkowej&#46;&#46;&#46;","_links":{"self":[{"href":"http:\/\/biblioteka-milicz.pl\/index.php\/wp-json\/wp\/v2\/posts\/135","targetHints":{"allow":["GET"]}}],"collection":[{"href":"http:\/\/biblioteka-milicz.pl\/index.php\/wp-json\/wp\/v2\/posts"}],"about":[{"href":"http:\/\/biblioteka-milicz.pl\/index.php\/wp-json\/wp\/v2\/types\/post"}],"author":[{"embeddable":true,"href":"http:\/\/biblioteka-milicz.pl\/index.php\/wp-json\/wp\/v2\/users\/1"}],"replies":[{"embeddable":true,"href":"http:\/\/biblioteka-milicz.pl\/index.php\/wp-json\/wp\/v2\/comments?post=135"}],"version-history":[{"count":2,"href":"http:\/\/biblioteka-milicz.pl\/index.php\/wp-json\/wp\/v2\/posts\/135\/revisions"}],"predecessor-version":[{"id":158,"href":"http:\/\/biblioteka-milicz.pl\/index.php\/wp-json\/wp\/v2\/posts\/135\/revisions\/158"}],"wp:featuredmedia":[{"embeddable":true,"href":"http:\/\/biblioteka-milicz.pl\/index.php\/wp-json\/wp\/v2\/media\/157"}],"wp:attachment":[{"href":"http:\/\/biblioteka-milicz.pl\/index.php\/wp-json\/wp\/v2\/media?parent=135"}],"wp:term":[{"taxonomy":"category","embeddable":true,"href":"http:\/\/biblioteka-milicz.pl\/index.php\/wp-json\/wp\/v2\/categories?post=135"},{"taxonomy":"post_tag","embeddable":true,"href":"http:\/\/biblioteka-milicz.pl\/index.php\/wp-json\/wp\/v2\/tags?post=135"}],"curies":[{"name":"wp","href":"https:\/\/api.w.org\/{rel}","templated":true}]}}