{"id":121,"date":"2021-07-02T19:38:00","date_gmt":"2021-07-02T17:38:00","guid":{"rendered":"http:\/\/biblioteka-milicz.pl\/?p=121"},"modified":"2022-02-23T11:17:12","modified_gmt":"2022-02-23T10:17:12","slug":"powrot-przepisnika","status":"publish","type":"post","link":"http:\/\/biblioteka-milicz.pl\/index.php\/2021\/07\/02\/powrot-przepisnika\/","title":{"rendered":"Powr\u00f3t Przepi\u015bnika"},"content":{"rendered":"\n<p class=\"has-text-align-justify\">Po d\u0142ugiej przerwie, spowodowanej pandemi\u0105, 1 lipca mog\u0142y si\u0119 wreszcie spotka\u0107 cz\u0142onkinie klubu czytelniczego Przepi\u015bnik. Czytelnia filii bibliotecznej w Su\u0142owie na nowo rozbrzmia\u0142a g\u0142osami pa\u0144, kt\u00f3re przysz\u0142y na czwartkowe spotkanie. Jako \u017ce zbieg\u0142o si\u0119 ono z zakupem wielu nowo\u015bci, to entuzjazm czytelniczek by\u0142 podw\u00f3jny. Ka\u017cda wybra\u0142a dla siebie po kilka ksi\u0105\u017cek i wtedy by\u0142 ju\u017c czas na wspomnienia i rozmowy o \u017cyciu. Upalna aura chyba troch\u0119 sprowokowa\u0142a temat &#8222;letniej &#8222;kuchni, bo raz poruszony, zdominowa\u0142 dyskusj\u0119 przy czytelnianym stole. Tym te\u017c sposobem wzbogaci\u0142y\u015bmy swoj\u0105 wiedz\u0119 na temat zup owocowych i ch\u0142odnik\u00f3w. Bo kto m\u00f3g\u0142 podejrzewa\u0107 ,\u017ce do zupy owocowej opr\u00f3cz go\u017adzik\u00f3w i cynamonu nale\u017cy doda\u0107 odrobin\u0119 \u2026spirytusu ?! Czas tak szybko p\u0142ynie, \u017ce nawet nie spostrzeg\u0142y\u015bmy, kiedy wybi\u0142a godzina 17:00. Kolejne spotkanie zaplanowano na 29 lipca 2021. Do zobaczenia za miesi\u0105c!<\/p>\n","protected":false},"excerpt":{"rendered":"<p>Po d\u0142ugiej przerwie, spowodowanej pandemi\u0105, 1 lipca mog\u0142y si\u0119 wreszcie spotka\u0107 cz\u0142onkinie klubu czytelniczego Przepi\u015bnik. Czytelnia filii bibliotecznej w Su\u0142owie na nowo rozbrzmia\u0142a g\u0142osami pa\u0144, kt\u00f3re przysz\u0142y na czwartkowe spotkanie. Jako \u017ce zbieg\u0142o si\u0119&#46;&#46;&#46;<\/p>\n","protected":false},"author":1,"featured_media":153,"comment_status":"closed","ping_status":"open","sticky":false,"template":"","format":"standard","meta":{"_uag_custom_page_level_css":"","footnotes":""},"categories":[3],"tags":[],"class_list":["post-121","post","type-post","status-publish","format-standard","has-post-thumbnail","hentry","category-aktualnosci"],"uagb_featured_image_src":{"full":["http:\/\/biblioteka-milicz.pl\/wp-content\/uploads\/2021\/07\/Przepisnik_VII.jpg",1080,810,false],"thumbnail":["http:\/\/biblioteka-milicz.pl\/wp-content\/uploads\/2021\/07\/Przepisnik_VII-150x150.jpg",150,150,true],"medium":["http:\/\/biblioteka-milicz.pl\/wp-content\/uploads\/2021\/07\/Przepisnik_VII-300x225.jpg",300,225,true],"medium_large":["http:\/\/biblioteka-milicz.pl\/wp-content\/uploads\/2021\/07\/Przepisnik_VII-768x576.jpg",768,576,true],"large":["http:\/\/biblioteka-milicz.pl\/wp-content\/uploads\/2021\/07\/Przepisnik_VII-1024x768.jpg",1024,768,true],"1536x1536":["http:\/\/biblioteka-milicz.pl\/wp-content\/uploads\/2021\/07\/Przepisnik_VII.jpg",1080,810,false],"2048x2048":["http:\/\/biblioteka-milicz.pl\/wp-content\/uploads\/2021\/07\/Przepisnik_VII.jpg",1080,810,false],"thumb-small":["http:\/\/biblioteka-milicz.pl\/wp-content\/uploads\/2021\/07\/Przepisnik_VII-80x80.jpg",80,80,true],"thumb-standard":["http:\/\/biblioteka-milicz.pl\/wp-content\/uploads\/2021\/07\/Przepisnik_VII-320x320.jpg",320,320,true],"thumb-medium":["http:\/\/biblioteka-milicz.pl\/wp-content\/uploads\/2021\/07\/Przepisnik_VII-520x245.jpg",520,245,true],"thumb-large":["http:\/\/biblioteka-milicz.pl\/wp-content\/uploads\/2021\/07\/Przepisnik_VII-720x340.jpg",720,340,true],"thumb-xlarge":["http:\/\/biblioteka-milicz.pl\/wp-content\/uploads\/2021\/07\/Przepisnik_VII-980x450.jpg",980,450,true],"thumb-xxlarge":["http:\/\/biblioteka-milicz.pl\/wp-content\/uploads\/2021\/07\/Przepisnik_VII-1080x500.jpg",1080,500,true]},"uagb_author_info":{"display_name":"admin","author_link":"http:\/\/biblioteka-milicz.pl\/index.php\/author\/admin\/"},"uagb_comment_info":0,"uagb_excerpt":"Po d\u0142ugiej przerwie, spowodowanej pandemi\u0105, 1 lipca mog\u0142y si\u0119 wreszcie spotka\u0107 cz\u0142onkinie klubu czytelniczego Przepi\u015bnik. Czytelnia filii bibliotecznej w Su\u0142owie na nowo rozbrzmia\u0142a g\u0142osami pa\u0144, kt\u00f3re przysz\u0142y na czwartkowe spotkanie. Jako \u017ce zbieg\u0142o si\u0119&#46;&#46;&#46;","_links":{"self":[{"href":"http:\/\/biblioteka-milicz.pl\/index.php\/wp-json\/wp\/v2\/posts\/121","targetHints":{"allow":["GET"]}}],"collection":[{"href":"http:\/\/biblioteka-milicz.pl\/index.php\/wp-json\/wp\/v2\/posts"}],"about":[{"href":"http:\/\/biblioteka-milicz.pl\/index.php\/wp-json\/wp\/v2\/types\/post"}],"author":[{"embeddable":true,"href":"http:\/\/biblioteka-milicz.pl\/index.php\/wp-json\/wp\/v2\/users\/1"}],"replies":[{"embeddable":true,"href":"http:\/\/biblioteka-milicz.pl\/index.php\/wp-json\/wp\/v2\/comments?post=121"}],"version-history":[{"count":1,"href":"http:\/\/biblioteka-milicz.pl\/index.php\/wp-json\/wp\/v2\/posts\/121\/revisions"}],"predecessor-version":[{"id":122,"href":"http:\/\/biblioteka-milicz.pl\/index.php\/wp-json\/wp\/v2\/posts\/121\/revisions\/122"}],"wp:featuredmedia":[{"embeddable":true,"href":"http:\/\/biblioteka-milicz.pl\/index.php\/wp-json\/wp\/v2\/media\/153"}],"wp:attachment":[{"href":"http:\/\/biblioteka-milicz.pl\/index.php\/wp-json\/wp\/v2\/media?parent=121"}],"wp:term":[{"taxonomy":"category","embeddable":true,"href":"http:\/\/biblioteka-milicz.pl\/index.php\/wp-json\/wp\/v2\/categories?post=121"},{"taxonomy":"post_tag","embeddable":true,"href":"http:\/\/biblioteka-milicz.pl\/index.php\/wp-json\/wp\/v2\/tags?post=121"}],"curies":[{"name":"wp","href":"https:\/\/api.w.org\/{rel}","templated":true}]}}